{"id":16136,"date":"2022-05-10T01:03:08","date_gmt":"2022-05-10T04:03:08","guid":{"rendered":"https:\/\/revistaepocadigital.com.ar\/?p=16136"},"modified":"2022-05-12T23:24:19","modified_gmt":"2022-05-13T02:24:19","slug":"conta-con-tus-dni-y-pasaporte","status":"publish","type":"post","link":"https:\/\/revistaepocadigital.com.ar\/?p=16136","title":{"rendered":"CONT\u00c1 CON TUS DNI Y PASAPORTE. HOY viernes EN PAV\u00d3N"},"content":{"rendered":"<div class=\"kvgmc6g5 cxmmr5t8 oygrvhab hcukyx3x c1et5uql ii04i59q\">\n<div dir=\"auto\">\n<p><strong><strong>OPERATIVO DE RENAPER EN EL DISTRITO.<\/strong><\/strong><\/p>\n<div class=\"kvgmc6g5 cxmmr5t8 oygrvhab hcukyx3x c1et5uql ii04i59q\">\n<div dir=\"auto\"><\/div>\n<\/div>\n<p><!--more--><\/p>\n<\/div>\n<div dir=\"auto\"><\/div>\n<div dir=\"auto\">El presidente del HCD, Emmanuel Mart\u00ednez hizo saber que hasta el viernes 13, los vecinos de Exaltaci\u00f3n de la Cruz puedenn acceder al operativo de RENAPER en Exaltaci\u00f3n de la Cruz.<\/div>\n<\/div>\n<p>Los horarios de atenci\u00f3n son de 9 a 17 horas por orden de llegada y cupos limitados por producci\u00f3n.<\/p>\n<div class=\"cxmmr5t8 oygrvhab hcukyx3x c1et5uql o9v6fnle ii04i59q\">\n<div dir=\"auto\">El costo del tr\u00e1mite para DNI es de $300 pesos y el pasaporte $4.000, y se puede pagar con c\u00f3digo QR o efectivo.<\/div>\n<div dir=\"auto\"><\/div>\n<\/div>\n<div dir=\"auto\"><img loading=\"lazy\" decoding=\"async\" class=\"aligncenter size-full wp-image-16137\" src=\"https:\/\/revistaepocadigital.com.ar\/wp-content\/uploads\/2022\/05\/280185035_541489937564607_6014354249680537287_n.jpg\" alt=\"\" width=\"526\" height=\"526\" srcset=\"https:\/\/revistaepocadigital.com.ar\/wp-content\/uploads\/2022\/05\/280185035_541489937564607_6014354249680537287_n.jpg 526w, https:\/\/revistaepocadigital.com.ar\/wp-content\/uploads\/2022\/05\/280185035_541489937564607_6014354249680537287_n-300x300.jpg 300w, https:\/\/revistaepocadigital.com.ar\/wp-content\/uploads\/2022\/05\/280185035_541489937564607_6014354249680537287_n-150x150.jpg 150w, https:\/\/revistaepocadigital.com.ar\/wp-content\/uploads\/2022\/05\/280185035_541489937564607_6014354249680537287_n-420x420.jpg 420w\" sizes=\"auto, (max-width: 526px) 100vw, 526px\" \/><\/div>\n","protected":false},"excerpt":{"rendered":"<p>OPERATIVO DE RENAPER EN EL DISTRITO.<\/p>\n","protected":false},"author":3,"featured_media":16137,"comment_status":"open","ping_status":"open","sticky":false,"template":"","format":"standard","meta":{"footnotes":"","jetpack_publicize_message":"","jetpack_publicize_feature_enabled":true,"jetpack_social_post_already_shared":true,"jetpack_social_options":{"image_generator_settings":{"template":"highway","default_image_id":0,"font":"","enabled":false},"version":2}},"categories":[6],"tags":[1888,1887],"class_list":["post-16136","post","type-post","status-publish","format-standard","has-post-thumbnail","hentry","category-barrios","tag-dni","tag-renaper"],"jetpack_publicize_connections":[],"jetpack_featured_media_url":"https:\/\/revistaepocadigital.com.ar\/wp-content\/uploads\/2022\/05\/280185035_541489937564607_6014354249680537287_n.jpg","jetpack_likes_enabled":true,"_links":{"self":[{"href":"https:\/\/revistaepocadigital.com.ar\/index.php?rest_route=\/wp\/v2\/posts\/16136","targetHints":{"allow":["GET"]}}],"collection":[{"href":"https:\/\/revistaepocadigital.com.ar\/index.php?rest_route=\/wp\/v2\/posts"}],"about":[{"href":"https:\/\/revistaepocadigital.com.ar\/index.php?rest_route=\/wp\/v2\/types\/post"}],"author":[{"embeddable":true,"href":"https:\/\/revistaepocadigital.com.ar\/index.php?rest_route=\/wp\/v2\/users\/3"}],"replies":[{"embeddable":true,"href":"https:\/\/revistaepocadigital.com.ar\/index.php?rest_route=%2Fwp%2Fv2%2Fcomments&post=16136"}],"version-history":[{"count":0,"href":"https:\/\/revistaepocadigital.com.ar\/index.php?rest_route=\/wp\/v2\/posts\/16136\/revisions"}],"wp:featuredmedia":[{"embeddable":true,"href":"https:\/\/revistaepocadigital.com.ar\/index.php?rest_route=\/wp\/v2\/media\/16137"}],"wp:attachment":[{"href":"https:\/\/revistaepocadigital.com.ar\/index.php?rest_route=%2Fwp%2Fv2%2Fmedia&parent=16136"}],"wp:term":[{"taxonomy":"category","embeddable":true,"href":"https:\/\/revistaepocadigital.com.ar\/index.php?rest_route=%2Fwp%2Fv2%2Fcategories&post=16136"},{"taxonomy":"post_tag","embeddable":true,"href":"https:\/\/revistaepocadigital.com.ar\/index.php?rest_route=%2Fwp%2Fv2%2Ftags&post=16136"}],"curies":[{"name":"wp","href":"https:\/\/api.w.org\/{rel}","templated":true}]}}