{"id":16156,"date":"2022-05-11T19:29:30","date_gmt":"2022-05-11T22:29:30","guid":{"rendered":"https:\/\/revistaepocadigital.com.ar\/?p=16156"},"modified":"2022-05-11T19:29:30","modified_gmt":"2022-05-11T22:29:30","slug":"comprar-un-auto-con-sobreprecio-o-esperar-a-que-se-calmen-las-aguas","status":"publish","type":"post","link":"https:\/\/revistaepocadigital.com.ar\/?p=16156","title":{"rendered":"\u00bfComprar un auto con sobreprecio o esperar a que se calmen las aguas?"},"content":{"rendered":"<div dir=\"ltr\"><strong><em>\u00abDEPENDE DE CADA USUARIO\u00bb<\/em>.<\/strong><\/div>\n<p><!--more--><\/p>\n<p>&nbsp;<\/p>\n<div dir=\"ltr\">Sostiene <strong>Claudio Marcelo Dato (\u00ba), consultor<\/strong> en<strong> Gesti\u00f3n Plus<\/strong>, <em>\u00absin dudas lo ideal es no pagar un valor superior al precio al p\u00fablico, para que la actual situaci\u00f3n coyuntural en el mercado, que dicho sea de paso como muchos pueden recordar no es la primera, no se transforme en una costumbre\u00bb.<\/em><\/div>\n<div dir=\"ltr\"><\/div>\n<div dir=\"ltr\">\n<figure id=\"attachment_179682\" class=\"wp-caption alignleft\" aria-describedby=\"caption-attachment-179682\"><a class=\"td-modal-image\" href=\"https:\/\/i0.wp.com\/visionauto.com.ar\/wp-content\/uploads\/2022\/05\/dato.....jpg1_.jpg?ssl=1\"><img loading=\"lazy\" decoding=\"async\" class=\"size-full wp-image-179682 lazy loaded td-animation-stack-type0-2\" src=\"https:\/\/i0.wp.com\/visionauto.com.ar\/wp-content\/uploads\/2022\/05\/dato.....jpg1_.jpg?resize=140%2C140&amp;ssl=1\" alt=\"\" width=\"140\" height=\"140\" data-src=\"https:\/\/i0.wp.com\/visionauto.com.ar\/wp-content\/uploads\/2022\/05\/dato.....jpg1_.jpg?resize=140%2C140&amp;ssl=1\" data-was-processed=\"true\" \/><\/a><figcaption id=\"caption-attachment-179682\" class=\"wp-caption-text\">Claudio Dato.<\/figcaption><\/figure>\n<p>\u00ab<em>El momento de la compra de un veh\u00edculo 0 Km depende de cada usuario. Entonces a aquellos clientes que a\u00fan pueden continuar con su unidad actual, se les recomienda aguardar a que la situaci\u00f3n se normalice. Ahora bien, aquellos que deban comprar una unidad, y no pueden aguardar ya sea por necesidad de ampliar una flota comercial, o reemplazar su unidad actual por vejez o a modo de inversi\u00f3n, no les queda otra que comprar con un precio superior al sugerido\u00bb<\/em>, dice el especialista.<\/p>\n<\/div>\n<div dir=\"ltr\"><\/div>\n<div dir=\"ltr\"><img loading=\"lazy\" decoding=\"async\" class=\"alignleft size-large wp-image-179680 lazy loaded td-animation-stack-type0-2\" src=\"https:\/\/i0.wp.com\/visionauto.com.ar\/wp-content\/uploads\/2022\/05\/sobreprecios-autoss.jpg?resize=640%2C427&amp;ssl=1\" sizes=\"auto, (max-width: 640px) 100vw, 640px\" srcset=\"https:\/\/i0.wp.com\/visionauto.com.ar\/wp-content\/uploads\/2022\/05\/sobreprecios-autoss.jpg?resize=1024%2C683&amp;ssl=1 1024w, https:\/\/i0.wp.com\/visionauto.com.ar\/wp-content\/uploads\/2022\/05\/sobreprecios-autoss.jpg?resize=300%2C200&amp;ssl=1 300w, https:\/\/i0.wp.com\/visionauto.com.ar\/wp-content\/uploads\/2022\/05\/sobreprecios-autoss.jpg?resize=768%2C512&amp;ssl=1 768w, https:\/\/i0.wp.com\/visionauto.com.ar\/wp-content\/uploads\/2022\/05\/sobreprecios-autoss.jpg?resize=630%2C420&amp;ssl=1 630w, https:\/\/i0.wp.com\/visionauto.com.ar\/wp-content\/uploads\/2022\/05\/sobreprecios-autoss.jpg?resize=640%2C427&amp;ssl=1 640w, https:\/\/i0.wp.com\/visionauto.com.ar\/wp-content\/uploads\/2022\/05\/sobreprecios-autoss.jpg?resize=681%2C454&amp;ssl=1 681w, https:\/\/i0.wp.com\/visionauto.com.ar\/wp-content\/uploads\/2022\/05\/sobreprecios-autoss.jpg?w=1366&amp;ssl=1 1366w, https:\/\/i0.wp.com\/visionauto.com.ar\/wp-content\/uploads\/2022\/05\/sobreprecios-autoss.jpg?w=1280&amp;ssl=1 1280w\" alt=\"\" width=\"640\" height=\"427\" data-src=\"https:\/\/i0.wp.com\/visionauto.com.ar\/wp-content\/uploads\/2022\/05\/sobreprecios-autoss.jpg?resize=640%2C427&amp;ssl=1\" data-srcset=\"https:\/\/i0.wp.com\/visionauto.com.ar\/wp-content\/uploads\/2022\/05\/sobreprecios-autoss.jpg?resize=1024%2C683&amp;ssl=1 1024w, https:\/\/i0.wp.com\/visionauto.com.ar\/wp-content\/uploads\/2022\/05\/sobreprecios-autoss.jpg?resize=300%2C200&amp;ssl=1 300w, https:\/\/i0.wp.com\/visionauto.com.ar\/wp-content\/uploads\/2022\/05\/sobreprecios-autoss.jpg?resize=768%2C512&amp;ssl=1 768w, https:\/\/i0.wp.com\/visionauto.com.ar\/wp-content\/uploads\/2022\/05\/sobreprecios-autoss.jpg?resize=630%2C420&amp;ssl=1 630w, https:\/\/i0.wp.com\/visionauto.com.ar\/wp-content\/uploads\/2022\/05\/sobreprecios-autoss.jpg?resize=640%2C427&amp;ssl=1 640w, https:\/\/i0.wp.com\/visionauto.com.ar\/wp-content\/uploads\/2022\/05\/sobreprecios-autoss.jpg?resize=681%2C454&amp;ssl=1 681w, https:\/\/i0.wp.com\/visionauto.com.ar\/wp-content\/uploads\/2022\/05\/sobreprecios-autoss.jpg?w=1366&amp;ssl=1 1366w, https:\/\/i0.wp.com\/visionauto.com.ar\/wp-content\/uploads\/2022\/05\/sobreprecios-autoss.jpg?w=1280&amp;ssl=1 1280w\" data-sizes=\"(max-width: 640px) 100vw, 640px\" data-recalc-dims=\"1\" data-was-processed=\"true\" \/><\/div>\n<p>&nbsp;<\/p>\n<p>&nbsp;<\/p>\n<p>&nbsp;<\/p>\n<p>&nbsp;<\/p>\n<p>&nbsp;<\/p>\n<p>&nbsp;<\/p>\n<p>&nbsp;<\/p>\n<p>&nbsp;<\/p>\n<p>&nbsp;<\/p>\n<p><em>\u00abPensemos que la industria automotriz argentina<\/em> -considera- <em>podr\u00eda superar holgadamente las 400 mil unidades vendidas en 2022, sin embargo, dif\u00edcilmente ocurra por la falta de productos. Esa ausencia de oferta en los hechos, es debido a la falta de d\u00f3lares para pagarlos por parte de las automotrices\u00bb.<\/em><\/p>\n<div dir=\"ltr\"><\/div>\n<div dir=\"ltr\">\u00bfCu\u00e1nto va a durar esta situaci\u00f3n?, pregunta\u00a0 <strong>EPOCA\u00a0<\/strong>a <strong>Dato,<\/strong><em> \u00abes la gran inc\u00f3gnita, ya que si no hay disponibilidad de divisas para abonar esas unidades, sin olvidar el presente de los autopartistas, continuar\u00e1n las restricciones y por ende la falta de veh\u00edculos para vender\u00bb.<\/em><\/div>\n<div dir=\"ltr\"><\/div>\n<div dir=\"ltr\"><em>\u00abSin ser economista<\/em> -admite-, <em>todo hace pensar que por el momento la situaci\u00f3n econ\u00f3mica, as\u00ed como la disponibilidad de moneda extranjera no es un punto de f\u00e1cil y r\u00e1pida soluci\u00f3n.<\/em><\/div>\n<div dir=\"ltr\"><em>El gran interrogante es si el momento que se atraviesa, no se solucion\u00f3 con la entrada de d\u00f3lares producto de la venta de la cosecha gruesa que finaliza en julio pr\u00f3ximo, parecer\u00eda que deber\u00edamos aguardar hasta 2023. Siempre que un plan econ\u00f3mico acorde acompa\u00f1e. Un gran dilema \u2026\u00bb.<\/em><\/div>\n<div dir=\"ltr\"><\/div>\n<div dir=\"ltr\">Foto portada: gentileza iprofesional.com<\/div>\n<div dir=\"ltr\"><\/div>\n<div dir=\"ltr\">\n<div class=\"td-a-rec td-a-rec-id-content_inline  td-rec-hide-on-tp td-rec-hide-on-p td_uid_3_627c3115365ae_rand td_block_template_1\">\n<div class=\"td-all-devices\"><\/div>\n<\/div>\n<p><strong>(\u00ba)<\/strong> Claudio Marcelo Dato, 58 a\u00f1os, ingeniero mec\u00e1nico. M\u00e1s de 35 a\u00f1os de trabajo en la industria automotriz, en especial en el \u00e1rea comercial desde 2001 al presente. Se desempe\u00f1\u00f3 durante 29 a\u00f1os en Volkswagen Argentina.<\/p>\n<\/div>\n<div dir=\"ltr\"><\/div>\n<div id=\"jp-relatedposts\" class=\"jp-relatedposts\"><\/div>\n","protected":false},"excerpt":{"rendered":"<p>\u00abDEPENDE DE CADA USUARIO\u00bb.<\/p>\n","protected":false},"author":4,"featured_media":16158,"comment_status":"open","ping_status":"open","sticky":false,"template":"","format":"standard","meta":{"footnotes":"","jetpack_publicize_message":"","jetpack_publicize_feature_enabled":true,"jetpack_social_post_already_shared":true,"jetpack_social_options":{"image_generator_settings":{"template":"highway","default_image_id":0,"font":"","enabled":false},"version":2}},"categories":[1081],"tags":[37,1889,1890],"class_list":["post-16156","post","type-post","status-publish","format-standard","has-post-thumbnail","hentry","category-autos-en-epoca","tag-destacada","tag-mercado-automotor","tag-precios"],"jetpack_publicize_connections":[],"jetpack_featured_media_url":"https:\/\/revistaepocadigital.com.ar\/wp-content\/uploads\/2022\/05\/sobreprecios22.webp","jetpack_likes_enabled":true,"_links":{"self":[{"href":"https:\/\/revistaepocadigital.com.ar\/index.php?rest_route=\/wp\/v2\/posts\/16156","targetHints":{"allow":["GET"]}}],"collection":[{"href":"https:\/\/revistaepocadigital.com.ar\/index.php?rest_route=\/wp\/v2\/posts"}],"about":[{"href":"https:\/\/revistaepocadigital.com.ar\/index.php?rest_route=\/wp\/v2\/types\/post"}],"author":[{"embeddable":true,"href":"https:\/\/revistaepocadigital.com.ar\/index.php?rest_route=\/wp\/v2\/users\/4"}],"replies":[{"embeddable":true,"href":"https:\/\/revistaepocadigital.com.ar\/index.php?rest_route=%2Fwp%2Fv2%2Fcomments&post=16156"}],"version-history":[{"count":0,"href":"https:\/\/revistaepocadigital.com.ar\/index.php?rest_route=\/wp\/v2\/posts\/16156\/revisions"}],"wp:featuredmedia":[{"embeddable":true,"href":"https:\/\/revistaepocadigital.com.ar\/index.php?rest_route=\/wp\/v2\/media\/16158"}],"wp:attachment":[{"href":"https:\/\/revistaepocadigital.com.ar\/index.php?rest_route=%2Fwp%2Fv2%2Fmedia&parent=16156"}],"wp:term":[{"taxonomy":"category","embeddable":true,"href":"https:\/\/revistaepocadigital.com.ar\/index.php?rest_route=%2Fwp%2Fv2%2Fcategories&post=16156"},{"taxonomy":"post_tag","embeddable":true,"href":"https:\/\/revistaepocadigital.com.ar\/index.php?rest_route=%2Fwp%2Fv2%2Ftags&post=16156"}],"curies":[{"name":"wp","href":"https:\/\/api.w.org\/{rel}","templated":true}]}}