{"id":16202,"date":"2022-05-13T17:06:27","date_gmt":"2022-05-13T20:06:27","guid":{"rendered":"https:\/\/revistaepocadigital.com.ar\/?p=16202"},"modified":"2022-05-13T17:48:03","modified_gmt":"2022-05-13T20:48:03","slug":"nanni-y-boubeta-con-anibal-fernandez-la-bendita-seguridad-en-el-centro-de-la-mesa","status":"publish","type":"post","link":"https:\/\/revistaepocadigital.com.ar\/?p=16202","title":{"rendered":"NANNI Y BOUBETTA CON ANIBAL FERN\u00c1NDEZ. LA BENDITA SEGURIDAD EN EL CENTRO DE LA MESA"},"content":{"rendered":"<div class=\"cxmmr5t8 oygrvhab hcukyx3x c1et5uql o9v6fnle ii04i59q\">\n<div dir=\"auto\"><\/div>\n<div dir=\"auto\"><strong>UNO DE LOS GRANDES TEMAS QUE PREOCUPAN A LA POBLACI\u00d3N.<!--more--><\/strong><\/div>\n<div dir=\"auto\"><\/div>\n<div dir=\"auto\">El intendente Diego Nanni y el secretario de seguridad del municipio de Exaltaci\u00f3n de la Cruz, Juan Manuel Boubetta, se reunieron con el ministro de seguridad del gobierno nacional, Anibal Fern\u00e1ndez.<\/div>\n<\/div>\n<div dir=\"auto\"><\/div>\n<div dir=\"auto\">El encuentro se apoy\u00f3 en tratar temas en materia de seguridad, aspecto vital para la gente en medio de la reiteraci\u00f3n de hechos delictivos que se vienen sucediendo desde hace a\u00f1os, lamentablemente.<\/div>\n<div dir=\"auto\"><\/div>\n<div class=\"cxmmr5t8 oygrvhab hcukyx3x c1et5uql o9v6fnle ii04i59q\">\n<div dir=\"auto\">Fern\u00e1ndez, Nanni y Boubetta, hablaron sobre la implementaci\u00f3n del Plan Nacional para la planificaci\u00f3n y gesti\u00f3n local de la seguridad ciudadana. En tal sentido, se resolvi\u00f3 incrementar la instalaci\u00f3n de c\u00e1maras en la v\u00eda p\u00fablica, aumentando un 30% respecto a las colocadas y en funcionamiento en la actualidad. De esa forma, aguardan en la municipalidad, disponer de un total de 300 c\u00e1maras instaladas y monitoreadas.<\/div>\n<div dir=\"auto\"><\/div>\n<div dir=\"auto\">El ministro decidi\u00f3 a su vez, disponer de m\u00e1s recursos para Exaltaci\u00f3n de la Cruz, con el objetivo de llevar adelante una planificaci\u00f3n local en cuanto a tareas de prevenci\u00f3n en todas las localidades.<\/div>\n<div dir=\"auto\"><\/div>\n<\/div>\n<div class=\"cxmmr5t8 oygrvhab hcukyx3x c1et5uql o9v6fnle ii04i59q\">\n<div dir=\"auto\">En la agenda de Nanni, tambi\u00e9n figur\u00f3 la solicitud del env\u00edo de fuerzas de seguridad nacionales, que por el momento no se concretar\u00e1 debido a encontrarse apostadas en varios puntos del pa\u00eds, abocadas a tareas de prevenci\u00f3n y cuidados. Nanni ha venido gestionando para modernizar y dotar de herramientas a las fuerzas locales, y al Centro de Apoyo Vecinal, a modo de ofrecer salidas a los vecinos del distrito, ante posibles hechos de inseguridad.<\/div>\n<\/div>\n<div dir=\"auto\"><\/div>\n<div dir=\"auto\"><\/div>\n","protected":false},"excerpt":{"rendered":"<p>UNO DE LOS GRANDES TEMAS QUE PREOCUPAN A LA POBLACI\u00d3N.<\/p>\n","protected":false},"author":3,"featured_media":16205,"comment_status":"open","ping_status":"open","sticky":false,"template":"","format":"standard","meta":{"footnotes":"","jetpack_publicize_message":"","jetpack_publicize_feature_enabled":true,"jetpack_social_post_already_shared":true,"jetpack_social_options":{"image_generator_settings":{"template":"highway","default_image_id":0,"font":"","enabled":false},"version":2}},"categories":[16,17],"tags":[1896,149],"class_list":["post-16202","post","type-post","status-publish","format-standard","has-post-thumbnail","hentry","category-municipales","category-politica","tag-anibal-fernandez-nanni","tag-seguridad"],"jetpack_publicize_connections":[],"jetpack_featured_media_url":"https:\/\/revistaepocadigital.com.ar\/wp-content\/uploads\/2022\/05\/FERNANDEZ-NANNI-BOUBE22.jpg","jetpack_likes_enabled":true,"_links":{"self":[{"href":"https:\/\/revistaepocadigital.com.ar\/index.php?rest_route=\/wp\/v2\/posts\/16202","targetHints":{"allow":["GET"]}}],"collection":[{"href":"https:\/\/revistaepocadigital.com.ar\/index.php?rest_route=\/wp\/v2\/posts"}],"about":[{"href":"https:\/\/revistaepocadigital.com.ar\/index.php?rest_route=\/wp\/v2\/types\/post"}],"author":[{"embeddable":true,"href":"https:\/\/revistaepocadigital.com.ar\/index.php?rest_route=\/wp\/v2\/users\/3"}],"replies":[{"embeddable":true,"href":"https:\/\/revistaepocadigital.com.ar\/index.php?rest_route=%2Fwp%2Fv2%2Fcomments&post=16202"}],"version-history":[{"count":0,"href":"https:\/\/revistaepocadigital.com.ar\/index.php?rest_route=\/wp\/v2\/posts\/16202\/revisions"}],"wp:featuredmedia":[{"embeddable":true,"href":"https:\/\/revistaepocadigital.com.ar\/index.php?rest_route=\/wp\/v2\/media\/16205"}],"wp:attachment":[{"href":"https:\/\/revistaepocadigital.com.ar\/index.php?rest_route=%2Fwp%2Fv2%2Fmedia&parent=16202"}],"wp:term":[{"taxonomy":"category","embeddable":true,"href":"https:\/\/revistaepocadigital.com.ar\/index.php?rest_route=%2Fwp%2Fv2%2Fcategories&post=16202"},{"taxonomy":"post_tag","embeddable":true,"href":"https:\/\/revistaepocadigital.com.ar\/index.php?rest_route=%2Fwp%2Fv2%2Ftags&post=16202"}],"curies":[{"name":"wp","href":"https:\/\/api.w.org\/{rel}","templated":true}]}}