{"id":16219,"date":"2022-05-16T23:45:20","date_gmt":"2022-05-17T02:45:20","guid":{"rendered":"https:\/\/revistaepocadigital.com.ar\/?p=16219"},"modified":"2022-05-17T01:56:05","modified_gmt":"2022-05-17T04:56:05","slug":"glitter-bar-la-nueva-tendencia-que-no-puede-faltar-en-tu-fiesta","status":"publish","type":"post","link":"https:\/\/revistaepocadigital.com.ar\/?p=16219","title":{"rendered":"GLITTER BAR: \u00a1LA NUEVA TENDENCIA QUE NO PUEDE FALTAR EN TU FIESTA"},"content":{"rendered":"<p><strong>NERINA PICCIONE. UNA EMPRENDEDORA LA EXPLICA.<\/strong><!--more--><\/p>\n<p>La joven de Capilla del Se\u00f1or, da detalles de una tendencia que se viene expandiendo, y como emprendedora, la impulsa y propone en la zona.<\/p>\n<p><em style=\"font-size: 15px; color: #222222;\">&#8220;Sabemos lo importante que es para vos tu festejo, por eso en \u201cGLITTER GLAM GOLD\u201d te ofrecemos una propuesta diferente y divertida. Creamos un ambiento a puro brillo y color, para que todos tus invitados celebren un momento \u00fanico y guarden recuerdos para siempre.<\/em><\/p>\n<p><img loading=\"lazy\" decoding=\"async\" class=\"size-full wp-image-16260\" style=\"text-align: center;\" src=\"https:\/\/revistaepocadigital.com.ar\/wp-content\/uploads\/2022\/05\/NERINA.jpg\" alt=\"\" width=\"311\" height=\"436\" srcset=\"https:\/\/revistaepocadigital.com.ar\/wp-content\/uploads\/2022\/05\/NERINA.jpg 311w, https:\/\/revistaepocadigital.com.ar\/wp-content\/uploads\/2022\/05\/NERINA-214x300.jpg 214w, https:\/\/revistaepocadigital.com.ar\/wp-content\/uploads\/2022\/05\/NERINA-300x420.jpg 300w\" sizes=\"auto, (max-width: 311px) 100vw, 311px\" \/><\/p>\n<p>Nerina Piccione.<\/p>\n<p style=\"text-align: right;\"><em>Te estar\u00e1s preguntando,\u00a0 \u00bfc\u00f3mo funciona?. Te cuento: Armamos un BAR DE GLITTER, un espacio donde todos podr\u00e1n lookearse con todo lo que les guste.<\/em><\/p>\n<p><img loading=\"lazy\" decoding=\"async\" class=\"aligncenter size-full wp-image-16222\" src=\"https:\/\/revistaepocadigital.com.ar\/wp-content\/uploads\/2022\/05\/NERI1.jpg\" alt=\"\" width=\"512\" height=\"493\" srcset=\"https:\/\/revistaepocadigital.com.ar\/wp-content\/uploads\/2022\/05\/NERI1.jpg 512w, https:\/\/revistaepocadigital.com.ar\/wp-content\/uploads\/2022\/05\/NERI1-300x289.jpg 300w, https:\/\/revistaepocadigital.com.ar\/wp-content\/uploads\/2022\/05\/NERI1-436x420.jpg 436w\" sizes=\"auto, (max-width: 512px) 100vw, 512px\" \/><\/p>\n<p>&nbsp;<\/p>\n<p><img loading=\"lazy\" decoding=\"async\" class=\"aligncenter size-full wp-image-16223\" src=\"https:\/\/revistaepocadigital.com.ar\/wp-content\/uploads\/2022\/05\/NERI2.jpg\" alt=\"\" width=\"512\" height=\"483\" srcset=\"https:\/\/revistaepocadigital.com.ar\/wp-content\/uploads\/2022\/05\/NERI2.jpg 512w, https:\/\/revistaepocadigital.com.ar\/wp-content\/uploads\/2022\/05\/NERI2-300x283.jpg 300w, https:\/\/revistaepocadigital.com.ar\/wp-content\/uploads\/2022\/05\/NERI2-445x420.jpg 445w\" sizes=\"auto, (max-width: 512px) 100vw, 512px\" \/><\/p>\n<p>&nbsp;<\/p>\n<p><img loading=\"lazy\" decoding=\"async\" class=\"aligncenter size-full wp-image-16224\" src=\"https:\/\/revistaepocadigital.com.ar\/wp-content\/uploads\/2022\/05\/NERI3.jpg\" alt=\"\" width=\"379\" height=\"587\" srcset=\"https:\/\/revistaepocadigital.com.ar\/wp-content\/uploads\/2022\/05\/NERI3.jpg 379w, https:\/\/revistaepocadigital.com.ar\/wp-content\/uploads\/2022\/05\/NERI3-194x300.jpg 194w, https:\/\/revistaepocadigital.com.ar\/wp-content\/uploads\/2022\/05\/NERI3-271x420.jpg 271w\" sizes=\"auto, (max-width: 379px) 100vw, 379px\" \/>Apunta luego <strong>Nerina,<\/strong> de profesi\u00f3n maestra jardinera, quien adem\u00e1s dicta clases particulares y vive en Capilla del Se\u00f1or.<em> &#8220;La encargada del BAR DE GLITTER, estar\u00e1 realizando dise\u00f1os con Gemas, Glitter y Strass de manera divertida, r\u00e1pida y din\u00e1mica.\u00a0 Es importante aclarar que NO realizamos maquillaje art\u00edstico.<\/em><\/p>\n<p><em>\u00bfQu\u00e9 incluye el BAR DE GLITTER? Variedad de colores en Glitter en polvo y gel, Gemas y Strass de colores autoadhesivos, tatuajes temporales con toda la onda, pintura en aerosol de colores para el cabello, Adem\u00e1s, aro de luz para sacarse las mejores fotos y mucha, mucha diversi\u00f3n!<\/em><\/p>\n<p><em>El BAR DE GLITTER, se adapta a todo tipo de evento: cumplea\u00f1os, casamiento, 15 a\u00f1os, baby shower, despedidas, empresariales\u2026y todo lo que se te ocurra! Es para todas las edades, desde los m\u00e1s chiquitos a los m\u00e1s grandes. Tampoco hace referencia de g\u00e9nero, ya que a hombres y mujeres brillan tambi\u00e9n.<\/em><\/p>\n<p><em>\u00a1TUS INVITADOS BRILLAR\u00c1N COMO NUNCA Y TU FIESTA SER\u00c1 RECORDADA POR SIEMPRE!<\/em><\/p>\n<p><em>\u00a1ANIMATE A BRILLAR CON NOSOTROS!&#8221;<\/em><\/p>\n<p>&#8212;&#8212;&#8212;&#8212;<\/p>\n<p>Para m\u00e1s info comun\u00edcate a nuestro WhatsApp: 011 1541705772<\/p>\n<p>B\u00fascanos en las redes sociales:<\/p>\n<p>Facebook: Gli Tter Glam Gold<\/p>\n<p>Instagram: glitter_ggg<\/p>\n<p>Mail: glitter_glam_gold@outlook.com<\/p>\n<p>&nbsp;<\/p>\n<p>&nbsp;<\/p>\n","protected":false},"excerpt":{"rendered":"<p>NERINA PICCIONE. UNA EMPRENDEDORA LA EXPLICA.<\/p>\n","protected":false},"author":4,"featured_media":16221,"comment_status":"open","ping_status":"open","sticky":false,"template":"","format":"standard","meta":{"footnotes":"","jetpack_publicize_message":"","jetpack_publicize_feature_enabled":true,"jetpack_social_post_already_shared":true,"jetpack_social_options":{"image_generator_settings":{"template":"highway","default_image_id":0,"font":"","enabled":false},"version":2}},"categories":[7],"tags":[1898,37,1897],"class_list":["post-16219","post","type-post","status-publish","format-standard","has-post-thumbnail","hentry","category-columna-de-opinion","tag-bar-de-glitter","tag-destacada","tag-nerina"],"jetpack_publicize_connections":[],"jetpack_featured_media_url":"https:\/\/revistaepocadigital.com.ar\/wp-content\/uploads\/2022\/05\/NERI-0.jpg","jetpack_likes_enabled":true,"_links":{"self":[{"href":"https:\/\/revistaepocadigital.com.ar\/index.php?rest_route=\/wp\/v2\/posts\/16219","targetHints":{"allow":["GET"]}}],"collection":[{"href":"https:\/\/revistaepocadigital.com.ar\/index.php?rest_route=\/wp\/v2\/posts"}],"about":[{"href":"https:\/\/revistaepocadigital.com.ar\/index.php?rest_route=\/wp\/v2\/types\/post"}],"author":[{"embeddable":true,"href":"https:\/\/revistaepocadigital.com.ar\/index.php?rest_route=\/wp\/v2\/users\/4"}],"replies":[{"embeddable":true,"href":"https:\/\/revistaepocadigital.com.ar\/index.php?rest_route=%2Fwp%2Fv2%2Fcomments&post=16219"}],"version-history":[{"count":0,"href":"https:\/\/revistaepocadigital.com.ar\/index.php?rest_route=\/wp\/v2\/posts\/16219\/revisions"}],"wp:featuredmedia":[{"embeddable":true,"href":"https:\/\/revistaepocadigital.com.ar\/index.php?rest_route=\/wp\/v2\/media\/16221"}],"wp:attachment":[{"href":"https:\/\/revistaepocadigital.com.ar\/index.php?rest_route=%2Fwp%2Fv2%2Fmedia&parent=16219"}],"wp:term":[{"taxonomy":"category","embeddable":true,"href":"https:\/\/revistaepocadigital.com.ar\/index.php?rest_route=%2Fwp%2Fv2%2Fcategories&post=16219"},{"taxonomy":"post_tag","embeddable":true,"href":"https:\/\/revistaepocadigital.com.ar\/index.php?rest_route=%2Fwp%2Fv2%2Ftags&post=16219"}],"curies":[{"name":"wp","href":"https:\/\/api.w.org\/{rel}","templated":true}]}}