{"id":16226,"date":"2022-05-17T00:31:21","date_gmt":"2022-05-17T03:31:21","guid":{"rendered":"https:\/\/revistaepocadigital.com.ar\/?p=16226"},"modified":"2022-05-21T01:24:34","modified_gmt":"2022-05-21T04:24:34","slug":"donald-tiene-parkinson-y-escribio-una-carta-conmovedora","status":"publish","type":"post","link":"https:\/\/revistaepocadigital.com.ar\/?p=16226","title":{"rendered":"Donald tiene Parkinson y escribi\u00f3 una carta conmovedora"},"content":{"rendered":"<p><strong><em>\u201cLo quiero vencer, pero el mal no cede y no se da por vencido\u201d<\/em>.\u00a0EL POPULAR CANTANTE, HIZO P\u00daBLICO SU ENFERMEDAD.<\/strong><!--more--><\/p>\n<p>A trav\u00e9s de una sentida publicaci\u00f3n que realiz\u00f3 en Facebook, el m\u00fasico relat\u00f3 todo lo que sufre, su lucha por vencer la enfermedad y su deseo por volver a los escenarios. <strong>Donald Clifton McCluskey<\/strong> decidi\u00f3 contar que tiene Parkison a todo su p\u00fablico, en la conmovedora carta que public\u00f3 Infobae:<\/p>\n<p>La sonrisa de Donald McCluskey, mejor conocido como Donald parece dibujada en su rostro. Y esa alegr\u00eda la traslad\u00f3 a su estilo de vida y a sus canciones. Sin embargo, no significa que todo sea maravilloso y que no tenga problemas. De hecho, el cantante de \u201cLas olas y el viento\u201d, padece desde hace much\u00edsimos a\u00f1os una dura enfermedad neurol\u00f3gica incurable pero, fiel a su personalidad, la mantuvo en el \u00e1mbito privado y para el afuera, todo estaba bien.<\/p>\n<p>Ahora, mediante una extensa y conmovedora carta que public\u00f3 en su cuenta de Facebook, el cantante de 75 a\u00f1os explic\u00f3 que su situaci\u00f3n \u201cha recrudecido\u201d, por lo que decidi\u00f3 cont\u00e1rsela abiertamente a todo su p\u00fablico. \u201cTengo un Parkinson galopante, amigos, y cuando empiezo a temblar me cuesta parar\u201d, relat\u00f3 el artista.<\/p>\n<p>&nbsp;<\/p>\n<p><img loading=\"lazy\" decoding=\"async\" class=\"aligncenter size-full wp-image-16232\" src=\"https:\/\/revistaepocadigital.com.ar\/wp-content\/uploads\/2022\/05\/descarga.jpg\" alt=\"\" width=\"232\" height=\"218\" \/><\/p>\n<p style=\"text-align: center;\"><em>Junto a su esposa<\/em><\/p>\n<p>\u201cLe presento batalla d\u00eda a d\u00eda, apelando incluso a terapias alternativas que alivian. Lo quiero vencer, pero noto que pese a mi resistencia, el mal no cede y no se da por vencido. Gracias a Dios, a la Virgen, a Jes\u00fas y a la ciencia, existe un medicamento que calma, que aquieta, que apacigua, disminuye y hasta hace desaparecer (por completo) los temblores (siempre y cuando se observen determinadas condiciones)\u201d, explic\u00f3.<\/p>\n<p>Acto seguido detall\u00f3 que pese a la delicada situaci\u00f3n que atraviesa hay momentos en los que consigue tener un poco de calma en medio de la tormenta. \u201cEstar sentado en paz, contento, tocando la guitarra cantando, ya sea sobre una banqueta en un escenario, o en un sill\u00f3n de casa, en ambientes amables, amigables (despojados de estr\u00e9s, enojos, tristeza y\/o angustia), me provoca gran alegr\u00eda. Los temblores desaparecen por completo\u201d, se\u00f1al\u00f3.<\/p>\n<p>\u201cLa p\u00e1lida aparece cuando me paro o me pongo en movimiento. Ah\u00ed se agudizan las tensiones y se trasladan a todo el cuerpo. Para desplazarme de un lado a otro, debo hacerlo agarr\u00e1ndome de lo que encuentre a mano, y con extrema lentitud doy un pasito detr\u00e1s del otro, hasta que llego a donde me propuse llegar sin contratiempos y sin caerme, aunque tomando seriamente en cuenta, el peligro que significa moverme as\u00ed, debido a la posibilidad de marearme, caerme y de lastimarme con el porrazo\u201d, detall\u00f3 el artista que alcanz\u00f3 la popularidad en los 60 y 70 con los temas como \u201cSucundum, sucundum\u201d, \u201cRakatakat\u00e1\u201d y \u201cChequendengue, chequendengue\u201d.<\/p>\n<p><img loading=\"lazy\" decoding=\"async\" class=\"aligncenter size-medium wp-image-16233\" src=\"https:\/\/revistaepocadigital.com.ar\/wp-content\/uploads\/2022\/05\/donald-300x210.webp\" alt=\"\" width=\"300\" height=\"210\" srcset=\"https:\/\/revistaepocadigital.com.ar\/wp-content\/uploads\/2022\/05\/donald-300x210.webp 300w, https:\/\/revistaepocadigital.com.ar\/wp-content\/uploads\/2022\/05\/donald-768x538.webp 768w, https:\/\/revistaepocadigital.com.ar\/wp-content\/uploads\/2022\/05\/donald-100x70.webp 100w, https:\/\/revistaepocadigital.com.ar\/wp-content\/uploads\/2022\/05\/donald-200x140.webp 200w, https:\/\/revistaepocadigital.com.ar\/wp-content\/uploads\/2022\/05\/donald-696x487.webp 696w, https:\/\/revistaepocadigital.com.ar\/wp-content\/uploads\/2022\/05\/donald-600x420.webp 600w, https:\/\/revistaepocadigital.com.ar\/wp-content\/uploads\/2022\/05\/donald.webp 1068w\" sizes=\"auto, (max-width: 300px) 100vw, 300px\" \/><\/p>\n<p>En la carta, asegura que para mejorar su estado de salud toma un medicamento que lo ayuda, pero esto sucede cuando permanece quieto. No obstante, manifest\u00f3 que hay momentos en los que la \u201cescasa dopamina en su sistema neurol\u00f3gico\u201d, sigue estando presente y peor a\u00fan, que pareciera recrudecer en su agresi\u00f3n f\u00edsica. \u201cNo solo el temblequeo, amigos, es lo feo del Parkinson. Adem\u00e1s de ese fastidioso s\u00edntoma visible e inocultable en mi dedo pulgar izquierdo, aparecen otros signos notorios y muy inc\u00f3modos como ser la rigidez y la lentitud\u201d, describi\u00f3.<\/p>\n<p>Como consecuencia de la enfremedad, Donald tiene \u201cdolorosas contracturas en la espalda, especialmente a la altura de las v\u00e9rtebras dorsales\u201d, que incluso se le dificultad darse vuelta en la cama cuando se enreda en las s\u00e1banas. Otra situaci\u00f3n que padece en su d\u00eda a d\u00eda son cuando se tiene que abrochar los botones o atar los cordones de los zapatos, por lo que explic\u00f3 que los lleva sueltos. \u201cPero ac\u00e1 estoy, amigos. Y sigo estando vivito y coleando, gracias a Dios. Ni que fuese un visionario (como lo fue mi viejo)\u201d, relat\u00f3.<\/p>\n<p>Una semana antes de la pandemia, McCluskey se hab\u00eda reunido con un empresario art\u00edstico, ya que ten\u00edan ganas de hacer una gira por todo el pa\u00eds. En ese momento, el Parkinson a\u00fan no se le hab\u00eda manifestado visiblemente, y era su deseo poder cantar en p\u00fablico. \u201cVino la pandemia, el aislamiento, el sedentarismo, la tristeza inesperada que me gener\u00f3 el fallecimiento de mi hermana menor Patricia, que desencaden\u00f3 se manifestara esto que llevo adentro, desde quien sabe cuando\u201d, continu\u00f3.<\/p>\n<p>En otro tramo del escrito sostuvo que tom\u00f3 la decisi\u00f3n de contar su situaci\u00f3n, tras las historias de Esteban Bullrich y Javier Lombardo. \u201cSin duda fueron las valientes declaraciones de cada uno de ellos ontando su lucha contra la enfermedad neurol\u00f3gica que le toc\u00f3 en suerte padecer a cada uno de ellos. Y a partir de compartir con ustedes lo que me toca vivir cada d\u00eda, la carga se me hizo m\u00e1s ligera, menos pesada\u201d, manifest\u00f3.<\/p>\n<p>\u201cSandro cant\u00f3 hasta el \u00faltimo de sus d\u00edas, y su gesto valiente y generoso, lo aplaudo vivamente. S\u00e9, amigos, que mientras tenga un hilo de voz para cantar, y flexibilidad en los dedos para tocar la guitarra, seguir\u00e9 en la palestra y nada ni nadie lo podr\u00e1 impedir ni evitar, al menos eso es lo que me propongo hacer\u201d, se esperanz\u00f3 sobre la posibilidad de volver a los escenarios en un futuro inmediato.<\/p>\n<p>\u201cHay cosas peores que el Parkinson en este mundo\u201d, y lo compar\u00f3 con el odio y la guerra. Y por \u00faltimo le agradeci\u00f3 a su familia que lo apoya este momento cr\u00edtico. \u201cEn mi caso, al dichoso Parkinson no le voy a permitir que me robe el alma. \u00a1Por supuesto que no! Podr\u00e1 meterse con mi cuerpo, pero no con mi esp\u00edritu y mi vida, que est\u00e1 solo en las manos de Dios bendito. \u00a1Gracias Dios y se\u00f1or m\u00edo por tu amor y por cada minuto de vida que me obsequias en este mundo junto a Vero, a m\u00ed familia, mis amigos y todos mis seres m\u00e1s queridos!\u201d, concluy\u00f3.<\/p>\n<p>&nbsp;<\/p>\n","protected":false},"excerpt":{"rendered":"<p>\u201cLo quiero vencer, pero el mal no cede y no se da por vencido\u201d.\u00a0EL POPULAR CANTANTE, HIZO P\u00daBLICO SU ENFERMEDAD.<\/p>\n","protected":false},"author":3,"featured_media":16231,"comment_status":"open","ping_status":"open","sticky":false,"template":"","format":"standard","meta":{"footnotes":"","jetpack_publicize_message":"","jetpack_publicize_feature_enabled":true,"jetpack_social_post_already_shared":true,"jetpack_social_options":{"image_generator_settings":{"template":"highway","default_image_id":0,"font":"","enabled":false},"version":2}},"categories":[12],"tags":[1899,1847],"class_list":["post-16226","post","type-post","status-publish","format-standard","has-post-thumbnail","hentry","category-espectaculos","tag-donald","tag-parkinson"],"jetpack_publicize_connections":[],"jetpack_featured_media_url":"https:\/\/revistaepocadigital.com.ar\/wp-content\/uploads\/2022\/05\/donald-a.png","jetpack_likes_enabled":true,"_links":{"self":[{"href":"https:\/\/revistaepocadigital.com.ar\/index.php?rest_route=\/wp\/v2\/posts\/16226","targetHints":{"allow":["GET"]}}],"collection":[{"href":"https:\/\/revistaepocadigital.com.ar\/index.php?rest_route=\/wp\/v2\/posts"}],"about":[{"href":"https:\/\/revistaepocadigital.com.ar\/index.php?rest_route=\/wp\/v2\/types\/post"}],"author":[{"embeddable":true,"href":"https:\/\/revistaepocadigital.com.ar\/index.php?rest_route=\/wp\/v2\/users\/3"}],"replies":[{"embeddable":true,"href":"https:\/\/revistaepocadigital.com.ar\/index.php?rest_route=%2Fwp%2Fv2%2Fcomments&post=16226"}],"version-history":[{"count":0,"href":"https:\/\/revistaepocadigital.com.ar\/index.php?rest_route=\/wp\/v2\/posts\/16226\/revisions"}],"wp:featuredmedia":[{"embeddable":true,"href":"https:\/\/revistaepocadigital.com.ar\/index.php?rest_route=\/wp\/v2\/media\/16231"}],"wp:attachment":[{"href":"https:\/\/revistaepocadigital.com.ar\/index.php?rest_route=%2Fwp%2Fv2%2Fmedia&parent=16226"}],"wp:term":[{"taxonomy":"category","embeddable":true,"href":"https:\/\/revistaepocadigital.com.ar\/index.php?rest_route=%2Fwp%2Fv2%2Fcategories&post=16226"},{"taxonomy":"post_tag","embeddable":true,"href":"https:\/\/revistaepocadigital.com.ar\/index.php?rest_route=%2Fwp%2Fv2%2Ftags&post=16226"}],"curies":[{"name":"wp","href":"https:\/\/api.w.org\/{rel}","templated":true}]}}