{"id":16270,"date":"2022-05-17T12:58:08","date_gmt":"2022-05-17T15:58:08","guid":{"rendered":"https:\/\/revistaepocadigital.com.ar\/?p=16270"},"modified":"2022-05-21T01:27:13","modified_gmt":"2022-05-21T04:27:13","slug":"aumento-de-sueldos-para-la-policia-de-la-provincia-de-buenos-aires","status":"publish","type":"post","link":"https:\/\/revistaepocadigital.com.ar\/?p=16270","title":{"rendered":"Aumento de sueldos para la Polic\u00eda de la Provincia de Buenos Aires"},"content":{"rendered":"<div class=\"yiv9636742869\" style=\"text-align: left;\" align=\"center\"><b><span style=\"font-size: large;\">SER\u00c1 DEL 10%.<\/span><\/b><\/div>\n<p><!--more--><\/p>\n<div>Siguiendo con la pol\u00edtica salarial anunciada para los trabajadores bonaerenses, se adicionan dos nuevos tramos de aumento del 10% para las fuerzas de seguridad en los meses de mayo y diciembre, a los ya dados para los meses de marzo, julio y septiembre; garantiz\u00e1ndose de esta forma un aumento anual acumulado del 60% en el a\u00f1o.<\/div>\n<div><\/div>\n<div>Con este nuevo aumento, el sueldo neto de un oficial de polic\u00eda ingresante ser\u00e1 en diciembre $ 113.194. Adicionando la compensaci\u00f3n por uniforme de $7.500 que perciben de manera mensual, el sueldo neto de un Oficial de Polic\u00eda que reci\u00e9n inicia su carrera ascender\u00e1 a $120.694.<\/div>\n<div><\/div>\n<div>El salario de bolsillo promedio de toda la fuerza, que en diciembre 2021 ascend\u00eda a $96.500, se elevar\u00e1 de a $155.000 a partir de diciembre.<\/div>\n<div><\/div>\n<div>Continuando con el objetivo de mejorar la calidad del salario, se refuerzan los sueldos b\u00e1sicos para recomponer la retribuci\u00f3n seg\u00fan la jerarqu\u00eda. As\u00ed el sueldo b\u00e1sico de un oficial de polic\u00eda se incrementar\u00e1 en 146% a partir de diciembre en relaci\u00f3n al mismo mes del a\u00f1o anterior, incrementando su participaci\u00f3n en el salario bruto del 31,5% al 48,5%, reduciendo la participaci\u00f3n relativa del resto de las bonificaciones y adicionales.<\/div>\n","protected":false},"excerpt":{"rendered":"<p>SER\u00c1 DEL 10%.<\/p>\n","protected":false},"author":3,"featured_media":16274,"comment_status":"open","ping_status":"open","sticky":false,"template":"","format":"standard","meta":{"footnotes":"","jetpack_publicize_message":"","jetpack_publicize_feature_enabled":true,"jetpack_social_post_already_shared":true,"jetpack_social_options":{"image_generator_settings":{"template":"highway","default_image_id":0,"font":"","enabled":false},"version":2}},"categories":[17],"tags":[1192,1500],"class_list":["post-16270","post","type-post","status-publish","format-standard","has-post-thumbnail","hentry","category-politica","tag-aumento","tag-policia"],"jetpack_publicize_connections":[],"jetpack_featured_media_url":"https:\/\/revistaepocadigital.com.ar\/wp-content\/uploads\/2022\/05\/policia-bonaerense.jpg","jetpack_likes_enabled":true,"_links":{"self":[{"href":"https:\/\/revistaepocadigital.com.ar\/index.php?rest_route=\/wp\/v2\/posts\/16270","targetHints":{"allow":["GET"]}}],"collection":[{"href":"https:\/\/revistaepocadigital.com.ar\/index.php?rest_route=\/wp\/v2\/posts"}],"about":[{"href":"https:\/\/revistaepocadigital.com.ar\/index.php?rest_route=\/wp\/v2\/types\/post"}],"author":[{"embeddable":true,"href":"https:\/\/revistaepocadigital.com.ar\/index.php?rest_route=\/wp\/v2\/users\/3"}],"replies":[{"embeddable":true,"href":"https:\/\/revistaepocadigital.com.ar\/index.php?rest_route=%2Fwp%2Fv2%2Fcomments&post=16270"}],"version-history":[{"count":0,"href":"https:\/\/revistaepocadigital.com.ar\/index.php?rest_route=\/wp\/v2\/posts\/16270\/revisions"}],"wp:featuredmedia":[{"embeddable":true,"href":"https:\/\/revistaepocadigital.com.ar\/index.php?rest_route=\/wp\/v2\/media\/16274"}],"wp:attachment":[{"href":"https:\/\/revistaepocadigital.com.ar\/index.php?rest_route=%2Fwp%2Fv2%2Fmedia&parent=16270"}],"wp:term":[{"taxonomy":"category","embeddable":true,"href":"https:\/\/revistaepocadigital.com.ar\/index.php?rest_route=%2Fwp%2Fv2%2Fcategories&post=16270"},{"taxonomy":"post_tag","embeddable":true,"href":"https:\/\/revistaepocadigital.com.ar\/index.php?rest_route=%2Fwp%2Fv2%2Ftags&post=16270"}],"curies":[{"name":"wp","href":"https:\/\/api.w.org\/{rel}","templated":true}]}}