{"id":16296,"date":"2022-05-18T00:06:47","date_gmt":"2022-05-18T03:06:47","guid":{"rendered":"https:\/\/revistaepocadigital.com.ar\/?p=16296"},"modified":"2022-05-20T00:09:24","modified_gmt":"2022-05-20T03:09:24","slug":"apuntada-a-razones-de-seguridad-nueva-lectora-de-patentes-en-la-ruta-6","status":"publish","type":"post","link":"https:\/\/revistaepocadigital.com.ar\/?p=16296","title":{"rendered":"APUNTADA A RAZONES DE SEGURIDAD: NUEVA LECTORA DE PATENTES EN LA RUTA 6"},"content":{"rendered":"<div class=\"kvgmc6g5 cxmmr5t8 oygrvhab hcukyx3x c1et5uql ii04i59q\">\n<div dir=\"auto\"><strong>NO SE TRATA DE UNA C\u00c1MARA PARA CAPTAR INFRACCIONES DE TR\u00c1NSITO<\/strong>.<\/div>\n<\/div>\n<p><!--more--><\/p>\n<div dir=\"auto\"><\/div>\n<div dir=\"auto\">En algunos automovilistas vecinos en particular, caus\u00f3 algo de estupor al principio, al percibir la intalaci\u00f3n de un c\u00e1mara sobre la ruta 6 en Exaltaci\u00f3n de la Cruz, en las inmediaciones de Los Cardales. M\u00e1s a\u00fan ante el creciente deterioro que presenta tan via de comunicaci\u00f3n terrestra de suma importancia y movimiento, que une La Plata con Campana, a la espera tantos del inicio de las anunciadas obras de repavimentaci\u00f3n y mejores generales. Mientras tanto en varios sectores, en lo que hace a las pol\u00e9micas c\u00e1maras para controlar velocidades de veh\u00edculos, siguen funcionando a la vez que el estado de la ruta en varias zonas es muy deficiente..<\/div>\n<div dir=\"auto\"><\/div>\n<div class=\"cxmmr5t8 oygrvhab hcukyx3x c1et5uql o9v6fnle ii04i59q\">\n<div dir=\"auto\">En lo referido a la nueva c\u00e1mara lectora de patentes instalada hacee poco, la Direcci\u00f3n de Tr\u00e1nsito del municipio, hizo saber que se instal\u00f3 en el km. 180 de la ruta 6, con el objetivo de monitorear, en tiempo real, a todos los veh\u00edculos que transiten en ese sector, contar con un registro de su placa patente, y tener una alerta inmediata en caso de que alguno posea pedido de secuestro, permitiendo el r\u00e1pido accionar de nuestras fuerzas de seguridad.<\/div>\n<\/div>\n<div class=\"cxmmr5t8 oygrvhab hcukyx3x c1et5uql o9v6fnle ii04i59q\">\n<div dir=\"auto\">Se suma a las ya instaladas en Los Cardales, Capilla del Se\u00f1or y Ruta 8, sumando un nuevo aporte en materia de seguridad.<\/div>\n<div dir=\"auto\"><\/div>\n<\/div>\n","protected":false},"excerpt":{"rendered":"<p>NO SE TRATA DE UNA C\u00c1MARA PARA CAPTAR INFRACCIONES DE TR\u00c1NSITO.<\/p>\n","protected":false},"author":4,"featured_media":16297,"comment_status":"open","ping_status":"open","sticky":false,"template":"","format":"standard","meta":{"footnotes":"","jetpack_publicize_message":"","jetpack_publicize_feature_enabled":true,"jetpack_social_post_already_shared":true,"jetpack_social_options":{"image_generator_settings":{"template":"highway","default_image_id":0,"font":"","enabled":false},"version":2}},"categories":[13],"tags":[1902,1165],"class_list":["post-16296","post","type-post","status-publish","format-standard","has-post-thumbnail","hentry","category-interes-general","tag-lectora-patentes","tag-ruta-6"],"jetpack_publicize_connections":[],"jetpack_featured_media_url":"https:\/\/revistaepocadigital.com.ar\/wp-content\/uploads\/2022\/05\/LECTOR.jpg","jetpack_likes_enabled":true,"_links":{"self":[{"href":"https:\/\/revistaepocadigital.com.ar\/index.php?rest_route=\/wp\/v2\/posts\/16296","targetHints":{"allow":["GET"]}}],"collection":[{"href":"https:\/\/revistaepocadigital.com.ar\/index.php?rest_route=\/wp\/v2\/posts"}],"about":[{"href":"https:\/\/revistaepocadigital.com.ar\/index.php?rest_route=\/wp\/v2\/types\/post"}],"author":[{"embeddable":true,"href":"https:\/\/revistaepocadigital.com.ar\/index.php?rest_route=\/wp\/v2\/users\/4"}],"replies":[{"embeddable":true,"href":"https:\/\/revistaepocadigital.com.ar\/index.php?rest_route=%2Fwp%2Fv2%2Fcomments&post=16296"}],"version-history":[{"count":0,"href":"https:\/\/revistaepocadigital.com.ar\/index.php?rest_route=\/wp\/v2\/posts\/16296\/revisions"}],"wp:featuredmedia":[{"embeddable":true,"href":"https:\/\/revistaepocadigital.com.ar\/index.php?rest_route=\/wp\/v2\/media\/16297"}],"wp:attachment":[{"href":"https:\/\/revistaepocadigital.com.ar\/index.php?rest_route=%2Fwp%2Fv2%2Fmedia&parent=16296"}],"wp:term":[{"taxonomy":"category","embeddable":true,"href":"https:\/\/revistaepocadigital.com.ar\/index.php?rest_route=%2Fwp%2Fv2%2Fcategories&post=16296"},{"taxonomy":"post_tag","embeddable":true,"href":"https:\/\/revistaepocadigital.com.ar\/index.php?rest_route=%2Fwp%2Fv2%2Ftags&post=16296"}],"curies":[{"name":"wp","href":"https:\/\/api.w.org\/{rel}","templated":true}]}}