{"id":16314,"date":"2022-05-21T01:25:44","date_gmt":"2022-05-21T04:25:44","guid":{"rendered":"https:\/\/revistaepocadigital.com.ar\/?p=16314"},"modified":"2022-05-21T01:31:37","modified_gmt":"2022-05-21T04:31:37","slug":"caminos-rurales-la-rural-la-municipalidad-y-vecinos-en-conjunto","status":"publish","type":"post","link":"https:\/\/revistaepocadigital.com.ar\/?p=16314","title":{"rendered":"Caminos rurales: La Rural, la Municipalidad y vecinos en conjunto"},"content":{"rendered":"<p><strong><strong>LOS CAMINOS A LO LARGO Y ANCHO DE EXALTACI\u00d3N DE LA CRUZ.<\/strong><\/strong><\/p>\n<div class=\"\" dir=\"auto\">\n<div class=\"\" dir=\"auto\">\n<div class=\"ecm0bbzt hv4rvrfc ihqw7lf3 dati1w0a\" data-ad-comet-preview=\"message\" data-ad-preview=\"message\">\n<div class=\"j83agx80 cbu4d94t ew0dbk1b irj2b8pg\">\n<div class=\"qzhwtbm6 knvmm38d\">\n<p><!--more--><\/p>\n<\/div>\n<div dir=\"auto\"><\/div>\n<div dir=\"auto\">Una problem\u00e1tica que genera ideas, proyectos (a nivel pol\u00edtico como el del concejal Patricio Diez de JxC, mir\u00e1 nota aparte), y labores conjuntas como se dan en el caso del &#8220;Consorcio Vial Rural Camino a Gobernador Andonaegui&#8221;, producto de la participaci\u00f3n p\u00fablica y privada como lo han remarcado desde la Sociedad Rural de Exaltaci\u00f3n de la Cruz, Campana y Z\u00e1rate.<\/div>\n<div dir=\"auto\"><\/div>\n<div dir=\"auto\">Mencionaron desde la dirigencia de la Rural que &#8220;<em>un claro ejemplo de las virtudes de la alianza y participaci\u00f3n publico-privada, son las obras que se est\u00e1n llevando adelante para el mejorado y reparaci\u00f3n de la muy deteriorada capa asf\u00e1ltica, del camino que vincula la Ruta Nacional 193 (Sol\u00eds-Zarate) con el paraje Gobernador Andonaegui&#8221;.<\/em><\/div>\n<\/div>\n<div dir=\"auto\"><\/div>\n<\/div>\n<\/div>\n<\/div>\n<div dir=\"auto\">\n<figure id=\"attachment_16319\" aria-describedby=\"caption-attachment-16319\" style=\"width: 411px\" class=\"wp-caption aligncenter\"><img loading=\"lazy\" decoding=\"async\" class=\"size-full wp-image-16319\" src=\"https:\/\/revistaepocadigital.com.ar\/wp-content\/uploads\/2022\/05\/caminorura.jpguuu.jpg\" alt=\"\" width=\"411\" height=\"422\" srcset=\"https:\/\/revistaepocadigital.com.ar\/wp-content\/uploads\/2022\/05\/caminorura.jpguuu.jpg 411w, https:\/\/revistaepocadigital.com.ar\/wp-content\/uploads\/2022\/05\/caminorura.jpguuu-292x300.jpg 292w, https:\/\/revistaepocadigital.com.ar\/wp-content\/uploads\/2022\/05\/caminorura.jpguuu-409x420.jpg 409w\" sizes=\"auto, (max-width: 411px) 100vw, 411px\" \/><figcaption id=\"caption-attachment-16319\" class=\"wp-caption-text\">Una imagen de camino en\u00a0 cuesti\u00f3n<\/figcaption><\/figure>\n<\/div>\n<div class=\"\" dir=\"auto\">\n<div class=\"ecm0bbzt hv4rvrfc ihqw7lf3 dati1w0a\" data-ad-comet-preview=\"message\" data-ad-preview=\"message\">\n<div class=\"j83agx80 cbu4d94t ew0dbk1b irj2b8pg\">\n<div class=\"qzhwtbm6 knvmm38d\">\n<div class=\"kvgmc6g5 cxmmr5t8 oygrvhab hcukyx3x c1et5uql ii04i59q\">\n<div dir=\"auto\"><\/div>\n<\/div>\n<div class=\"cxmmr5t8 oygrvhab hcukyx3x c1et5uql o9v6fnle ii04i59q\">\n<div dir=\"auto\">Y\u00a0 detallaron desde la comisi\u00f3n directiva de la entidad ruralista: &#8220;<em>La Sociedad Rural junto con la Municipalidad de Exaltaci\u00f3n de la Cruz, y el trabajo y aporte de varios vecinos, est\u00e1n logrando mejorar significativamente ese vital camino que vincula el Cuartel VII de Exaltaci\u00f3n de la Cruz, que es una zona muy productiva desde el punto de vista agroindustrial, de servicios y turismo rural, favoreciendo tambi\u00e9n a sus habitantes, escuelas, sala de primeros auxilios, etc. ya que las obras en ejecuci\u00f3n van devolviendo la transitabilidad permanente y en condiciones seguras&#8221;.<\/em><\/div>\n<p>&nbsp;<\/p>\n<\/div>\n<div dir=\"auto\">Fotos: Prensa SRECZ<\/div>\n<\/div>\n<p>&nbsp;<\/p>\n<\/div>\n<\/div>\n<\/div>\n","protected":false},"excerpt":{"rendered":"<p>LOS CAMINOS A LO LARGO Y ANCHO DE EXALTACI\u00d3N DE LA CRUZ.<\/p>\n","protected":false},"author":3,"featured_media":16321,"comment_status":"open","ping_status":"open","sticky":false,"template":"","format":"standard","meta":{"footnotes":"","jetpack_publicize_message":"","jetpack_publicize_feature_enabled":true,"jetpack_social_post_already_shared":true,"jetpack_social_options":{"image_generator_settings":{"template":"highway","default_image_id":0,"font":"","enabled":false},"version":2}},"categories":[6],"tags":[1903,347],"class_list":["post-16314","post","type-post","status-publish","format-standard","has-post-thumbnail","hentry","category-barrios","tag-c-aminos","tag-sociedad-rural"],"jetpack_publicize_connections":[],"jetpack_featured_media_url":"https:\/\/revistaepocadigital.com.ar\/wp-content\/uploads\/2022\/05\/camino-rura-1.png","jetpack_likes_enabled":true,"_links":{"self":[{"href":"https:\/\/revistaepocadigital.com.ar\/index.php?rest_route=\/wp\/v2\/posts\/16314","targetHints":{"allow":["GET"]}}],"collection":[{"href":"https:\/\/revistaepocadigital.com.ar\/index.php?rest_route=\/wp\/v2\/posts"}],"about":[{"href":"https:\/\/revistaepocadigital.com.ar\/index.php?rest_route=\/wp\/v2\/types\/post"}],"author":[{"embeddable":true,"href":"https:\/\/revistaepocadigital.com.ar\/index.php?rest_route=\/wp\/v2\/users\/3"}],"replies":[{"embeddable":true,"href":"https:\/\/revistaepocadigital.com.ar\/index.php?rest_route=%2Fwp%2Fv2%2Fcomments&post=16314"}],"version-history":[{"count":0,"href":"https:\/\/revistaepocadigital.com.ar\/index.php?rest_route=\/wp\/v2\/posts\/16314\/revisions"}],"wp:featuredmedia":[{"embeddable":true,"href":"https:\/\/revistaepocadigital.com.ar\/index.php?rest_route=\/wp\/v2\/media\/16321"}],"wp:attachment":[{"href":"https:\/\/revistaepocadigital.com.ar\/index.php?rest_route=%2Fwp%2Fv2%2Fmedia&parent=16314"}],"wp:term":[{"taxonomy":"category","embeddable":true,"href":"https:\/\/revistaepocadigital.com.ar\/index.php?rest_route=%2Fwp%2Fv2%2Fcategories&post=16314"},{"taxonomy":"post_tag","embeddable":true,"href":"https:\/\/revistaepocadigital.com.ar\/index.php?rest_route=%2Fwp%2Fv2%2Ftags&post=16314"}],"curies":[{"name":"wp","href":"https:\/\/api.w.org\/{rel}","templated":true}]}}