{"id":16327,"date":"2022-05-23T00:42:19","date_gmt":"2022-05-23T03:42:19","guid":{"rendered":"https:\/\/revistaepocadigital.com.ar\/?p=16327"},"modified":"2022-05-23T01:57:59","modified_gmt":"2022-05-23T04:57:59","slug":"consternacion-un-auto-embistio-al-vecino-daniel-mazzitelli-y-su-esposa-murio-la-mujer","status":"publish","type":"post","link":"https:\/\/revistaepocadigital.com.ar\/?p=16327","title":{"rendered":"Consternaci\u00f3n. Un auto embisti\u00f3 al vecino Daniel Mazzitelli y su esposa, muri\u00f3 la mujer"},"content":{"rendered":"<div class=\"\" dir=\"auto\">\n<div id=\"jsc_c_5h\" class=\"ecm0bbzt hv4rvrfc ihqw7lf3 dati1w0a\" data-ad-comet-preview=\"message\" data-ad-preview=\"message\">\n<div class=\"j83agx80 cbu4d94t ew0dbk1b irj2b8pg\">\n<div class=\"qzhwtbm6 knvmm38d\">\n<div class=\"kvgmc6g5 cxmmr5t8 oygrvhab hcukyx3x c1et5uql ii04i59q\">\n<div dir=\"auto\"><strong>ACCIDENTE MORTAL.<!--more--><\/strong><\/div>\n<\/div>\n<div class=\"cxmmr5t8 oygrvhab hcukyx3x c1et5uql o9v6fnle ii04i59q\">\n<div dir=\"auto\"><\/div>\n<div dir=\"auto\">Debido al luctuoso accidente producido, falleci\u00f3 Ana Gonz\u00e1lez, esposa de Daniel Mazzitelli, ambos vecinos del Barrio Sakura, causando gran consternaci\u00f3n y tristeza.<\/div>\n<div dir=\"auto\"><\/div>\n<div dir=\"auto\">El terrible hecho, del que se iban a conocer m\u00e1s detalles con el transcurso de las horas, habr\u00eda ocurrido cuando un auto marca Toyota que se dirig\u00eda en sentido hacia Capital Federal, embisti\u00f3 a Daniel Mazzitelli y a su se\u00f1ora, quienes se encontraban caminando por la calle colectora a la autov\u00eda 8, en las inmediaciones del Barrio Los Pinos de Exaltaci\u00f3n de la Cruz. El conductor seg\u00fan hab\u00eda trascendido, fue puesto a disposici\u00f3n de la justicia.<\/div>\n<\/div>\n<\/div>\n<\/div>\n<div dir=\"auto\"><!--more--><\/div>\n<div class=\"j83agx80 cbu4d94t ew0dbk1b irj2b8pg\">\n<div class=\"qzhwtbm6 knvmm38d\">\n<div dir=\"auto\">\n<figure id=\"attachment_16332\" aria-describedby=\"caption-attachment-16332\" style=\"width: 457px\" class=\"wp-caption alignleft\"><img loading=\"lazy\" decoding=\"async\" class=\"size-full wp-image-16332\" src=\"https:\/\/revistaepocadigital.com.ar\/wp-content\/uploads\/2022\/05\/mazzitel.jpg\" alt=\"\" width=\"457\" height=\"615\" srcset=\"https:\/\/revistaepocadigital.com.ar\/wp-content\/uploads\/2022\/05\/mazzitel.jpg 457w, https:\/\/revistaepocadigital.com.ar\/wp-content\/uploads\/2022\/05\/mazzitel-223x300.jpg 223w, https:\/\/revistaepocadigital.com.ar\/wp-content\/uploads\/2022\/05\/mazzitel-312x420.jpg 312w\" sizes=\"auto, (max-width: 457px) 100vw, 457px\" \/><figcaption id=\"caption-attachment-16332\" class=\"wp-caption-text\">Mazzitelli, es uno de los animadores de la categor\u00eda TC Reginal (Foto gentilez On- Line Argentina)<\/figcaption><\/figure>\n<\/div>\n<p>&nbsp;<\/p>\n<\/div>\n<\/div>\n<\/div>\n<\/div>\n<p>&nbsp;<\/p>\n<p><!--more--><\/p>\n<p><span style=\"color: #222222; font-size: 15px;\">Mazzitelli debi\u00f3 ser internado en el Hospital San Jos\u00e9 de Capilla del Se\u00f1or, con fractura expuesta de tibia y peron\u00e9, mientras que Ana su esposa, falleci\u00f3 en el acto. Mazzitelli conocido vecino, es un apasionado del automovilismo, compitiendo en el TC Regional Clase A, donde participan otros pilotos locales. Justamente expres\u00f3 su dolor, <\/span><em style=\"color: #222222; font-size: 15px;\">&#8220;la familia del TC Regional; abrazamos a amigos y familiares de Daniel Mazzitelli y pedimos justicia por Ana&#8221;.<\/em><\/p>\n","protected":false},"excerpt":{"rendered":"<p>ACCIDENTE MORTAL.<\/p>\n","protected":false},"author":3,"featured_media":16329,"comment_status":"open","ping_status":"open","sticky":false,"template":"","format":"standard","meta":{"footnotes":"","jetpack_publicize_message":"","jetpack_publicize_feature_enabled":true,"jetpack_social_post_already_shared":true,"jetpack_social_options":{"image_generator_settings":{"template":"highway","default_image_id":0,"font":"","enabled":false},"version":2}},"categories":[13],"tags":[1075,536,1905],"class_list":["post-16327","post","type-post","status-publish","format-standard","has-post-thumbnail","hentry","category-interes-general","tag-accidente","tag-esposa","tag-mazzitelli"],"jetpack_publicize_connections":[],"jetpack_featured_media_url":"https:\/\/revistaepocadigital.com.ar\/wp-content\/uploads\/2022\/05\/mazzite-sra.jpg","jetpack_likes_enabled":true,"_links":{"self":[{"href":"https:\/\/revistaepocadigital.com.ar\/index.php?rest_route=\/wp\/v2\/posts\/16327","targetHints":{"allow":["GET"]}}],"collection":[{"href":"https:\/\/revistaepocadigital.com.ar\/index.php?rest_route=\/wp\/v2\/posts"}],"about":[{"href":"https:\/\/revistaepocadigital.com.ar\/index.php?rest_route=\/wp\/v2\/types\/post"}],"author":[{"embeddable":true,"href":"https:\/\/revistaepocadigital.com.ar\/index.php?rest_route=\/wp\/v2\/users\/3"}],"replies":[{"embeddable":true,"href":"https:\/\/revistaepocadigital.com.ar\/index.php?rest_route=%2Fwp%2Fv2%2Fcomments&post=16327"}],"version-history":[{"count":0,"href":"https:\/\/revistaepocadigital.com.ar\/index.php?rest_route=\/wp\/v2\/posts\/16327\/revisions"}],"wp:featuredmedia":[{"embeddable":true,"href":"https:\/\/revistaepocadigital.com.ar\/index.php?rest_route=\/wp\/v2\/media\/16329"}],"wp:attachment":[{"href":"https:\/\/revistaepocadigital.com.ar\/index.php?rest_route=%2Fwp%2Fv2%2Fmedia&parent=16327"}],"wp:term":[{"taxonomy":"category","embeddable":true,"href":"https:\/\/revistaepocadigital.com.ar\/index.php?rest_route=%2Fwp%2Fv2%2Fcategories&post=16327"},{"taxonomy":"post_tag","embeddable":true,"href":"https:\/\/revistaepocadigital.com.ar\/index.php?rest_route=%2Fwp%2Fv2%2Ftags&post=16327"}],"curies":[{"name":"wp","href":"https:\/\/api.w.org\/{rel}","templated":true}]}}