{"id":16335,"date":"2022-05-26T09:28:13","date_gmt":"2022-05-26T12:28:13","guid":{"rendered":"https:\/\/revistaepocadigital.com.ar\/?p=16335"},"modified":"2022-05-30T09:39:54","modified_gmt":"2022-05-30T12:39:54","slug":"censo-2022-el-9988-dijo-que-se-reconoce-hombre-o-mujer-fin-del-relato-de-genero","status":"publish","type":"post","link":"https:\/\/revistaepocadigital.com.ar\/?p=16335","title":{"rendered":"CENSO 2022. EL 99,88% DIJO QUE SE RECONOCE HOMBRE O MUJER. \u00bfY LAS CUESTIONES DE G\u00c9NERO?"},"content":{"rendered":"<div dir=\"ltr\"><strong>DEBATE.<\/strong><\/div>\n<p><!--more--><\/p>\n<div dir=\"ltr\"><\/div>\n<div dir=\"ltr\"><\/div>\n<div dir=\"ltr\">Datos preliminares del Censo 2022<\/div>\n<div dir=\"ltr\">Poblaci\u00f3n total 47.327.407 de personas<\/div>\n<div dir=\"ltr\">Hombres 47,05%=22.267.545<\/div>\n<div dir=\"ltr\">Mujeres\u00a0 52,83%=25.003.069<\/div>\n<div dir=\"ltr\">X-Otro: 0,12% = 56.793<\/div>\n<div dir=\"ltr\"><\/div>\n<div dir=\"ltr\">Una muy breve s\u00edntesis:<\/div>\n<div dir=\"ltr\"><\/div>\n<div dir=\"ltr\">1-Hay m\u00e1s mujeres que hombres<\/div>\n<div dir=\"ltr\">2-El 99,88% se reconoce hombre o mujer<\/div>\n<div dir=\"ltr\">3-Se desprende que existen dos sexos y no 100 g\u00e9neros<\/div>\n<div dir=\"ltr\"><\/div>\n<div dir=\"ltr\"><\/div>\n<div dir=\"ltr\">Al respecto, ha mencionado<strong> Mariano Obarrio:<\/strong> &#8220;Si el Presidente dijo que los resultados del Censo servir\u00edan para dise\u00f1ar pol\u00edticas p\u00fablicas, y el 99,88% se reconoce hombre o mujer, terminen con la pol\u00edtica de deformar el idioma espa\u00f1ol con la &#8220;e&#8221; donde no va. Para lograr la inclusi\u00f3n real, la pol\u00edtica es la EDUCACION y el TRABAJO y no hablar mal. Cultura del trabajo e inclusi\u00f3n laboral, no mentiras y disparates ideol\u00f3gicos&#8221;.<\/div>\n<div dir=\"ltr\"><\/div>\n<div dir=\"ltr\">Y agreg\u00f3: &#8220;No tengamos miedo de decir que el cielo es celeste ni que el pasto es verde. Inventaron un &#8220;lenguaje inclusivo&#8221;, cambian documentos en ministerios, agregan X y E donde no van, crean ministerios, agregados culturales, gastan plata, reforman la educaci\u00f3n, adoctrinan a nuestros hijos con que existen &#8220;100 g\u00e9neros&#8221; y no 2 sexos, y a la hora de la verdad en el Censo el tiro les sale por la culata y la gente se expres\u00f3: 99,88% es hombre o mujer. Catastr\u00f3fico plebiscito para la ideolog\u00eda de g\u00e9nero. Fin del relato.<\/div>\n","protected":false},"excerpt":{"rendered":"<p>DEBATE.<\/p>\n","protected":false},"author":3,"featured_media":16371,"comment_status":"open","ping_status":"open","sticky":false,"template":"","format":"standard","meta":{"footnotes":"","jetpack_publicize_message":"","jetpack_publicize_feature_enabled":true,"jetpack_social_post_already_shared":true,"jetpack_social_options":{"image_generator_settings":{"template":"highway","default_image_id":0,"font":"","enabled":false},"version":2}},"categories":[13],"tags":[1813],"class_list":["post-16335","post","type-post","status-publish","format-standard","has-post-thumbnail","hentry","category-interes-general","tag-censo-2022"],"jetpack_publicize_connections":[],"jetpack_featured_media_url":"https:\/\/revistaepocadigital.com.ar\/wp-content\/uploads\/2022\/05\/sexo-vs-genero-g2.jpg","jetpack_likes_enabled":true,"_links":{"self":[{"href":"https:\/\/revistaepocadigital.com.ar\/index.php?rest_route=\/wp\/v2\/posts\/16335","targetHints":{"allow":["GET"]}}],"collection":[{"href":"https:\/\/revistaepocadigital.com.ar\/index.php?rest_route=\/wp\/v2\/posts"}],"about":[{"href":"https:\/\/revistaepocadigital.com.ar\/index.php?rest_route=\/wp\/v2\/types\/post"}],"author":[{"embeddable":true,"href":"https:\/\/revistaepocadigital.com.ar\/index.php?rest_route=\/wp\/v2\/users\/3"}],"replies":[{"embeddable":true,"href":"https:\/\/revistaepocadigital.com.ar\/index.php?rest_route=%2Fwp%2Fv2%2Fcomments&post=16335"}],"version-history":[{"count":0,"href":"https:\/\/revistaepocadigital.com.ar\/index.php?rest_route=\/wp\/v2\/posts\/16335\/revisions"}],"wp:featuredmedia":[{"embeddable":true,"href":"https:\/\/revistaepocadigital.com.ar\/index.php?rest_route=\/wp\/v2\/media\/16371"}],"wp:attachment":[{"href":"https:\/\/revistaepocadigital.com.ar\/index.php?rest_route=%2Fwp%2Fv2%2Fmedia&parent=16335"}],"wp:term":[{"taxonomy":"category","embeddable":true,"href":"https:\/\/revistaepocadigital.com.ar\/index.php?rest_route=%2Fwp%2Fv2%2Fcategories&post=16335"},{"taxonomy":"post_tag","embeddable":true,"href":"https:\/\/revistaepocadigital.com.ar\/index.php?rest_route=%2Fwp%2Fv2%2Ftags&post=16335"}],"curies":[{"name":"wp","href":"https:\/\/api.w.org\/{rel}","templated":true}]}}