{"id":16337,"date":"2022-05-23T01:35:00","date_gmt":"2022-05-23T04:35:00","guid":{"rendered":"https:\/\/revistaepocadigital.com.ar\/?p=16337"},"modified":"2022-05-23T01:36:43","modified_gmt":"2022-05-23T04:36:43","slug":"nanni-grito-boca-campeon-en-cordoba","status":"publish","type":"post","link":"https:\/\/revistaepocadigital.com.ar\/?p=16337","title":{"rendered":"Nanni grit\u00f3 Boca campe\u00f3n en C\u00f3rdoba"},"content":{"rendered":"<p><strong>EN LA CONSAGRACI\u00d3N DE BOCA EN C\u00d3RDOBA, HUBO PRESENCIA DE EXALTACRUCENSES<\/strong>.<\/p>\n<div dir=\"auto\"><!--more--><\/div>\n<div class=\"qzhwtbm6 knvmm38d\">\n<div class=\"kvgmc6g5 cxmmr5t8 oygrvhab hcukyx3x c1et5uql ii04i59q\">\n<div dir=\"auto\"><\/div>\n<div dir=\"auto\">Ante un estadio repleto, el Mario Alberto Kempes en C\u00f3rdoba, Boca le gan\u00f3 la final con claridad 3 a 0 a Tigre, y se coron\u00f3 campe\u00f3n de la Liga del F\u00fatbol Argentino.<\/div>\n<div dir=\"auto\"><\/div>\n<div dir=\"auto\">Y entre los miles de hinchas boquenses que estuvieron en el estadio, estuvieron el intendente de Exaltaci\u00f3n de la Cruz, Diego Nanni junto a su padre H\u00e9ctor, reconocido m\u00e9dico, adem\u00e1s de m\u00e1s hinchas que mostraron en una de las tribunas\u00a0 una bandera con los colores azul y amarillo con la leyenda &#8220;Exaltaci\u00f3n de la Cruz&#8221;.<\/div>\n<\/div>\n<\/div>\n<div dir=\"auto\"><\/div>\n<div dir=\"auto\"><img loading=\"lazy\" decoding=\"async\" class=\"alignleft size-full wp-image-16340\" src=\"https:\/\/revistaepocadigital.com.ar\/wp-content\/uploads\/2022\/05\/boca-camp.jpg\" alt=\"\" width=\"768\" height=\"1024\" srcset=\"https:\/\/revistaepocadigital.com.ar\/wp-content\/uploads\/2022\/05\/boca-camp.jpg 768w, https:\/\/revistaepocadigital.com.ar\/wp-content\/uploads\/2022\/05\/boca-camp-225x300.jpg 225w, https:\/\/revistaepocadigital.com.ar\/wp-content\/uploads\/2022\/05\/boca-camp-696x928.jpg 696w, https:\/\/revistaepocadigital.com.ar\/wp-content\/uploads\/2022\/05\/boca-camp-315x420.jpg 315w, https:\/\/revistaepocadigital.com.ar\/wp-content\/uploads\/2022\/05\/boca-camp-630x840.jpg 630w\" sizes=\"auto, (max-width: 768px) 100vw, 768px\" \/><\/div>\n<div class=\"qzhwtbm6 knvmm38d\">\n<div dir=\"auto\"><\/div>\n<div class=\"kvgmc6g5 cxmmr5t8 oygrvhab hcukyx3x c1et5uql ii04i59q\">\n<div dir=\"auto\"><\/div>\n<div dir=\"auto\"><\/div>\n<p>&nbsp;<\/p>\n<div dir=\"auto\"><\/div>\n<div dir=\"auto\"><\/div>\n<div dir=\"auto\"><\/div>\n<div dir=\"auto\"><\/div>\n<div dir=\"auto\"><\/div>\n<div dir=\"auto\"><\/div>\n<div dir=\"auto\">\n<div class=\"qzhwtbm6 knvmm38d\">\n<div class=\"cxmmr5t8 oygrvhab hcukyx3x c1et5uql o9v6fnle ii04i59q\">\n<p>&nbsp;<\/p>\n<\/div>\n<\/div>\n<p><!--more--><\/p>\n<p>El intendente reflej\u00f3 la vivencia en su cuenta en la red social Facebook. &#8220;<em>Quiero saludar a los hinchas de Boca, y compartir la experiencia que viv\u00ed con mi padre en C\u00f3rdoba.<\/em><\/p>\n<\/div>\n<\/div>\n<div class=\"cxmmr5t8 oygrvhab hcukyx3x c1et5uql o9v6fnle ii04i59q\">\n<div dir=\"auto\"><em>Disfrutamos de un momento muy especial en el que nos uni\u00f3 la pasi\u00f3n, una que comparto desde muy ni\u00f1o, y una conexi\u00f3n especial con mi viejo, que tanto necesito y nos hace muy bien a los dos&#8221;.<\/em><\/div>\n<\/div>\n<div class=\"cxmmr5t8 oygrvhab hcukyx3x c1et5uql o9v6fnle ii04i59q\">\n<div dir=\"auto\"><\/div>\n<div dir=\"auto\">Y luego mencion\u00f3, &#8220;<em>tambi\u00e9n me sent\u00ed como en casa cuando vi el trapo de Exaltaci\u00f3n en el estadio. Los exaltacrucenses siempre presentes en todos lados. \u00a1Boca campe\u00f3n!&#8221;.<\/em> En tanto en Capilla del Se\u00f1or y otros puntos del distrito, los hinchas\u00a0 \u00a0de Boca como en otros lugares del pa\u00eds, salieron a la calle a festejar la conquista de una nueva &#8220;estrella&#8221;.<\/div>\n<p>&nbsp;<\/p>\n<\/div>\n<\/div>\n<p>&nbsp;<\/p>\n","protected":false},"excerpt":{"rendered":"<p>EN LA CONSAGRACI\u00d3N DE BOCA EN C\u00d3RDOBA, HUBO PRESENCIA DE EXALTACRUCENSES.<\/p>\n","protected":false},"author":3,"featured_media":16339,"comment_status":"open","ping_status":"open","sticky":false,"template":"","format":"standard","meta":{"footnotes":"","jetpack_publicize_message":"","jetpack_publicize_feature_enabled":true,"jetpack_social_post_already_shared":true,"jetpack_social_options":{"image_generator_settings":{"template":"highway","default_image_id":0,"font":"","enabled":false},"version":2}},"categories":[17],"tags":[1906,66],"class_list":["post-16337","post","type-post","status-publish","format-standard","has-post-thumbnail","hentry","category-politica","tag-boca-campeon","tag-nanni"],"jetpack_publicize_connections":[],"jetpack_featured_media_url":"https:\/\/revistaepocadigital.com.ar\/wp-content\/uploads\/2022\/05\/nanni-x2-boca22.jpg","jetpack_likes_enabled":true,"_links":{"self":[{"href":"https:\/\/revistaepocadigital.com.ar\/index.php?rest_route=\/wp\/v2\/posts\/16337","targetHints":{"allow":["GET"]}}],"collection":[{"href":"https:\/\/revistaepocadigital.com.ar\/index.php?rest_route=\/wp\/v2\/posts"}],"about":[{"href":"https:\/\/revistaepocadigital.com.ar\/index.php?rest_route=\/wp\/v2\/types\/post"}],"author":[{"embeddable":true,"href":"https:\/\/revistaepocadigital.com.ar\/index.php?rest_route=\/wp\/v2\/users\/3"}],"replies":[{"embeddable":true,"href":"https:\/\/revistaepocadigital.com.ar\/index.php?rest_route=%2Fwp%2Fv2%2Fcomments&post=16337"}],"version-history":[{"count":0,"href":"https:\/\/revistaepocadigital.com.ar\/index.php?rest_route=\/wp\/v2\/posts\/16337\/revisions"}],"wp:featuredmedia":[{"embeddable":true,"href":"https:\/\/revistaepocadigital.com.ar\/index.php?rest_route=\/wp\/v2\/media\/16339"}],"wp:attachment":[{"href":"https:\/\/revistaepocadigital.com.ar\/index.php?rest_route=%2Fwp%2Fv2%2Fmedia&parent=16337"}],"wp:term":[{"taxonomy":"category","embeddable":true,"href":"https:\/\/revistaepocadigital.com.ar\/index.php?rest_route=%2Fwp%2Fv2%2Fcategories&post=16337"},{"taxonomy":"post_tag","embeddable":true,"href":"https:\/\/revistaepocadigital.com.ar\/index.php?rest_route=%2Fwp%2Fv2%2Ftags&post=16337"}],"curies":[{"name":"wp","href":"https:\/\/api.w.org\/{rel}","templated":true}]}}