{"id":16347,"date":"2022-05-27T01:55:56","date_gmt":"2022-05-27T04:55:56","guid":{"rendered":"https:\/\/revistaepocadigital.com.ar\/?p=16347"},"modified":"2022-05-30T09:41:04","modified_gmt":"2022-05-30T12:41:04","slug":"palavecino-presidente-de-la-cooperativa-cepral-no-paro-la-obra-de-agua-corriente-en-el-barrio-sakura","status":"publish","type":"post","link":"https:\/\/revistaepocadigital.com.ar\/?p=16347","title":{"rendered":"Palavecino, presidente de la cooperativa: &#8220;Cepral no par\u00f3 la obra de agua corriente en el Barrio Sakura&#8221;"},"content":{"rendered":"<div class=\"I_ZkbNhI D_FY W_6D6F\" data-test-id=\"message-view-body\">\n<div class=\"msg-body P_wpofO mq_AS\" data-test-id=\"message-view-body-content\">\n<div class=\"jb_0 X_6MGW N_6Fd5\">\n<div id=\"yiv4588889960\">\n<div class=\"yiv4588889960yahoo-style-wrap\">\n<div dir=\"ltr\">\n<div dir=\"ltr\"><strong>ES OMAR PALAVECINO, LALO. EL PRESIDENTE DE CEPRAL<\/strong>.<\/div>\n<div dir=\"ltr\"><\/div>\n<div dir=\"ltr\">En su oficina en la sede de la cooperativa en <strong>Parada Robles<\/strong>, habl\u00f3 con EPOCA. Y lo hizo sobre <strong>dos temas controversiales y muy actuales en Exaltaci\u00f3n de la Cruz<\/strong>. Pausado, Palavecino, respondi\u00f3 acerca de la pol\u00e9mica abierta por la obra para instalar <strong>agua corriente en el Barrio Sakura y, sobre la colocaci\u00f3n de fibra \u00f3ptica<\/strong> a los vecinos usuarios de Cepral, quienes en los \u00faltimos tiempos han venido reiterando quejas y reclamos.<\/div>\n<div dir=\"ltr\"><\/div>\n<div dir=\"ltr\">Los servicios prestados por Cepral en la actualidad, abarcan 200 kil\u00f3metros de\u00a0 redes de los energ\u00eda electrica, telefonia e internet, y suma la f\u00e1brica de columnas de hormig\u00f3n elaborado, contando con clientes muy importantes como EDENOR.<\/div>\n<div><\/div>\n<div><strong>-Palavecino, \u00bfpuede sintetizar lo ocurrido con la obra para instalar agua corriente en el Barrio Sakura?, \u00bfque rol ha tenido Cepral?<\/strong><\/div>\n<div><em>-En la obra para instalar agua corriente en el barrio Sakura, Cpral tuvo el rol que deb\u00eda cumplir luego del acuerdo con la municipalidad de Exaltaci\u00f3n de la Cruz. La cooperativa\u00a0 contrat\u00f3 a la empresa Fenix, que cuenta con experiencia en materia de redes de agua potable. La obra en cuesti\u00f3n, tuvo un presupuesto asignado por el gobierno nacional entre 2020 y 2021. La empresa Corletti es la encargada del proyecto global, y Fenix ha tenido a su cargo al personal que ha llevado adelante la ejecuci\u00f3n de las tareas.<\/em><\/div>\n<div>\n<p><em>Ahora bien, en septiembre del a\u00f1o pasado, asum\u00ed como presidente de Cepral, y en cuanto al tema del agua corriente en\u00a0 Sakura, comenc\u00e9\u00a0 a hacer un estudio sobre la obra en lo concerniente a la cooperativa. Comprob\u00e9 que hab\u00eda cambiado mucho la ecuaci\u00f3n econ\u00f3mica, que los n\u00fameros no daban, ya que los costos eran distintos a los presupuestados<\/em>, <em>sin dudas el contexto inflacionario, la pandemia, etc, incidieron. Cepral tuvo que ver en la<\/em> <em>asignacion de los recursos y auditorias, en lo vinculado al proceso que integraban ENOHSA, el municipio, Corletti, la cooperativa y Fenix.<\/em><\/p>\n<\/div>\n<\/div>\n<\/div>\n<\/div>\n<\/div>\n<\/div>\n<\/div>\n<p><img loading=\"lazy\" decoding=\"async\" class=\"alignleft size-full wp-image-16359\" src=\"https:\/\/revistaepocadigital.com.ar\/wp-content\/uploads\/2022\/05\/palavecino-cepra.jpgLL_.jpg\" alt=\"\" width=\"288\" height=\"390\" srcset=\"https:\/\/revistaepocadigital.com.ar\/wp-content\/uploads\/2022\/05\/palavecino-cepra.jpgLL_.jpg 288w, https:\/\/revistaepocadigital.com.ar\/wp-content\/uploads\/2022\/05\/palavecino-cepra.jpgLL_-222x300.jpg 222w\" sizes=\"auto, (max-width: 288px) 100vw, 288px\" \/><\/p>\n<div class=\"I_ZkbNhI D_FY W_6D6F\" data-test-id=\"message-view-body\">\n<div class=\"msg-body P_wpofO mq_AS\" data-test-id=\"message-view-body-content\">\n<div class=\"jb_0 X_6MGW N_6Fd5\">\n<div id=\"yiv4588889960\">\n<div class=\"yiv4588889960yahoo-style-wrap\">\n<div dir=\"ltr\">\n<div>\n<div>\n<div><strong>-\u00bfDe lo analizado, a que conclusi\u00f3n arrib\u00f3?<\/strong><\/div>\n<\/div>\n<\/div>\n<div>&#8211;<em>Bueno, ante todo, que debemos ser responsables en el manejo de la cooperativa, y m\u00e1s en mi caso como presidente. Eso me llev\u00f3 a iniciar conversaciones con el municipio para informarles de la situaci\u00f3n en que nos encontr\u00e1bamos; como digo, no cerraba la ecuaci\u00f3n econ\u00f3mica. Cambi\u00f3 mucho todo y eso nos llev\u00f3, insisto, a decidir como lo hicimos, con responsabilidad y claridad.<\/em><\/div>\n<div><\/div>\n<div><strong>-Convers\u00f3 con el intendente Nanni.<\/strong><\/div>\n<div><em>-As\u00ed es, charlamos con el municipio, con el intendente Diego Nanni, y nos entendieron la situaci\u00f3n luego que se la detallar\u00e1mos con el resultado de los an\u00e1lisis que efectuamos. Ahora estamos en los correspondientes pasos legales para finiqitar el v\u00ednculo.<\/em><\/div>\n<div><\/div>\n<div dir=\"ltr\"><strong>-En medio de la controversia planteada, se ha escuchado decir que Cepral &#8220;par\u00f3 la obra&#8221;.<\/strong><\/div>\n<div dir=\"ltr\"><em>-Para nada; Cepral no par\u00f3 la obra; lo que ocurre es que se encuentra detenida hasta que se efectue una nueva licitaci\u00f3n para llevar a cabo la finalizaci\u00f3n de la obra. Como he dicho,\u00a0 lo que se hizo fue comunicar al municipio, que no la cooperativa no iba a\u00a0 continuar con el rol que se le asign\u00f3, debido\u00a0 a las razones que mencion\u00e9 antes. En cuanto a los trabajos, los importantes no se est\u00e1n continuando dado el proceso que se est\u00e1 llevando a cabo, es decir realizar una nueva licitaci\u00f3n y una vez finalizada, seguramente estimamos que va a continuar.<br \/>\n<\/em><\/div>\n<\/div>\n<\/div>\n<\/div>\n<div><\/div>\n<div id=\"yiv4588889960\">\n<div class=\"yiv4588889960yahoo-style-wrap\">\n<div dir=\"ltr\">\n<div>&#8211;<strong>\u00bfTrabaj\u00f3 personal de Cepral en la obra en Sakura?<\/strong><\/div>\n<div>A prop\u00f3sito de lo que plantea, me interesa dejar en claro que no ha\u00a0 habido personal de Cepral trabajando en la obra en el Barrio Sakura.\u00a0 Reitero, el rol de la cooperativa apunt\u00f3 a auditar y no a utilizar mano de obra propia, y por otro lado, no contamos con personal capacitado para ese tipo de trabajos requeridos.<\/div>\n<div><\/div>\n<div><strong>-\u00bfEn que grado de avance se encuentra la obra del agua corriente en el barrio?<\/strong><\/div>\n<div><em>-Su ejecuci\u00f3n se dividi\u00f3 en tres partes; la primera se encuentra en un 100% realizada; la segunda se concret\u00f3 al momento el 37%\u00a0 y de la tercera y ultima, el 10%<\/em><\/div>\n<div><\/div>\n<div><strong>-\u00bfC\u00f3mo considerar\u00eda el rol cumplido por Cepral en toda esta cuesti\u00f3n?<\/strong><\/div>\n<div><em>-Como es bien sabido, Cepral desde sus inicios se encarga de la provisi\u00f3n de energ\u00eda el\u00e9ctrica, m\u00e1s tarde sum\u00f3 telefon\u00eda y servicio de internet en el que estamos avanzando con aplomo y poniendo en pr\u00e1ctica la gran experiencia recogida en tanto tiempo, pese a los serios contratiempos que se viven en el pa\u00eds, en particular en los \u00faltimos a\u00f1os. Ahora bien, como vinculados a una obra p\u00fablica, tal es el caso del agua corriente para Sakura, fue la primera experiencia y no result\u00f3 como esper\u00e1bamos.<\/em><\/div>\n<div><\/div>\n<div><strong>-En que consiste lo que est\u00e1n realizando en Sakura para dotar a los vecinos que viven all\u00ed, de agua corriente?<\/strong><\/div>\n<div>&#8211;<em>El Barrio Sakura es muy importante,\u00a0 y la cantidad de vecinos que viven ha ido creciendo; lo que se ha venido llevando a cabo sintetizando, se puede decir que consta de la colocaci\u00f3n de dos importantes tanques de agua, en los lugares donde se han hecho las perforaciones, fijados en el proyecto, y los trabajos han avanzado. Incluso hay sectores que est\u00e1 cercanos a la conexi\u00f3n del agua a las casas de vecinos del barrio.<\/em><\/div>\n<div><\/div>\n<div dir=\"ltr\">\n<div><strong>LA FIBRA \u00d3PTICA, OBJETIVO.<\/strong><\/div>\n<\/div>\n<div><\/div>\n<div>&#8220;<em>La instalaci\u00f3n de fibra \u00f3ptica la hemos venido contemplando hace bastante y los vaivenes del pa\u00eds, nos han complicado para concretarla. Cepral convoc\u00f3 tiempo atr\u00e1s a 900 vecinos para que participaran con un aporte econ\u00f3mico en la concreci\u00f3n del proyecto, un avance tan importante para todos. No han sido ni son tiempos f\u00e1ciles, y menos a\u00fan ante la falta de financiamiento existente en el pa\u00eds&#8221;<\/em>, sostuvo <strong>Palavecino.<\/strong><\/div>\n<div><\/div>\n<div><em>&#8220;Al momento<\/em> -apunt\u00f3- s<em>e anotaron poco m\u00e1s de 400 vecinos, como digo es una obra muy relevante. Hay\u00a0 que tomar en cuenta nom\u00e1s, que deben cubrirse 44 kil\u00f3metros. Hemos comenzado a trabajar en los barrios El Remanso y Jular\u00f3. Son necesarios 44 mil metros de cableado. Sin dudas, resulta evidente que se trata de un emprendimiento de suma importancia, en el que vale destacar la participaci\u00f3n conjunta ente Cepral y los vecinos.<\/em><\/div>\n<div><\/div>\n<div><strong>-\u00bfAnte un presente tan complicado, \u00bfde que manera Cepral financia la colocaci\u00f3n de fibra \u00f3ptica<\/strong>?<\/div>\n<div>&#8211;<em>La cooperativa est\u00e1 gestionando la instalaci\u00f3n de fibra \u00f3ptica con\u00a0 dineros genuinos, sin cr\u00e9ditos y con el aporte de vecinos, mas all\u00e1 de la tan aguda situaci\u00f3n que se vive. Y en relaci\u00f3n al presente, ac\u00e1 me permito considerar que lo que pasa en la Argentina, no son s\u00f3lo problemas de gesti\u00f3n, los problemas son estructurales y datan de muchos a\u00f1os.\u00a0<\/em><\/div>\n<div><em>Hacemos la fibra \u00f3ptica y las tareas a diario, m\u00e1s all\u00e1 de algunas chicanas que ponen ciertos\u00a0 sectores, Hay algunos de estos que como en otros temas, hablan y opinan sin saber a ciencia cierta de que se trata. Y nosotros desde la cooperativa hablamos con ideas y proyectos concretos, no &#8220;hacemos fulbito para la tribuna&#8221;.<\/em><\/div>\n<div><\/div>\n<div>&#8211;<strong>\u00bfA cu\u00e1nto asciende el presupuesto requerido para la colocaci\u00f3n de la fibra \u00f3ptica?<\/strong><\/div>\n<div>&#8211;<em>Asciende a 20 millones de pesos, y la red abarcar\u00e1 a la totalidad de 1200 usuarios en los barrios El Remanso y Jular\u00f3. Por otro lado, puedo adelantar que en unos 15 d\u00edas los vecinos del Barrio El Zorzal, comenzar\u00e1n a contar con el servicio de fibra \u00f3ptica.<\/em><\/div>\n<\/div>\n<\/div>\n<\/div>\n<\/div>\n<\/div>\n<\/div>\n<div class=\"H_7jIs D_F ab_C Q_69H5 E_36RhU\" data-test-id=\"toolbar-hover-area\">\n<div class=\"D_F W_6D6F r_BN gl_C\" data-test-id=\"card-toolbar\">\n<div class=\"D_F ab_C en_0 b_Z14vXdP e_3mS2U I_ZkbNhI P_Z1otBpf\">\n<div class=\"D_F cdPFi_Z1oI2WW cdPFi4_Z29WjXl\" data-test-id=\"popover-container\"><\/div>\n<\/div>\n<\/div>\n<\/div>\n","protected":false},"excerpt":{"rendered":"<p>ES OMAR PALAVECINO, LALO. EL PRESIDENTE DE CEPRAL. En su oficina en la sede de la cooperativa en Parada Robles, habl\u00f3 con EPOCA. Y lo hizo sobre dos temas controversiales y muy actuales en Exaltaci\u00f3n de la Cruz. Pausado, Palavecino, respondi\u00f3 acerca de la pol\u00e9mica abierta por la obra para instalar agua corriente en el [&hellip;]<\/p>\n","protected":false},"author":4,"featured_media":16357,"comment_status":"open","ping_status":"open","sticky":false,"template":"","format":"standard","meta":{"footnotes":"","jetpack_publicize_message":"","jetpack_publicize_feature_enabled":true,"jetpack_social_post_already_shared":true,"jetpack_social_options":{"image_generator_settings":{"template":"highway","default_image_id":0,"font":"","enabled":false},"version":2}},"categories":[5,13],"tags":[1909,29,1908,1907,1675],"class_list":["post-16347","post","type-post","status-publish","format-standard","has-post-thumbnail","hentry","category-aqui-parada-robles","category-interes-general","tag-agua-corrientes","tag-cepral","tag-fibra-optica","tag-obra-sakura","tag-palavecino"],"jetpack_publicize_connections":[],"jetpack_featured_media_url":"https:\/\/revistaepocadigital.com.ar\/wp-content\/uploads\/2022\/05\/Presidente-Cepral-Omar-G.-Palavecino-1-1.jpgdd_-1.jpg","jetpack_likes_enabled":true,"_links":{"self":[{"href":"https:\/\/revistaepocadigital.com.ar\/index.php?rest_route=\/wp\/v2\/posts\/16347","targetHints":{"allow":["GET"]}}],"collection":[{"href":"https:\/\/revistaepocadigital.com.ar\/index.php?rest_route=\/wp\/v2\/posts"}],"about":[{"href":"https:\/\/revistaepocadigital.com.ar\/index.php?rest_route=\/wp\/v2\/types\/post"}],"author":[{"embeddable":true,"href":"https:\/\/revistaepocadigital.com.ar\/index.php?rest_route=\/wp\/v2\/users\/4"}],"replies":[{"embeddable":true,"href":"https:\/\/revistaepocadigital.com.ar\/index.php?rest_route=%2Fwp%2Fv2%2Fcomments&post=16347"}],"version-history":[{"count":0,"href":"https:\/\/revistaepocadigital.com.ar\/index.php?rest_route=\/wp\/v2\/posts\/16347\/revisions"}],"wp:featuredmedia":[{"embeddable":true,"href":"https:\/\/revistaepocadigital.com.ar\/index.php?rest_route=\/wp\/v2\/media\/16357"}],"wp:attachment":[{"href":"https:\/\/revistaepocadigital.com.ar\/index.php?rest_route=%2Fwp%2Fv2%2Fmedia&parent=16347"}],"wp:term":[{"taxonomy":"category","embeddable":true,"href":"https:\/\/revistaepocadigital.com.ar\/index.php?rest_route=%2Fwp%2Fv2%2Fcategories&post=16347"},{"taxonomy":"post_tag","embeddable":true,"href":"https:\/\/revistaepocadigital.com.ar\/index.php?rest_route=%2Fwp%2Fv2%2Ftags&post=16347"}],"curies":[{"name":"wp","href":"https:\/\/api.w.org\/{rel}","templated":true}]}}