{"id":16366,"date":"2022-05-27T10:54:54","date_gmt":"2022-05-27T13:54:54","guid":{"rendered":"https:\/\/revistaepocadigital.com.ar\/?p=16366"},"modified":"2022-05-27T10:54:54","modified_gmt":"2022-05-27T13:54:54","slug":"intendente-nanni-hay-problemas-mas-importantes-que-discutir-candidatos","status":"publish","type":"post","link":"https:\/\/revistaepocadigital.com.ar\/?p=16366","title":{"rendered":"INTENDENTE NANNI: &#8220;HAY PROBLEMAS M\u00c1S IMPORTANTES QUE DISCUTIR CANDIDATOS&#8221;"},"content":{"rendered":"<p><strong>El jefe comunal exaltacrucense Diego Nanni analiz\u00f3 la situaci\u00f3n del Frente de Todos, y se refiri\u00f3 al panorama electoral con vistas al a\u00f1o pr\u00f3ximo.<\/strong><!--more--><\/p>\n<p>Nota de Lucas Hern\u00e1ndez en codigobaires.com.ar<\/p>\n<p>El intendente de Exaltaci\u00f3n de la Cruz Diego Nanni se refiri\u00f3 a la actualidad del frente oficialista, espacio que integra, y afirm\u00f3 que \u201cse est\u00e1n haciendo p\u00fablicas muchas cuestiones que hist\u00f3ricamente se arreglaron en el cuarto del fondo, no en la vidriera\u201d.<\/p>\n<p>En di\u00e1logo con Radio La Plata (FM 90.9), Nanni sostuvo: \u201cLo que m\u00e1s critico de este escenario es eso, que los problemas siempre se ponen en la vidriera y los ve todo el mundo. Es llamativo que un gobierno tan activo y que tuvo que lidiar con un contexto tan adverso como la pandemia no pueda utilizar como bandera su desempe\u00f1o en estos dos a\u00f1os, que en ese sentido fue excepcional\u201d.<\/p>\n<p>\u201cHay cuestiones que deben dirimirse puertas adentro: protagonismo, candidaturas, participaci\u00f3n de cada espacio. Tenemos que reunirnos todos y pensar \u2018\u00bfqu\u00e9 estamos discutiendo?\u2019, porque creo que hay problemas m\u00e1s urgentes que la situaci\u00f3n interna del Frente\u201d, remarc\u00f3 el jefe comunal.<\/p>\n<p>Sobre la situaci\u00f3n de Exaltaci\u00f3n de la Cruz, Nanni celebr\u00f3 los avances en materia econ\u00f3mica y de infraestructura, e insisti\u00f3 en que \u201cla reactivaci\u00f3n y la obra p\u00fablica van de la mano, porque las obras generan empleo y el empleo genera que la gente salga, pasee y traslade su ganancia a otros rubros como la gastronom\u00eda y el turismo\u201d.<\/p>\n<p>\u201cAc\u00e1 lo que falta es ajustar los salarios, m\u00e1s all\u00e1 de los valores de los servicios y de las cosas. Nosotros sabemos que es la principal demanda de la gente, por sobre cuestiones pol\u00edticas y partidarias, y trabajamos d\u00eda a d\u00eda para cumplirla por m\u00e1s que cueste\u201d, afirm\u00f3 el intendente.<\/p>\n<p>Alrededor de esto \u00faltimo, concluy\u00f3: \u201cEs para destacar la voluntad del gobernador de hacerle frente a esto tambi\u00e9n, y eso se nota con los recientes incrementos a empleados estatales de todos los niveles. En ese sentido es un mandatario muy abierto, y creemos que eso va a jugar a nuestro favor en los pr\u00f3ximos meses\u201d.<\/p>\n<p>&nbsp;<\/p>\n","protected":false},"excerpt":{"rendered":"<p>El jefe comunal exaltacrucense Diego Nanni analiz\u00f3 la situaci\u00f3n del Frente de Todos, y se refiri\u00f3 al panorama electoral con vistas al a\u00f1o pr\u00f3ximo.<\/p>\n","protected":false},"author":3,"featured_media":16367,"comment_status":"open","ping_status":"open","sticky":false,"template":"","format":"standard","meta":{"footnotes":"","jetpack_publicize_message":"","jetpack_publicize_feature_enabled":true,"jetpack_social_post_already_shared":true,"jetpack_social_options":{"image_generator_settings":{"template":"highway","default_image_id":0,"font":"","enabled":false},"version":2}},"categories":[17],"tags":[340,66],"class_list":["post-16366","post","type-post","status-publish","format-standard","has-post-thumbnail","hentry","category-politica","tag-candidaturas","tag-nanni"],"jetpack_publicize_connections":[],"jetpack_featured_media_url":"https:\/\/revistaepocadigital.com.ar\/wp-content\/uploads\/2022\/05\/Diego-Nanni.jpg","jetpack_likes_enabled":true,"_links":{"self":[{"href":"https:\/\/revistaepocadigital.com.ar\/index.php?rest_route=\/wp\/v2\/posts\/16366","targetHints":{"allow":["GET"]}}],"collection":[{"href":"https:\/\/revistaepocadigital.com.ar\/index.php?rest_route=\/wp\/v2\/posts"}],"about":[{"href":"https:\/\/revistaepocadigital.com.ar\/index.php?rest_route=\/wp\/v2\/types\/post"}],"author":[{"embeddable":true,"href":"https:\/\/revistaepocadigital.com.ar\/index.php?rest_route=\/wp\/v2\/users\/3"}],"replies":[{"embeddable":true,"href":"https:\/\/revistaepocadigital.com.ar\/index.php?rest_route=%2Fwp%2Fv2%2Fcomments&post=16366"}],"version-history":[{"count":0,"href":"https:\/\/revistaepocadigital.com.ar\/index.php?rest_route=\/wp\/v2\/posts\/16366\/revisions"}],"wp:featuredmedia":[{"embeddable":true,"href":"https:\/\/revistaepocadigital.com.ar\/index.php?rest_route=\/wp\/v2\/media\/16367"}],"wp:attachment":[{"href":"https:\/\/revistaepocadigital.com.ar\/index.php?rest_route=%2Fwp%2Fv2%2Fmedia&parent=16366"}],"wp:term":[{"taxonomy":"category","embeddable":true,"href":"https:\/\/revistaepocadigital.com.ar\/index.php?rest_route=%2Fwp%2Fv2%2Fcategories&post=16366"},{"taxonomy":"post_tag","embeddable":true,"href":"https:\/\/revistaepocadigital.com.ar\/index.php?rest_route=%2Fwp%2Fv2%2Ftags&post=16366"}],"curies":[{"name":"wp","href":"https:\/\/api.w.org\/{rel}","templated":true}]}}