{"id":16401,"date":"2022-05-31T09:15:22","date_gmt":"2022-05-31T12:15:22","guid":{"rendered":"https:\/\/revistaepocadigital.com.ar\/?p=16401"},"modified":"2022-05-31T10:07:36","modified_gmt":"2022-05-31T13:07:36","slug":"la-justicia-le-dijo-no-al-sobreseimiento-del-policia-que-le-disparo-a-chano","status":"publish","type":"post","link":"https:\/\/revistaepocadigital.com.ar\/?p=16401","title":{"rendered":"La justicia le dijo &#8220;no&#8221; al sobreseimiento del polic\u00eda que le dispar\u00f3 a Chano"},"content":{"rendered":"<div dir=\"auto\"><strong>EL CASO QUE CONMOCION\u00d3<\/strong>.<\/div>\n<p><!--more--><\/p>\n<div class=\"cxmmr5t8 oygrvhab hcukyx3x c1et5uql o9v6fnle ii04i59q\">\n<div dir=\"auto\"><\/div>\n<div dir=\"auto\">El juez de Garant\u00edas del departamento judicial de Campana-Z\u00e1rate, Julio Grassi, rechaz\u00f3 sobreseer al polic\u00eda que bale\u00f3 al m\u00fasico Santiago \u201cChano\u201d Moreno Charpentier en su casa ubicada en la zona de Pav\u00f3n de Exaltaci\u00f3n de la Cruz en julio del a\u00f1o pasado.<\/div>\n<div dir=\"auto\"><\/div>\n<div dir=\"auto\">Los abogados defensores del efectivo pedir\u00e1n que sea llamado a declaraci\u00f3n indagatoria por el nuevo fiscal de la causa para resolver el expediente.<\/div>\n<div dir=\"auto\"><\/div>\n<\/div>\n<div class=\"cxmmr5t8 oygrvhab hcukyx3x c1et5uql o9v6fnle ii04i59q\">\n<div dir=\"auto\">Seg\u00fan informaron fuentes judiciales, el fallo fue dictado por el juez de Garant\u00edas 2 de Campana, Julio Andr\u00e9s Grassi, a ra\u00edz del pedido de sobreseimiento efectuado por los abogados defensores del polic\u00eda Facundo Amendolara.<\/div>\n<div dir=\"auto\"><\/div>\n<\/div>\n<div class=\"cxmmr5t8 oygrvhab hcukyx3x c1et5uql o9v6fnle ii04i59q\">\n<div dir=\"auto\">De acuerdo al escrito de cinco p\u00e1ginas, el magistrado no hizo lugar al pedido de los letrados, ya que Amendolara a\u00fan no fue indagado en la causa, \u201cpor lo que el \u00f3rgano persecutor no ha determinado a\u00fan las circunstancias f\u00e1cticas de la o las conductas que pretende, o no, atribuirle al imputado\u201d.<\/div>\n<div dir=\"auto\"><\/div>\n<\/div>\n<div class=\"cxmmr5t8 oygrvhab hcukyx3x c1et5uql o9v6fnle ii04i59q\">\n<div dir=\"auto\">Sucedi\u00f3 que el fiscal Mart\u00edn Zocca, a cargo de la Unidad Funcional de Instrucci\u00f3n (UFI) 1 del Departamento Judicial de Z\u00e1rate-Campana, no llam\u00f3 a indagatoria al polic\u00eda, al que imput\u00f3 del delito de lesiones grav\u00edsimas, por considerar que no hab\u00eda m\u00e9rito para llevarla a cabo.<\/div>\n<div dir=\"auto\"><\/div>\n<\/div>\n<div class=\"cxmmr5t8 oygrvhab hcukyx3x c1et5uql o9v6fnle ii04i59q\">\n<div dir=\"auto\">A ra\u00edz de ello, los abogados Fernando Soto y Mart\u00edn Sarabbi solicitaron el sobreseimiento de Amendolara, por haber actuado en leg\u00edtima defensa \u201cmotivado en una agresi\u00f3n ileg\u00edtima que no hab\u00eda provocado\u201d.\u00a0 \u201cEl temperamento postulado por la Defensa T\u00e9cnica resulta prematuro,\u00a0 ya que no se cuenta con la determinaci\u00f3n e individualizaci\u00f3n de las conductas de relevancia penal que ser\u00edan objeto de la encuesta preparatoria\u201d, argument\u00f3 el juez Grassi para no hacer lugar al pedido de los letrados.<\/div>\n<\/div>\n<div dir=\"auto\"><\/div>\n<div dir=\"auto\">En tanto, la madre de Chano hizo un dram\u00e1tico llamado para que su hijo reciba la atenci\u00f3n necesaria, para enfrentar el flagelo de las adicciones.<\/div>\n<div class=\"cxmmr5t8 oygrvhab hcukyx3x c1et5uql o9v6fnle ii04i59q\">\n<div dir=\"auto\"><\/div>\n<\/div>\n","protected":false},"excerpt":{"rendered":"<p>EL CASO QUE CONMOCION\u00d3.<\/p>\n","protected":false},"author":3,"featured_media":16409,"comment_status":"open","ping_status":"open","sticky":false,"template":"","format":"standard","meta":{"footnotes":"","jetpack_publicize_message":"","jetpack_publicize_feature_enabled":true,"jetpack_social_post_already_shared":true,"jetpack_social_options":{"image_generator_settings":{"template":"highway","default_image_id":0,"font":"","enabled":false},"version":2}},"categories":[6],"tags":[1491,1500],"class_list":["post-16401","post","type-post","status-publish","format-standard","has-post-thumbnail","hentry","category-barrios","tag-chano","tag-policia"],"jetpack_publicize_connections":[],"jetpack_featured_media_url":"https:\/\/revistaepocadigital.com.ar\/wp-content\/uploads\/2022\/05\/285191296_555978499449084_2312645038788674414_n.jpg","jetpack_likes_enabled":true,"_links":{"self":[{"href":"https:\/\/revistaepocadigital.com.ar\/index.php?rest_route=\/wp\/v2\/posts\/16401","targetHints":{"allow":["GET"]}}],"collection":[{"href":"https:\/\/revistaepocadigital.com.ar\/index.php?rest_route=\/wp\/v2\/posts"}],"about":[{"href":"https:\/\/revistaepocadigital.com.ar\/index.php?rest_route=\/wp\/v2\/types\/post"}],"author":[{"embeddable":true,"href":"https:\/\/revistaepocadigital.com.ar\/index.php?rest_route=\/wp\/v2\/users\/3"}],"replies":[{"embeddable":true,"href":"https:\/\/revistaepocadigital.com.ar\/index.php?rest_route=%2Fwp%2Fv2%2Fcomments&post=16401"}],"version-history":[{"count":0,"href":"https:\/\/revistaepocadigital.com.ar\/index.php?rest_route=\/wp\/v2\/posts\/16401\/revisions"}],"wp:featuredmedia":[{"embeddable":true,"href":"https:\/\/revistaepocadigital.com.ar\/index.php?rest_route=\/wp\/v2\/media\/16409"}],"wp:attachment":[{"href":"https:\/\/revistaepocadigital.com.ar\/index.php?rest_route=%2Fwp%2Fv2%2Fmedia&parent=16401"}],"wp:term":[{"taxonomy":"category","embeddable":true,"href":"https:\/\/revistaepocadigital.com.ar\/index.php?rest_route=%2Fwp%2Fv2%2Fcategories&post=16401"},{"taxonomy":"post_tag","embeddable":true,"href":"https:\/\/revistaepocadigital.com.ar\/index.php?rest_route=%2Fwp%2Fv2%2Ftags&post=16401"}],"curies":[{"name":"wp","href":"https:\/\/api.w.org\/{rel}","templated":true}]}}