{"id":16404,"date":"2022-06-02T00:23:23","date_gmt":"2022-06-02T03:23:23","guid":{"rendered":"https:\/\/revistaepocadigital.com.ar\/?p=16404"},"modified":"2022-06-02T00:23:23","modified_gmt":"2022-06-02T03:23:23","slug":"mauricio-di-yorio-tambien-esta-en-netflix","status":"publish","type":"post","link":"https:\/\/revistaepocadigital.com.ar\/?p=16404","title":{"rendered":"Mauricio Di Yorio, tambi\u00e9n est\u00e1 en Netflix"},"content":{"rendered":"<h5 id=\"titulo\"><strong>EL\u00a0 JOVEN ACTOR, ORIUNDO DE CARDALES, EN LA MUNDIALMENTE CONOCIDA PLATAFORMA Y PROTAGONISTA DE UNA PEL\u00cdCULA QUE RECORRE FESTIVALES EN EL MUNDO<\/strong><\/h5>\n<p><!--more--><\/p>\n<h5>Vaya a saber en cuantos casos durante el transcurso de los a\u00f1os, Los Cardales ha sido mencionado merced al hist\u00f3rico &#8220;Bar Di Yorio, emblema si los hay en la localidad de Exaltaci\u00f3n de la Cruz.<\/h5>\n<h5>Ahora bien, desde el presente y hacia el futuro, Cardales tambi\u00e9n va a ser mencionado y conocido por el apellido Di Yorio. El Di Yorio en cuesti\u00f3n es <strong>Mauricio<\/strong>, uno de los hijos del popular Alberto. Mauricio es actor y lo respalda una ascendente carrera art\u00edstica.<\/h5>\n<h5>Tanto que es el protagonista de &#8220;El Perfecto David&#8221;, la pel\u00edcula estrenada y entre las que cosech\u00f3 mejores cr\u00edticas en varios festivales de gran nivel y repercusi\u00f3n que tienen lugar en todo el mundo, como los de Triveca en Nueva York, EE. UU; Sao Paulo, Brasil; Montevideo, Uruguay; Florencia, Italia; Varsovia, Polonia; \u00c1msterdam, Holanda; Zurich, Suiza; Londres, Gran Breta\u00f1a; Melbourne, Australia; Rep\u00fablica Checa, entre otros.<\/h5>\n<h5>El 9 de diciembre pasado en tanto, &#8220;El Perfecto David&#8221; tuvo su estreno cines de la Argentina, como Cinepolis, Dot, Gaumont, y adem\u00e1s en cines del interior de nuestro pa\u00eds.\u00a0 Actualmente se puede ver en Cuevana 3 y pr\u00f3ximamente en otras plataformas.<\/h5>\n<h5>La labor actoral de<strong> Mauricio Di Yorio<\/strong> no se detiene, en la actualidad interpreta un persona con gran protagonismo en la serie de Fito Paez, basada en su famoso tema &#8220;El amor despu\u00e9s del Amor&#8221;.<\/h5>\n<h5>Como parte de la celebraci\u00f3n del aniversario del exitoso \u00e1lbum de Fito Paez, Netflix presentar\u00e1 una serie que recorrer\u00e1 la biograf\u00eda de uno de los estandartes del rock nacional.<\/h5>\n<h5>&#8220;El amor despu\u00e9s del amor&#8221;, tal el t\u00edtulo de la serie -comenz\u00f3 a filmarse hace unos meses-, ha reunido a un elenco de actores y actrices que ha impresionado por la calidad actoral y\u00a0 por el parecido de los actores con los personales reales de la\u00a0historia.<\/h5>\n<h5><\/h5>\n<h5><\/h5>\n<p><strong>Mir\u00e1 ac\u00e1 el trailer de El Perfecto David<\/strong>:<\/p>\n<div class=\"nred35xi k4urcfbm\" role=\"none\"><a class=\"oajrlxb2 g5ia77u1 qu0x051f esr5mh6w e9989ue4 r7d6kgcz rq0escxv nhd2j8a9 nc684nl6 p7hjln8o kvgmc6g5 cxmmr5t8 oygrvhab hcukyx3x jb3vyjys rz4wbd8a qt6c0cv9 a8nywdso i1ao9s8h f1sip0of lzcic4wl gpro0wi8 oo483o9r gmql0nx0\" tabindex=\"-1\" role=\"link\" href=\"https:\/\/youtu.be\/t6qBC9Y4lEs?fbclid=IwAR2nv9PxYAsvGUcQKZT5I5HZPDnS4VZeUOEWT9MIwtEFOt0vfIpszjOlQuY\" target=\"_blank\" rel=\"nofollow noopener\">tps:\/\/youtu.be\/t6qBC9Y4lEs<\/a><\/div>\n<div class=\"\">\n<div class=\"j83agx80 cbu4d94t l9j0dhe7\" tabindex=\"0\" role=\"gridcell\" data-scope=\"messages_table\" data-release-focus-from=\"CLICK\">\n<div class=\"j83agx80\" role=\"none\">\n<div class=\"j83agx80 buofh1pr g5gj957u hpfvmrgz\" role=\"none\" data-testid=\"message-container\">\n<div class=\"ns4p8fja j83agx80 cbu4d94t a6sixzi8 bkfpd7mw nred35xi a1xu1aao\" role=\"none\">\n<div class=\"j83agx80 k4urcfbm\" role=\"none\">\n<div class=\"ll8tlv6m j83agx80 cbu4d94t d2edcug0 l9j0dhe7\">\n<div class=\"j83agx80 k4urcfbm\" role=\"none\">\n<div class=\"ns4p8fja j83agx80 cbu4d94t a6sixzi8 bkfpd7mw d2edcug0 buofh1pr nred35xi\" role=\"none\">\n<div class=\"buofh1pr rj1gh0hx\" role=\"none\"><\/div>\n<\/div>\n<\/div>\n<div class=\"ns4p8fja j83agx80 cbu4d94t a6sixzi8 bkfpd7mw d2edcug0 kb5gq1qc nred35xi\" role=\"none\">\n<div class=\"d2edcug0 l9j0dhe7 tkr6xdv7 k4urcfbm\">\n<div class=\"nqmqzb3c k4urcfbm\">\n<div class=\"sf5mxxl7 ni8dbmo4 stjgntxs datstx6m inkptoze b3i9ofy5 monazrh9 h905i5nu qttc61fc\">\n<div class=\"j83agx80 cbu4d94t datstx6m\" data-testid=\"mwxma_attachment_item\">\n<div class=\"k4urcfbm j83agx80 l9j0dhe7\"><img loading=\"lazy\" decoding=\"async\" src=\"https:\/\/external.xx.fbcdn.net\/safe_image.php?w=150&amp;h=78&amp;url=https%3A%2F%2Fi.ytimg.com%2Fvi%2Ft6qBC9Y4lEs%2Fmaxresdefault.jpg&amp;cfs=1&amp;ext=emg0&amp;_nc_eui2=AeHBhxKNE3syR-iiT0ZaISOt3vEfgNboqL3e8R-A1uioveswGLbHgGNcJGAEpvqoKZI&amp;utld=ytimg.com&amp;_nc_oe=7031f&amp;_nc_sid=d859f6&amp;_nc_o2e=1&amp;ccb=3-6&amp;_nc_hash=AQHagLQbpb1XwIlw\" alt=\"\" width=\"150\" height=\"78\" \/><\/div>\n<div class=\"j83agx80 taijpn5t cbu4d94t buofh1pr cehpxlet n1l5q3vz tvfksri0 n851cfcs ozuftl9m\">\n<div class=\"buofh1pr j83agx80 btwxx1t3 cgat1ltu\">\n<div class=\"k4urcfbm d2edcug0 ii04i59q\">\n<div class=\"j83agx80 cbu4d94t ew0dbk1b irj2b8pg\"><\/div>\n<\/div>\n<\/div>\n<\/div>\n<\/div>\n<\/div>\n<\/div>\n<\/div>\n<\/div>\n<\/div>\n<\/div>\n<\/div>\n<\/div>\n<\/div>\n<\/div>\n<\/div>\n","protected":false},"excerpt":{"rendered":"<p>EL\u00a0 JOVEN ACTOR, ORIUNDO DE CARDALES, EN LA MUNDIALMENTE CONOCIDA PLATAFORMA Y PROTAGONISTA DE UNA PEL\u00cdCULA QUE RECORRE FESTIVALES EN EL MUNDO<\/p>\n","protected":false},"author":4,"featured_media":16405,"comment_status":"open","ping_status":"open","sticky":false,"template":"","format":"standard","meta":{"footnotes":"","jetpack_publicize_message":"","jetpack_publicize_feature_enabled":true,"jetpack_social_post_already_shared":true,"jetpack_social_options":{"image_generator_settings":{"template":"highway","default_image_id":0,"font":"","enabled":false},"version":2}},"categories":[12],"tags":[],"class_list":["post-16404","post","type-post","status-publish","format-standard","has-post-thumbnail","hentry","category-espectaculos"],"jetpack_publicize_connections":[],"jetpack_featured_media_url":"https:\/\/revistaepocadigital.com.ar\/wp-content\/uploads\/2022\/05\/di-yorio-hijo.jpg","jetpack_likes_enabled":true,"_links":{"self":[{"href":"https:\/\/revistaepocadigital.com.ar\/index.php?rest_route=\/wp\/v2\/posts\/16404","targetHints":{"allow":["GET"]}}],"collection":[{"href":"https:\/\/revistaepocadigital.com.ar\/index.php?rest_route=\/wp\/v2\/posts"}],"about":[{"href":"https:\/\/revistaepocadigital.com.ar\/index.php?rest_route=\/wp\/v2\/types\/post"}],"author":[{"embeddable":true,"href":"https:\/\/revistaepocadigital.com.ar\/index.php?rest_route=\/wp\/v2\/users\/4"}],"replies":[{"embeddable":true,"href":"https:\/\/revistaepocadigital.com.ar\/index.php?rest_route=%2Fwp%2Fv2%2Fcomments&post=16404"}],"version-history":[{"count":0,"href":"https:\/\/revistaepocadigital.com.ar\/index.php?rest_route=\/wp\/v2\/posts\/16404\/revisions"}],"wp:featuredmedia":[{"embeddable":true,"href":"https:\/\/revistaepocadigital.com.ar\/index.php?rest_route=\/wp\/v2\/media\/16405"}],"wp:attachment":[{"href":"https:\/\/revistaepocadigital.com.ar\/index.php?rest_route=%2Fwp%2Fv2%2Fmedia&parent=16404"}],"wp:term":[{"taxonomy":"category","embeddable":true,"href":"https:\/\/revistaepocadigital.com.ar\/index.php?rest_route=%2Fwp%2Fv2%2Fcategories&post=16404"},{"taxonomy":"post_tag","embeddable":true,"href":"https:\/\/revistaepocadigital.com.ar\/index.php?rest_route=%2Fwp%2Fv2%2Ftags&post=16404"}],"curies":[{"name":"wp","href":"https:\/\/api.w.org\/{rel}","templated":true}]}}