{"id":16414,"date":"2022-06-01T11:20:16","date_gmt":"2022-06-01T14:20:16","guid":{"rendered":"https:\/\/revistaepocadigital.com.ar\/?p=16414"},"modified":"2022-06-02T01:07:36","modified_gmt":"2022-06-02T04:07:36","slug":"sancho-denuncio-falta-de-gas-en-escuelas-y-nanni-replico","status":"publish","type":"post","link":"https:\/\/revistaepocadigital.com.ar\/?p=16414","title":{"rendered":"Sancho denunci\u00f3 falta de gas en escuelas y Nanni replic\u00f3"},"content":{"rendered":"<div class=\"I_ZkbNhI D_FY W_6D6F\" data-test-id=\"message-view-body\">\n<div class=\"msg-body P_wpofO mq_AS\" data-test-id=\"message-view-body-content\">\n<div class=\"jb_0 X_6MGW N_6Fd5\">\n<div dir=\"ltr\"><strong style=\"color: #222222; font-size: 15px;\">CRUCE FUERTE.<\/strong><strong><!--more--><\/strong><\/div>\n<div dir=\"ltr\"><\/div>\n<div dir=\"ltr\">Con el fr\u00edo recrudeciendo en forma debido a las temperaturas muy bajas, en Exaltaci\u00f3n de la Cruz tambi\u00e9n se hace sentir.\u00a0 En escuelas del distrito se hace sentir y dio pie a que el presidente del bloque de Juntos en el Concejo Deliberante, Ra\u00fal Sancho, realizara una fuerte denuncia reflejada en redes sociales.<\/div>\n<div dir=\"ltr\"><\/div>\n<div dir=\"ltr\">\n<div dir=\"ltr\">Sancho sostuvo que <em>&#8220;desde Consejo Escolar se denuncia que la mitad de las escuelas de Exaltaci\u00f3n tienen alg\u00fan problema con la calefacci\u00f3n. Mientras el intendente dej\u00f3 en una cuenta 14 millones de pesos del fondo educativo 2020 que no gast\u00f3. En 2021 le ingresaron 55 millones, y en 2022 70 millones de pesos&#8221;.<\/em><\/div>\n<div dir=\"ltr\"><\/div>\n<div dir=\"ltr\">Despu\u00e9s mencion\u00f3, &#8220;<em>pero las escuelas no tienen calefacci\u00f3n con -3\u00b0 de temperatura. Hay escuelas p\u00fablicas de Exaltaci\u00f3n sin calefactores, sin gas, sin ventanas, mientras el intendente recibi\u00f3 en 2021 mas de dos millones de pesos por escuela. Que explique el intendente, \u00bfen que gasta la plata del Fondo Educativo?<\/em><\/div>\n<\/div>\n<\/div>\n<\/div>\n<\/div>\n<div dir=\"ltr\"><\/div>\n<div dir=\"ltr\"><\/div>\n<div dir=\"ltr\"><img loading=\"lazy\" decoding=\"async\" class=\"alignleft size-full wp-image-16419\" src=\"https:\/\/revistaepocadigital.com.ar\/wp-content\/uploads\/2022\/06\/SANCHO-GAS-2.jpg\" alt=\"\" width=\"200\" height=\"533\" srcset=\"https:\/\/revistaepocadigital.com.ar\/wp-content\/uploads\/2022\/06\/SANCHO-GAS-2.jpg 200w, https:\/\/revistaepocadigital.com.ar\/wp-content\/uploads\/2022\/06\/SANCHO-GAS-2-113x300.jpg 113w, https:\/\/revistaepocadigital.com.ar\/wp-content\/uploads\/2022\/06\/SANCHO-GAS-2-158x420.jpg 158w\" sizes=\"auto, (max-width: 200px) 100vw, 200px\" \/><\/div>\n<div dir=\"ltr\"><\/div>\n<div class=\"I_ZkbNhI D_FY W_6D6F\" data-test-id=\"message-view-body\">\n<div class=\"msg-body P_wpofO mq_AS\" data-test-id=\"message-view-body-content\">\n<div class=\"jb_0 X_6MGW N_6Fd5\">\n<div dir=\"ltr\">\n<div dir=\"ltr\">En relaci\u00f3n a los cuestionamientos de Sancho, ratificando su condici\u00f3n de l\u00edder ariete de la oposici\u00f3n poste\u00f3 im\u00e1genes, &#8220;<em>Esto es la escuela 5 de La Lata en Exaltaci\u00f3n. Fuga de gas. Hay muchas as\u00ed. Ac\u00e1 se suspendieron las clases. Otras propon\u00edan arrancar a las 10 am por la falta de calefacci\u00f3n y en muchas se murieron de fr\u00edo. Hay que reclamar que inviertan la plata del fondo educativo en nuestras escuelas p\u00fablicas y en el futuro de nuestros ni\u00f1os.<\/em><\/div>\n<\/div>\n<\/div>\n<div dir=\"ltr\"><\/div>\n<div class=\"jb_0 X_6MGW N_6Fd5\">\n<div dir=\"ltr\">En l\u00ednea con la postura mostrada por Sancho, los consejeros escolares de Juntos, emitieron comunicado donde tambi\u00e9n se manifiestan en\u00a0 con dureza hacia el intendente, iniciado\u00a0 con un cuestionamiento pregunt\u00e1ndose: &#8220;La mitad de las escuelas tiene problemas con la calefacci\u00f3n?.<\/div>\n<div dir=\"ltr\"><\/div>\n<div dir=\"ltr\"><\/div>\n<div dir=\"ltr\"><\/div>\n<div dir=\"ltr\"><\/div>\n<div dir=\"ltr\"><\/div>\n<div dir=\"ltr\"><\/div>\n<div dir=\"ltr\"><\/div>\n<div dir=\"ltr\"><\/div>\n<div dir=\"ltr\"><\/div>\n<div dir=\"ltr\"><\/div>\n<div dir=\"ltr\"><\/div>\n<div dir=\"ltr\"><\/div>\n<div dir=\"ltr\"><\/div>\n<div dir=\"ltr\" style=\"text-align: center;\"><strong>A NANNI LE LLAMA LA ATENCI\u00d3N EL<\/strong><strong> DESCONOCIMIENTO DEL CONCEJAL SANCHO<\/strong><\/div>\n<div dir=\"ltr\"><\/div>\n<div dir=\"ltr\">Acerca de las denuncias de Raul Sancho, concejal y referente de Juntos, el intendente Diego Nanni dijo:<em> &#8220;Sinceramente desconozco las declaraciones del concejal Ra\u00fal Sancho, no es un legislador que tenga di\u00e1logo con el ejecutivo ni tampoco su bloque. Revisando redes alineadas con su postura que levantan sus declaraciones, observo llamativamente un desconocimiento de su parte, tanto de a quien compete la responsabilidad de revisar instalaciones, como las redes de gas en instituciones educativas, como as\u00ed tambi\u00e9n falta de conexi\u00f3n con el Consejo Escolar, donde consejeros que el edil lidera, debieran informarlo correctamente&#8221;.<\/em><\/div>\n<div dir=\"ltr\">\n<figure id=\"attachment_16423\" aria-describedby=\"caption-attachment-16423\" style=\"width: 300px\" class=\"wp-caption aligncenter\"><img loading=\"lazy\" decoding=\"async\" class=\"size-medium wp-image-16423\" src=\"https:\/\/revistaepocadigital.com.ar\/wp-content\/uploads\/2022\/06\/nanni-zona-norte-hoy-300x169.jpeg\" alt=\"\" width=\"300\" height=\"169\" srcset=\"https:\/\/revistaepocadigital.com.ar\/wp-content\/uploads\/2022\/06\/nanni-zona-norte-hoy-300x169.jpeg 300w, https:\/\/revistaepocadigital.com.ar\/wp-content\/uploads\/2022\/06\/nanni-zona-norte-hoy.jpeg 608w\" sizes=\"auto, (max-width: 300px) 100vw, 300px\" \/><figcaption id=\"caption-attachment-16423\" class=\"wp-caption-text\">Intendente Nanni (foto gentileza Zona Norte Hoy)<\/figcaption><\/figure>\n<\/div>\n<\/div>\n<div dir=\"ltr\"><\/div>\n<div class=\"jb_0 X_6MGW N_6Fd5\">\n<div dir=\"ltr\"><em>&#8220;Concretamente<\/em> -sostuvo despu\u00e9s el intendente- <em>el Consejo Escolar recibe el 10 de Mayo la partida asignada para pagar gasista y calderista; un s\u00f3lo profesional en el distrito por cada especialidad que califique en cuanto a su matriculaci\u00f3n y categor\u00eda, condici\u00f3n excluyente pedida por el Consejo. As\u00ed tambi\u00e9n para afrontar gastos relacionados con la revisi\u00f3n de instalaciones previo al encendido de calefactores y calderas, que tambi\u00e9n est\u00e1 a cargo del profesional contratado por mencionado Consejo Escolar<\/em>&#8220;, y luego enfatiz\u00f3,<em> &#8220;cabe destacar que no s\u00f3lo es encender artefactos de calefacci\u00f3n, sino qu\u00e9 hay una responsabilidad social muy importante que queda en el \u00e1mbito de Consejo Escolar\u2026&#8221;.<\/em><\/div>\n<div dir=\"ltr\"><\/div>\n<div dir=\"ltr\">Nanni dijo tambi\u00e9n, <em>&#8220;en una l\u00ednea de tiempo, del 10 de mayo a esta parte, son 52 los servicios que se van revisando y al mismo tiempo, se dan soluciones a la problem\u00e1tica que puedan llegar a presentar. De esta manera, en dos instituciones se encontraron fugas de gas, que a la fecha (<\/em>1-6)<em> de esta entrevista quedaron resueltas. Se avanza r\u00e1pidamente y de corrido, con el recurso de profesionales que en tiempo y forma van cumpliendo cuidadosamente con la responsabilidad encomendada y contratada&#8221;.<\/em><\/div>\n<div dir=\"ltr\"><\/div>\n<div dir=\"ltr\"><em>&#8220;Acabo de mencionar &#8211;<\/em>ampli\u00f3- <em>que de 52 servicios, en una escuela se encontr\u00f3 con una \u201cchancha\u201d de gas que hab\u00eda que &#8220;rellenar&#8221;, y que por cambio de personal auxiliar en esa instituci\u00f3n, pudo haber una descoordinaci\u00f3n pero est\u00e1 resuelto. Hay una fuga de gas en otro caso detectado, que imperiosamente tiene q ser resuelta para que nunca m\u00e1s! pase lo que ocurri\u00f3 a\u00f1os atr\u00e1s en un colegio en Moreno, donde perdieron la vida dos trabajadores. Y agrego en estos momentos que me refiero al tema, los inconvenientes estaban resueltos o se encontraba finalizando la tarea de arreglo de dicha irregularidad<\/em>&#8220;. Agreg\u00f3 Nanni que &#8220;<em>deben quedar unas 5 escuelas m\u00e1s que est\u00e1n siendo visitadas y revisadas!. Esto no quiere decir que da por hecho que existen irregularidades!, ni tampoco que no fueron atendidas!. Se est\u00e1 en un proceso que, como dije antes, en tiempo y forma se va llevando adelante y claro, la ola polar de la semana en curso, requiere de respuestas inmediatas&#8221;.<\/em><\/div>\n<div dir=\"ltr\"><\/div>\n<div dir=\"ltr\"><em>Estamos en una etapa en la que se vieneN haciendo obras en las escuelas\u00a0 de nuestro distrito como hace mucho no ve\u00edamos. Puedo mencionar a modo de ejemplo, las aulas en la escuela de Etchegoyen, los arreglos en el techo de la escuela 4 de Capilla del Se\u00f1or, totalmente damnificada por r\u00e1fagas de viento in\u00e9ditas de tiempo atr\u00e1s. Nos encontramos muy avanzados en la construcci\u00f3n del Jard\u00edn 905 de Arroyo de la Cruz, y desde la municipalidad venimos avanzando con la construcci\u00f3n de una Casa de Estudios Universitarios entre muchas otras cosas. No ahorramos en infraestructura para la educaci\u00f3n\u2026&#8221;, r<\/em>eplic\u00f3 el jefe comunal.<\/div>\n<div dir=\"ltr\"><\/div>\n<div dir=\"ltr\">Insisti\u00f3 Nanni, <em>&#8220;por eso hablo de un desconocimiento total en las declaraciones del concejal opositor, que podr\u00eda consultar a su bloque en el cual podemos encontrar al presidente del Consejo Escolar mandato cumplido, quien conoce bien los alcances legales y la asignaci\u00f3n presupuestaria que maneja el cuerpo. Como adem\u00e1s los tiempos y el recurso profesional con el que se cuenta para un trabajo con tanta responsabilidad&#8221;.<\/em><\/div>\n<div dir=\"ltr\"><\/div>\n<\/div>\n<\/div>\n<\/div>\n<p>&nbsp;<\/p>\n","protected":false},"excerpt":{"rendered":"<p>CRUCE FUERTE.<\/p>\n","protected":false},"author":4,"featured_media":16422,"comment_status":"open","ping_status":"open","sticky":false,"template":"","format":"standard","meta":{"footnotes":"","jetpack_publicize_message":"","jetpack_publicize_feature_enabled":true,"jetpack_social_post_already_shared":true,"jetpack_social_options":{"image_generator_settings":{"template":"highway","default_image_id":0,"font":"","enabled":false},"version":2}},"categories":[17],"tags":[576,1911,66,256],"class_list":["post-16414","post","type-post","status-publish","format-standard","has-post-thumbnail","hentry","category-politica","tag-escuelas","tag-gas","tag-nanni","tag-sancho"],"jetpack_publicize_connections":[],"jetpack_featured_media_url":"https:\/\/revistaepocadigital.com.ar\/wp-content\/uploads\/2022\/06\/escuelas.jpg","jetpack_likes_enabled":true,"_links":{"self":[{"href":"https:\/\/revistaepocadigital.com.ar\/index.php?rest_route=\/wp\/v2\/posts\/16414","targetHints":{"allow":["GET"]}}],"collection":[{"href":"https:\/\/revistaepocadigital.com.ar\/index.php?rest_route=\/wp\/v2\/posts"}],"about":[{"href":"https:\/\/revistaepocadigital.com.ar\/index.php?rest_route=\/wp\/v2\/types\/post"}],"author":[{"embeddable":true,"href":"https:\/\/revistaepocadigital.com.ar\/index.php?rest_route=\/wp\/v2\/users\/4"}],"replies":[{"embeddable":true,"href":"https:\/\/revistaepocadigital.com.ar\/index.php?rest_route=%2Fwp%2Fv2%2Fcomments&post=16414"}],"version-history":[{"count":0,"href":"https:\/\/revistaepocadigital.com.ar\/index.php?rest_route=\/wp\/v2\/posts\/16414\/revisions"}],"wp:featuredmedia":[{"embeddable":true,"href":"https:\/\/revistaepocadigital.com.ar\/index.php?rest_route=\/wp\/v2\/media\/16422"}],"wp:attachment":[{"href":"https:\/\/revistaepocadigital.com.ar\/index.php?rest_route=%2Fwp%2Fv2%2Fmedia&parent=16414"}],"wp:term":[{"taxonomy":"category","embeddable":true,"href":"https:\/\/revistaepocadigital.com.ar\/index.php?rest_route=%2Fwp%2Fv2%2Fcategories&post=16414"},{"taxonomy":"post_tag","embeddable":true,"href":"https:\/\/revistaepocadigital.com.ar\/index.php?rest_route=%2Fwp%2Fv2%2Ftags&post=16414"}],"curies":[{"name":"wp","href":"https:\/\/api.w.org\/{rel}","templated":true}]}}