{"id":1643,"date":"2019-02-12T00:06:48","date_gmt":"2019-02-12T03:06:48","guid":{"rendered":"https:\/\/revistaepocadigital.com.ar\/?p=1643"},"modified":"2019-02-12T00:06:48","modified_gmt":"2019-02-12T03:06:48","slug":"los-jubilados-pueden-solicitar-el-cambio-de-lugar-de-cobro-de-sus-haberes-2","status":"publish","type":"post","link":"https:\/\/revistaepocadigital.com.ar\/?p=1643","title":{"rendered":"Los jubilados pueden solicitar el cambio de lugar de cobro de sus haberes"},"content":{"rendered":"<p><strong>TODOS TIENEN UN BANCO ASIGNADO.<\/strong><!--more--><\/p>\n<p>ANSES asigna a todos los jubilados y pensionados un banco o centro de pago para el cobro inicial de sus haberes. Si los titulares quisieran solicitar el cambio, podr\u00e1n elegir entre diversas entidades bancarias habilitadas por el organismo previsional, una cuenta bancaria propia o una sucursal del Correo Argentino.<\/p>\n<p>Es importante destacar que el tr\u00e1mite solo podr\u00e1 ser realizado luego de haber cobrado por primera vez en la entidad asignada por ANSES.<\/p>\n<p>La modificaci\u00f3n se har\u00e1 efectiva, aproximadamente, a los 60 d\u00edas corridos desde la solicitud de cambio. Mientras tanto, el jubilado o pensionado continuar\u00e1 cobrando en su banco habitual.<\/p>\n<p><strong>\u00a0<\/strong><\/p>\n<p><strong>Grupos de pago para el 12 de febrero<\/strong><\/p>\n<ul>\n<li>Jubilados y pensionados cuyos haberes no superan los $10.580 y sus documentos terminan en 2.<\/li>\n<li>Titulares de la Asignaci\u00f3n Universal por Hijo y por Embarazo cuyos documentos terminan en 2.<\/li>\n<\/ul>\n<p>Los calendarios de pagos de todas las prestaciones pueden consultarse en <u><a href=\"http:\/\/www.anses.gob.ar\">www.anses.gob.ar<\/a><\/u>, opci\u00f3n <em>Accesos R\u00e1pidos<\/em>.<\/p>\n<p><strong>\u00a0<\/strong><\/p>\n","protected":false},"excerpt":{"rendered":"<p>TODOS TIENEN UN BANCO ASIGNADO.<\/p>\n","protected":false},"author":4,"featured_media":1642,"comment_status":"open","ping_status":"open","sticky":false,"template":"","format":"standard","meta":{"footnotes":"","jetpack_publicize_message":"","jetpack_publicize_feature_enabled":true,"jetpack_social_post_already_shared":false,"jetpack_social_options":{"image_generator_settings":{"template":"highway","default_image_id":0,"font":"","enabled":false},"version":2}},"categories":[81],"tags":[208,37,207],"class_list":["post-1643","post","type-post","status-publish","format-standard","has-post-thumbnail","hentry","category-anses","tag-12-2-19","tag-destacada","tag-jubilados"],"jetpack_publicize_connections":[],"jetpack_featured_media_url":"https:\/\/revistaepocadigital.com.ar\/wp-content\/uploads\/2019\/02\/ANSES1-1.jpg","jetpack_likes_enabled":true,"_links":{"self":[{"href":"https:\/\/revistaepocadigital.com.ar\/index.php?rest_route=\/wp\/v2\/posts\/1643","targetHints":{"allow":["GET"]}}],"collection":[{"href":"https:\/\/revistaepocadigital.com.ar\/index.php?rest_route=\/wp\/v2\/posts"}],"about":[{"href":"https:\/\/revistaepocadigital.com.ar\/index.php?rest_route=\/wp\/v2\/types\/post"}],"author":[{"embeddable":true,"href":"https:\/\/revistaepocadigital.com.ar\/index.php?rest_route=\/wp\/v2\/users\/4"}],"replies":[{"embeddable":true,"href":"https:\/\/revistaepocadigital.com.ar\/index.php?rest_route=%2Fwp%2Fv2%2Fcomments&post=1643"}],"version-history":[{"count":0,"href":"https:\/\/revistaepocadigital.com.ar\/index.php?rest_route=\/wp\/v2\/posts\/1643\/revisions"}],"wp:featuredmedia":[{"embeddable":true,"href":"https:\/\/revistaepocadigital.com.ar\/index.php?rest_route=\/wp\/v2\/media\/1642"}],"wp:attachment":[{"href":"https:\/\/revistaepocadigital.com.ar\/index.php?rest_route=%2Fwp%2Fv2%2Fmedia&parent=1643"}],"wp:term":[{"taxonomy":"category","embeddable":true,"href":"https:\/\/revistaepocadigital.com.ar\/index.php?rest_route=%2Fwp%2Fv2%2Fcategories&post=1643"},{"taxonomy":"post_tag","embeddable":true,"href":"https:\/\/revistaepocadigital.com.ar\/index.php?rest_route=%2Fwp%2Fv2%2Ftags&post=1643"}],"curies":[{"name":"wp","href":"https:\/\/api.w.org\/{rel}","templated":true}]}}