{"id":16443,"date":"2022-06-03T02:57:14","date_gmt":"2022-06-03T05:57:14","guid":{"rendered":"https:\/\/revistaepocadigital.com.ar\/?p=16443"},"modified":"2022-06-03T10:54:42","modified_gmt":"2022-06-03T13:54:42","slug":"16443-2","status":"publish","type":"post","link":"https:\/\/revistaepocadigital.com.ar\/?p=16443","title":{"rendered":"&#8220;HAY QUE DEJAR LA POL\u00cdTICA AFUERA DEL CONSEJO&#8221;, AFIRMA MALENA GARATAVIDEA"},"content":{"rendered":"<p><strong>LA TITULAR DEL CONSEJO ESCOLAR, TAMBI\u00c9N HABLA DEL CONFLICTIVO\u00a0 TEMA DE LA CALEFACCI\u00d3N EN LAS ESCUELAS.<\/strong><\/p>\n<p>&nbsp;<\/p>\n<p><!--more-->La aguda pol\u00e9mica disparada con las denuncias de<em> Ra\u00fal Sancho,<\/em> edil y referente local de Juntos, debido a las falencias en la provisi\u00f3n y mantenimiento de servicios vinculados escuelas exaltacruce\u00f1as, replicadas por el intendente <em>Diego Nanni,<\/em> a la que se sumaron consejeros escolares opositores, dio lugar para que al dialogar con EPOCA, la joven presidente <em>Malena Garatavidea<\/em>, (32 a\u00f1os, casada, una hija) se expresara. La mujer atraviesa su segunda experiencia en la pol\u00edtica en el Consejo Escolar.<\/p>\n<p><strong>-\u00bfCu\u00e1ntas escuelas existen en Exaltac\u00ed\u00f3n de la Cruz? \u00bfEs cierto que en la mitad de las escuelas del distrito existen problemas con la calefacci\u00f3n<\/strong>?<\/p>\n<p>&#8211;<em>Contando todos los niveles y modalidades son 52 establecimientos educativos, de los cuales est\u00e1n la mayor\u00eda y casi la totalidad calefaccionados, ya sea con calefactores, calderas y aires acondicionados fr\u00edo\/calor. Se trabaja en forma constante y es falso que el 50 % de las escuelas de nuestro partido, no est\u00e9n calefaccionadas. Contamos en el Consejo Escolar con las facturas de los proveedores, los que se encuentran trabajando en temas del gas, y se cuenta con el aval de las directoras de todas las escuelas.<\/em><br \/>\n<em>Ahora bien, algo que me interesa aclarar, en estos d\u00edas del fin de semana y durante la semana venidera, se estar\u00e1n encendiendo calefactores que presentaron dificultades, como as\u00ed tambi\u00e9n se trabaja fuertemente en dos escuelas. En esos establecimientos se encontr\u00f3 una fuga de gas, ambas fueron tratadas de inmediato tomando todas las medidas de prevenci\u00f3n. Lo cierto es que el 10 de mayo pasado, recibimos la partida presupuestaria,\u00a0 destinada a la provisi\u00f3n de gas por una suma aproximada de 700 mil pesos, por lo cual enseguida comenzamos partir de all\u00ed, con la revisi\u00f3n de los servicios<\/em>.<\/p>\n<p>&nbsp;<\/p>\n<p><span style=\"color: #000000;\">-L<strong>a pol\u00e9mica planteada entre oficialismo y oposici\u00f3n, tanto en Consejo Escolar como Concejo Deliberante, por el tema de falencias en escuelas, a EPOCA le da la impresion que se trata de otro cap\u00edtulo en la confrontaci\u00f3n entre el oficialismo-Nanni y la oposici\u00f3n-Sancho. Mientras tanto, el fr\u00edo no cede y en el medio est\u00e1n lo m\u00e1s importante y fundamental: los chicos. \u00bfCual es tu visi\u00f3n<\/strong><\/span><strong>?<\/strong><br \/>\n<em>&#8211; Mi visi\u00f3n es que hay que tratar de dejar la pol\u00edtica afuera del Consejo Escolar, es lamentable que algunos consejeros no traten los temas en las sesiones ordinarias realizadas todos los jueves, y en cambio lo hagan as\u00ed en redes sociales. Por eso, tratamos de que todo sea conversado en el espacio correspondiente, y no salir a divulgar informaci\u00f3n y fuera de contexto.<\/em><\/p>\n<p><img loading=\"lazy\" decoding=\"async\" class=\"aligncenter size-medium wp-image-16448\" src=\"https:\/\/revistaepocadigital.com.ar\/wp-content\/uploads\/2022\/06\/gara-3-233x300.jpg\" alt=\"\" width=\"233\" height=\"300\" srcset=\"https:\/\/revistaepocadigital.com.ar\/wp-content\/uploads\/2022\/06\/gara-3-233x300.jpg 233w, https:\/\/revistaepocadigital.com.ar\/wp-content\/uploads\/2022\/06\/gara-3-931x1200.jpg 931w, https:\/\/revistaepocadigital.com.ar\/wp-content\/uploads\/2022\/06\/gara-3-768x990.jpg 768w, https:\/\/revistaepocadigital.com.ar\/wp-content\/uploads\/2022\/06\/gara-3-1191x1536.jpg 1191w, https:\/\/revistaepocadigital.com.ar\/wp-content\/uploads\/2022\/06\/gara-3-696x897.jpg 696w, https:\/\/revistaepocadigital.com.ar\/wp-content\/uploads\/2022\/06\/gara-3-1068x1377.jpg 1068w, https:\/\/revistaepocadigital.com.ar\/wp-content\/uploads\/2022\/06\/gara-3-326x420.jpg 326w, https:\/\/revistaepocadigital.com.ar\/wp-content\/uploads\/2022\/06\/gara-3-651x840.jpg 651w, https:\/\/revistaepocadigital.com.ar\/wp-content\/uploads\/2022\/06\/gara-3.jpg 1247w\" sizes=\"auto, (max-width: 233px) 100vw, 233px\" \/><\/p>\n<h4><em>Garatavidea, preside el Consejo Escolar. Habl\u00f3 con EPOCA.<\/em><\/h4>\n<p>&nbsp;<\/p>\n<p><strong>-Los consejeros escolares de la oposici\u00f3n de Juntos, han sostenido en un comunicado que el municipio el a\u00f1o pasado, recibi\u00f3 $55 millones, m\u00e1s de $2 millones por escuela, y fue escaso lo que se volc\u00f3 a obras de infraestructura. Seguramente no coincidir\u00e1s, \u00bfpor que?<\/strong><br \/>\n&#8211; Realmente no sabemos la suma de dinero del Fondo Educativo que va destinado a infraestructura escolar. S\u00ed, tengo entendido que es un 40 %, a ra\u00edz de la solicitud realizada por la oposici\u00f3n. En tal sentido el viernes (3\/6),hab\u00eda una reuni\u00f3n de personal de la municipalidad, para que pudieran explicar el destino de dichos fondos,. En esa reuni\u00f3n iban a estar, Mar\u00eda Luz Bozzani, Juan D\u00edaz, Leandro Boubeta, la jefa distrital Ang\u00e9lica Rivas Fern\u00e1ndez y el cuerpo de consejeros. Tambi\u00e9n en este punto, me parece importante aclarar, que se est\u00e1 trabajando de una manera articulada con Pol\u00edticas Educativas para finalizar con los trabajos en las escuelas.<\/p>\n<p>&#8211;<strong>\u00bfEn \u00e9pocas invernales, temas como calefacci\u00f3n en escuelas son vitales, as\u00ed como otros en distintas etapas del a\u00f1o, \u00bfcomo enfrentan los problemas tanto el oficialismo como la oposicion en el Consejo Escolar?<\/strong><br \/>\n&#8212;<em>Se ordenan los trabajos priorizando las necesidades edilicias del distrito. El Consejo Escolar est\u00e1 conformado por 6 comisiones, donde en cada una de ellas hay dos consejeros que se ocupan espec\u00edficamente de eso. Las comisiones son: cooperadora, gremios, auxiliares, servicio alimentario escolar, transporte escolar e infraestructura.<\/em><br \/>\n<em>Estamos respondiendo las necesidades creo que bastante bien, gestionando con las delegaciones de cada localidad, y con pol\u00edticas educativas tambi\u00e9n. Por otro lado, nos encontramos en constante comunicaci\u00f3n con equipos directivos, con los inspectores de los niveles. A su vez, me interesa<\/em><em>\u00a0aclarar que las obras son supervisadas por el arquitecto Lic Dar\u00edo Lucca.<\/em><\/p>\n","protected":false},"excerpt":{"rendered":"<p>LA TITULAR DEL CONSEJO ESCOLAR, TAMBI\u00c9N HABLA DEL CONFLICTIVO\u00a0 TEMA DE LA CALEFACCI\u00d3N EN LAS ESCUELAS. &nbsp;<\/p>\n","protected":false},"author":4,"featured_media":16447,"comment_status":"open","ping_status":"open","sticky":false,"template":"","format":"standard","meta":{"footnotes":"","jetpack_publicize_message":"","jetpack_publicize_feature_enabled":true,"jetpack_social_post_already_shared":true,"jetpack_social_options":{"image_generator_settings":{"template":"highway","default_image_id":0,"font":"","enabled":false},"version":2}},"categories":[17],"tags":[1913,1915,1912,1914],"class_list":["post-16443","post","type-post","status-publish","format-standard","has-post-thumbnail","hentry","category-politica","tag-alejandra","tag-frio","tag-garatavidea","tag-polemia"],"jetpack_publicize_connections":[],"jetpack_featured_media_url":"https:\/\/revistaepocadigital.com.ar\/wp-content\/uploads\/2022\/06\/gara2.jpg","jetpack_likes_enabled":true,"_links":{"self":[{"href":"https:\/\/revistaepocadigital.com.ar\/index.php?rest_route=\/wp\/v2\/posts\/16443","targetHints":{"allow":["GET"]}}],"collection":[{"href":"https:\/\/revistaepocadigital.com.ar\/index.php?rest_route=\/wp\/v2\/posts"}],"about":[{"href":"https:\/\/revistaepocadigital.com.ar\/index.php?rest_route=\/wp\/v2\/types\/post"}],"author":[{"embeddable":true,"href":"https:\/\/revistaepocadigital.com.ar\/index.php?rest_route=\/wp\/v2\/users\/4"}],"replies":[{"embeddable":true,"href":"https:\/\/revistaepocadigital.com.ar\/index.php?rest_route=%2Fwp%2Fv2%2Fcomments&post=16443"}],"version-history":[{"count":0,"href":"https:\/\/revistaepocadigital.com.ar\/index.php?rest_route=\/wp\/v2\/posts\/16443\/revisions"}],"wp:featuredmedia":[{"embeddable":true,"href":"https:\/\/revistaepocadigital.com.ar\/index.php?rest_route=\/wp\/v2\/media\/16447"}],"wp:attachment":[{"href":"https:\/\/revistaepocadigital.com.ar\/index.php?rest_route=%2Fwp%2Fv2%2Fmedia&parent=16443"}],"wp:term":[{"taxonomy":"category","embeddable":true,"href":"https:\/\/revistaepocadigital.com.ar\/index.php?rest_route=%2Fwp%2Fv2%2Fcategories&post=16443"},{"taxonomy":"post_tag","embeddable":true,"href":"https:\/\/revistaepocadigital.com.ar\/index.php?rest_route=%2Fwp%2Fv2%2Ftags&post=16443"}],"curies":[{"name":"wp","href":"https:\/\/api.w.org\/{rel}","templated":true}]}}