{"id":16460,"date":"2022-06-05T00:18:14","date_gmt":"2022-06-05T03:18:14","guid":{"rendered":"https:\/\/revistaepocadigital.com.ar\/?p=16460"},"modified":"2022-06-05T00:18:14","modified_gmt":"2022-06-05T03:18:14","slug":"ramon-godoy-nunca-se-olvida","status":"publish","type":"post","link":"https:\/\/revistaepocadigital.com.ar\/?p=16460","title":{"rendered":"Ram\u00f3n Godoy nunca se olvida"},"content":{"rendered":"<div><strong>UN A\u00d1O.<!--more--><\/strong><\/div>\n<div><\/div>\n<div>Se cumpli\u00f3 el primer a\u00f1o (3\/6) del fallecimiento de un vecino entra\u00f1able y de un profesional de la salud muy respetado como lo fue <strong>Ram\u00f3n Godoy.<\/strong><\/div>\n<div><\/div>\n<div>Un vecino y amigo de Ram\u00f3n; <strong>Roberto Luis Vel\u00e1zquez,<\/strong> entre tantos que lo recordaron, poste\u00f3 una sentida evocaci\u00f3n en la red social Facebook.<\/div>\n<div><\/div>\n<div><em>&#8220;Hoy se cumple un a\u00f1o que te fuiste, despu\u00e9s de tanto sufrimiento que no te merecias colega. Compa\u00f1ero, jefe, una amistad de m\u00e1s de cuarenta a\u00f1os.<\/em><\/div>\n<div><\/div>\n<div><em> Cu\u00e1nto, cuanto tiempo compartimos, cuantas discusiones que con un mate arreglamos. Cuantas cosas que aprend\u00ed contigo, hoy es un dia muy triste.<\/em><\/div>\n<div><\/div>\n<div><em>Siempre fuiste igual con tu personalidad, compa\u00f1erismo y profesionalismo dejaste una huella muy grande. Recuerdo nuestro \u00faltimo encuentro, y la verdad se te extra\u00f1a. Tengo tantas cosa para poderte decir, pero el dolor no me deja. Alg\u00fan dia seguro nos encontraremos y charlaremos largo y tendido.<\/em><\/div>\n<div><\/div>\n<div><em>Siempre en el coraz\u00f3n. Un fuerte beso al cielo. querido Lic. Ram\u00f3n Godoy&#8221;.<\/em><\/div>\n<div><\/div>\n","protected":false},"excerpt":{"rendered":"<p>UN A\u00d1O.<\/p>\n","protected":false},"author":3,"featured_media":16464,"comment_status":"open","ping_status":"open","sticky":false,"template":"","format":"standard","meta":{"footnotes":"","jetpack_publicize_message":"","jetpack_publicize_feature_enabled":true,"jetpack_social_post_already_shared":true,"jetpack_social_options":{"image_generator_settings":{"template":"highway","default_image_id":0,"font":"","enabled":false},"version":2}},"categories":[14],"tags":[],"class_list":["post-16460","post","type-post","status-publish","format-standard","has-post-thumbnail","hentry","category-la-gente"],"jetpack_publicize_connections":[],"jetpack_featured_media_url":"https:\/\/revistaepocadigital.com.ar\/wp-content\/uploads\/2022\/06\/godoy-ramon.jpg","jetpack_likes_enabled":true,"_links":{"self":[{"href":"https:\/\/revistaepocadigital.com.ar\/index.php?rest_route=\/wp\/v2\/posts\/16460","targetHints":{"allow":["GET"]}}],"collection":[{"href":"https:\/\/revistaepocadigital.com.ar\/index.php?rest_route=\/wp\/v2\/posts"}],"about":[{"href":"https:\/\/revistaepocadigital.com.ar\/index.php?rest_route=\/wp\/v2\/types\/post"}],"author":[{"embeddable":true,"href":"https:\/\/revistaepocadigital.com.ar\/index.php?rest_route=\/wp\/v2\/users\/3"}],"replies":[{"embeddable":true,"href":"https:\/\/revistaepocadigital.com.ar\/index.php?rest_route=%2Fwp%2Fv2%2Fcomments&post=16460"}],"version-history":[{"count":0,"href":"https:\/\/revistaepocadigital.com.ar\/index.php?rest_route=\/wp\/v2\/posts\/16460\/revisions"}],"wp:featuredmedia":[{"embeddable":true,"href":"https:\/\/revistaepocadigital.com.ar\/index.php?rest_route=\/wp\/v2\/media\/16464"}],"wp:attachment":[{"href":"https:\/\/revistaepocadigital.com.ar\/index.php?rest_route=%2Fwp%2Fv2%2Fmedia&parent=16460"}],"wp:term":[{"taxonomy":"category","embeddable":true,"href":"https:\/\/revistaepocadigital.com.ar\/index.php?rest_route=%2Fwp%2Fv2%2Fcategories&post=16460"},{"taxonomy":"post_tag","embeddable":true,"href":"https:\/\/revistaepocadigital.com.ar\/index.php?rest_route=%2Fwp%2Fv2%2Ftags&post=16460"}],"curies":[{"name":"wp","href":"https:\/\/api.w.org\/{rel}","templated":true}]}}