{"id":16466,"date":"2022-06-05T03:20:39","date_gmt":"2022-06-05T06:20:39","guid":{"rendered":"https:\/\/revistaepocadigital.com.ar\/?p=16466"},"modified":"2022-06-05T10:16:46","modified_gmt":"2022-06-05T13:16:46","slug":"los-consejales-de-juntos-tambien-subieron-al-ring","status":"publish","type":"post","link":"https:\/\/revistaepocadigital.com.ar\/?p=16466","title":{"rendered":"LOS CONSEJEROS ESCOLARES DE JUNTOS, TAMBI\u00c9N SUBIERON AL RING"},"content":{"rendered":"<p><strong><span class=\"d2edcug0 hpfvmrgz qv66sw1b c1et5uql lr9zc1uh a8c37x1j fe6kdd0r mau55g9w c8b282yb keod5gw0 nxhoafnm aigsh9s9 d3f4x2em iv3no6db jq4qci2q a3bd9o3v b1v8xokw oo9gr5id\" dir=\"auto\">EL ENFRENTAMIENTO DEL OFICIALISMO CON JUNTOS, POR LAS FALENCIAS DE GAS EN EL DISCRITO.<\/span><\/strong><!--more--><\/p>\n<p>La presidenta del bloque opositor Juntos, Nelly Gonz\u00e1lez, sali\u00f3 a trav\u00e9s de redes sociales, a cuestionar el accionar de consejeros escolares oficialistas, y a la actual gesti\u00f3n municipal encabezada por el intendente Nanni. Lo hizo con inusual \u00e9nfasis, sum\u00e1ndose el consejero Claudio Gonz\u00e1lez (completa el bloque Sonia Puebla).<\/p>\n<p>Utilizando su red social, sobre la controversia que ha tenido el servicio de calefacci\u00f3n es escuelas distritales, Nelly Gonz\u00e1lez hizo saber: <img loading=\"lazy\" decoding=\"async\" class=\"aligncenter size-full wp-image-16469\" src=\"https:\/\/revistaepocadigital.com.ar\/wp-content\/uploads\/2022\/06\/gonza.jpg\" alt=\"\" width=\"408\" height=\"640\" srcset=\"https:\/\/revistaepocadigital.com.ar\/wp-content\/uploads\/2022\/06\/gonza.jpg 408w, https:\/\/revistaepocadigital.com.ar\/wp-content\/uploads\/2022\/06\/gonza-191x300.jpg 191w, https:\/\/revistaepocadigital.com.ar\/wp-content\/uploads\/2022\/06\/gonza-268x420.jpg 268w\" sizes=\"auto, (max-width: 408px) 100vw, 408px\" \/><\/p>\n<p>La consejera Gonz\u00e1lez (foto), tom\u00f3 contacto via whatsaap con EPOCA, y consult\u00f3 si &#8220;en las publicaciones pueden enviarse fotos (relacionadas a los problemas con calefacciones en escuelas exaltacruce\u00f1as)&#8221;.<\/p>\n<p>La respuesta claro, fue afirmativa. EPOCA, vale reiterarlo, considera y escucha sin retaceos, a todas las voces m\u00e1s all\u00e1 de los sectores que representen. Y lo hace desde los inicios mismos, avalados por casi 40 a\u00f1os de trayectoria period\u00edstica.<\/p>\n<figure id=\"attachment_16470\" aria-describedby=\"caption-attachment-16470\" style=\"width: 338px\" class=\"wp-caption alignright\"><img loading=\"lazy\" decoding=\"async\" class=\"size-full wp-image-16470\" src=\"https:\/\/revistaepocadigital.com.ar\/wp-content\/uploads\/2022\/06\/gonzal.jpg-99.jpg\" alt=\"\" width=\"338\" height=\"231\" srcset=\"https:\/\/revistaepocadigital.com.ar\/wp-content\/uploads\/2022\/06\/gonzal.jpg-99.jpg 338w, https:\/\/revistaepocadigital.com.ar\/wp-content\/uploads\/2022\/06\/gonzal.jpg-99-300x205.jpg 300w, https:\/\/revistaepocadigital.com.ar\/wp-content\/uploads\/2022\/06\/gonzal.jpg-99-218x150.jpg 218w\" sizes=\"auto, (max-width: 338px) 100vw, 338px\" \/><figcaption id=\"caption-attachment-16470\" class=\"wp-caption-text\">Consejera escolar Gonz\u00e1lez, titular del bloque Juntos.<\/figcaption><\/figure>\n<figure id=\"attachment_16472\" aria-describedby=\"caption-attachment-16472\" style=\"width: 225px\" class=\"wp-caption alignright\"><img loading=\"lazy\" decoding=\"async\" class=\"size-medium wp-image-16472\" src=\"https:\/\/revistaepocadigital.com.ar\/wp-content\/uploads\/2022\/06\/gas-esc-14-caneriasanulada-225x300.jpg\" alt=\"\" width=\"225\" height=\"300\" srcset=\"https:\/\/revistaepocadigital.com.ar\/wp-content\/uploads\/2022\/06\/gas-esc-14-caneriasanulada-225x300.jpg 225w, https:\/\/revistaepocadigital.com.ar\/wp-content\/uploads\/2022\/06\/gas-esc-14-caneriasanulada-900x1200.jpg 900w, https:\/\/revistaepocadigital.com.ar\/wp-content\/uploads\/2022\/06\/gas-esc-14-caneriasanulada-768x1024.jpg 768w, https:\/\/revistaepocadigital.com.ar\/wp-content\/uploads\/2022\/06\/gas-esc-14-caneriasanulada-1152x1536.jpg 1152w, https:\/\/revistaepocadigital.com.ar\/wp-content\/uploads\/2022\/06\/gas-esc-14-caneriasanulada-696x928.jpg 696w, https:\/\/revistaepocadigital.com.ar\/wp-content\/uploads\/2022\/06\/gas-esc-14-caneriasanulada-1068x1424.jpg 1068w, https:\/\/revistaepocadigital.com.ar\/wp-content\/uploads\/2022\/06\/gas-esc-14-caneriasanulada-315x420.jpg 315w, https:\/\/revistaepocadigital.com.ar\/wp-content\/uploads\/2022\/06\/gas-esc-14-caneriasanulada-630x840.jpg 630w, https:\/\/revistaepocadigital.com.ar\/wp-content\/uploads\/2022\/06\/gas-esc-14-caneriasanulada.jpg 1200w\" sizes=\"auto, (max-width: 225px) 100vw, 225px\" \/><figcaption id=\"caption-attachment-16472\" class=\"wp-caption-text\">&#8220;En la Escuela 14, calefactores con ca\u00f1er\u00eda anulada&#8221;, sel\u00f1al\u00f3 la consejera.<\/figcaption><\/figure>\n<figure id=\"attachment_16474\" aria-describedby=\"caption-attachment-16474\" style=\"width: 360px\" class=\"wp-caption alignleft\"><img loading=\"lazy\" decoding=\"async\" class=\"size-full wp-image-16474\" src=\"https:\/\/revistaepocadigital.com.ar\/wp-content\/uploads\/2022\/06\/esc-gas-pendient.jpg\" alt=\"\" width=\"360\" height=\"393\" srcset=\"https:\/\/revistaepocadigital.com.ar\/wp-content\/uploads\/2022\/06\/esc-gas-pendient.jpg 360w, https:\/\/revistaepocadigital.com.ar\/wp-content\/uploads\/2022\/06\/esc-gas-pendient-275x300.jpg 275w\" sizes=\"auto, (max-width: 360px) 100vw, 360px\" \/><figcaption id=\"caption-attachment-16474\" class=\"wp-caption-text\">Una obra inconclusa afirm\u00f3 la consejera Gonz\u00e1lez.<\/figcaption><\/figure>\n<figure id=\"attachment_16473\" aria-describedby=\"caption-attachment-16473\" style=\"width: 360px\" class=\"wp-caption alignright\"><img loading=\"lazy\" decoding=\"async\" class=\"size-full wp-image-16473\" src=\"https:\/\/revistaepocadigital.com.ar\/wp-content\/uploads\/2022\/06\/gas-es-5-lata.jpg-99.jpg\" alt=\"\" width=\"360\" height=\"480\" srcset=\"https:\/\/revistaepocadigital.com.ar\/wp-content\/uploads\/2022\/06\/gas-es-5-lata.jpg-99.jpg 360w, https:\/\/revistaepocadigital.com.ar\/wp-content\/uploads\/2022\/06\/gas-es-5-lata.jpg-99-225x300.jpg 225w, https:\/\/revistaepocadigital.com.ar\/wp-content\/uploads\/2022\/06\/gas-es-5-lata.jpg-99-315x420.jpg 315w\" sizes=\"auto, (max-width: 360px) 100vw, 360px\" \/><figcaption id=\"caption-attachment-16473\" class=\"wp-caption-text\">En la Escuela 5 de La Lata.<\/figcaption><\/figure>\n","protected":false},"excerpt":{"rendered":"<p>EL ENFRENTAMIENTO DEL OFICIALISMO CON JUNTOS, POR LAS FALENCIAS DE GAS EN EL DISCRITO.<\/p>\n","protected":false},"author":4,"featured_media":16468,"comment_status":"open","ping_status":"open","sticky":false,"template":"","format":"standard","meta":{"footnotes":"","jetpack_publicize_message":"","jetpack_publicize_feature_enabled":true,"jetpack_social_post_already_shared":true,"jetpack_social_options":{"image_generator_settings":{"template":"highway","default_image_id":0,"font":"","enabled":false},"version":2}},"categories":[17],"tags":[573,1917,1911],"class_list":["post-16466","post","type-post","status-publish","format-standard","has-post-thumbnail","hentry","category-politica","tag-consejo-escolar","tag-esscuelas","tag-gas"],"jetpack_publicize_connections":[],"jetpack_featured_media_url":"https:\/\/revistaepocadigital.com.ar\/wp-content\/uploads\/2022\/06\/cons-escolares22-juntos.jpg","jetpack_likes_enabled":true,"_links":{"self":[{"href":"https:\/\/revistaepocadigital.com.ar\/index.php?rest_route=\/wp\/v2\/posts\/16466","targetHints":{"allow":["GET"]}}],"collection":[{"href":"https:\/\/revistaepocadigital.com.ar\/index.php?rest_route=\/wp\/v2\/posts"}],"about":[{"href":"https:\/\/revistaepocadigital.com.ar\/index.php?rest_route=\/wp\/v2\/types\/post"}],"author":[{"embeddable":true,"href":"https:\/\/revistaepocadigital.com.ar\/index.php?rest_route=\/wp\/v2\/users\/4"}],"replies":[{"embeddable":true,"href":"https:\/\/revistaepocadigital.com.ar\/index.php?rest_route=%2Fwp%2Fv2%2Fcomments&post=16466"}],"version-history":[{"count":0,"href":"https:\/\/revistaepocadigital.com.ar\/index.php?rest_route=\/wp\/v2\/posts\/16466\/revisions"}],"wp:featuredmedia":[{"embeddable":true,"href":"https:\/\/revistaepocadigital.com.ar\/index.php?rest_route=\/wp\/v2\/media\/16468"}],"wp:attachment":[{"href":"https:\/\/revistaepocadigital.com.ar\/index.php?rest_route=%2Fwp%2Fv2%2Fmedia&parent=16466"}],"wp:term":[{"taxonomy":"category","embeddable":true,"href":"https:\/\/revistaepocadigital.com.ar\/index.php?rest_route=%2Fwp%2Fv2%2Fcategories&post=16466"},{"taxonomy":"post_tag","embeddable":true,"href":"https:\/\/revistaepocadigital.com.ar\/index.php?rest_route=%2Fwp%2Fv2%2Ftags&post=16466"}],"curies":[{"name":"wp","href":"https:\/\/api.w.org\/{rel}","templated":true}]}}