{"id":16513,"date":"2022-06-08T22:59:08","date_gmt":"2022-06-09T01:59:08","guid":{"rendered":"https:\/\/revistaepocadigital.com.ar\/?p=16513"},"modified":"2022-06-08T23:00:37","modified_gmt":"2022-06-09T02:00:37","slug":"el-presidente-de-cepral-en-el-hcd-planteo-temas-algidos-situacion-electrica-de-arroyo-de-la-cruz-y-zona-obra-de-agua-potable-en-sakura-y-fibra-optica","status":"publish","type":"post","link":"https:\/\/revistaepocadigital.com.ar\/?p=16513","title":{"rendered":"El presidente de Cepral en el HCD plante\u00f3 temas \u00e1lgidos: Situaci\u00f3n el\u00e9ctrica de Arroyo de la Cruz y zona, obra de Agua Potable en Sakura y\u00a0 fibra \u00f3ptica"},"content":{"rendered":"<p><img decoding=\"async\" src=\"https:\/\/41sau.img.a.d.sendibm1.com\/im\/2340286\/c4a6323b6dd5519ea5c4d5e541f4e4e54557f42069a88813a648702ef45391d4.jpg?e=YgG883tPV774it1m_fZ732MZBTjlxCcFvrO-Sp0GMDfF1jyvsLdM2Z0df2TRrgINx8-8REJrIGXDnuczklfeILUDKW_58x00P8tGMN1iCSzH5O30DA045iaACRDt-BgBpFo_dmc-RLsUw8HPkHqPMHa9vtI85tjY6Ht6GItnvjf8QzmOY6iWKDYv00V5yoVZdyf-5Fcfc9w_dmhZ3CZFppThiar58qfYM07vBA\" alt=\"\" border=\"0\" hspace=\"0\" vspace=\"0\" data-inlineimagemanipulating=\"true\" \/><img decoding=\"async\" src=\"https:\/\/41sau.img.a.d.sendibm1.com\/im\/2340286\/87dc936ba3d41831af3528a637f8c1f7edd80dca69790de7b815457ab02b5e07.gif?e=8uOuPk73QCeN0aEKrOot3V3Flf4-bbOR8CTpbo88IqVZW9ozx0XI6UNKbjWMfoih8CBZSyNeCcyBoP7lBTD5PyTXPh6RKnifX73o-yZrl1-fN2EuCjy9PMXY0nZ6IwoO7O2k0NYh-GzFtTGQqmK8Tktw3d2-V8E1oG2zypX9ktcm2ykZtiPD97y9_NcqbRKWXOvloc8pdAxvZ1HU8b8XXA2V0goo1Q75aSnt3Q\" alt=\"\" border=\"0\" hspace=\"0\" vspace=\"0\" data-inlineimagemanipulating=\"true\" \/><\/p>\n<table class=\"ydpd7319e96yiv1070851100rnb-col-1\" border=\"0\" cellspacing=\"0\" cellpadding=\"0\" align=\"center\">\n<tbody>\n<tr>\n<td><strong>\u00a1En Contacto!<\/strong><\/td>\n<\/tr>\n<tr>\n<td height=\"10\">\n<div><strong>Estimados vecinos y usuarios: <\/strong><\/div>\n<div><\/div>\n<div>Cepral est\u00e1 teniendo un gran protagonismo a nivel institucional, particip\u00f3 en reuniones con los organismos intervinientes en el sector el\u00e9ctrico, como as\u00ed tambi\u00e9n estuvo presente en el Honorable Concejo Deliberante, conversando con los distintos concejales acerca del rol de la Cooperativa en la Obra de Agua en Parque Sakura, de los Proyectos y avances del Servicio de Fibra \u00d3ptica y de la situaci\u00f3n del servicio el\u00e9ctrico del Barrio Arroyo de la Cruz.<\/div>\n<div>Seguimos apostando al crecimiento y la inversi\u00f3n de nuestra Cooperativa:<\/div>\n<div>Confirmamos la obra FTTH Fibra \u00d3ptica en tu Hogar, para los vecinos de El Remanso 2\u00b0 y 6\u00b0 Series y Jular\u00f3.<\/div>\n<div><\/div>\n<div>Mientras tanto, avanzamos con los trabajos de tendido de red en los barrios El Zorzal y Sakura II y III.<\/div>\n<div><\/div>\n<div>En el Sector El\u00e9ctrico, comenzamos con la obra de Repotenciaci\u00f3n en el Barrio Arroyo de la Cruz.<\/div>\n<div><\/div>\n<div>Ediliciamente nos encontramos haciendo reformas que impactar\u00e1n en la producci\u00f3n y en la atenci\u00f3n a nuestros clientes de la F\u00e1brica de Columnas de Hormig\u00f3n Pretensado y en la expansi\u00f3n de las oficinas del sector Telecomunicaciones para hacer frente a todos los proyectos en los que venimos trabajando.<\/div>\n<div><\/div>\n<div style=\"text-align: right;\"><strong>Consejo de Administraci\u00f3n Cepral<\/strong><\/div>\n<div>\n<hr \/>\n<\/div>\n<div>\n<div><\/div>\n<\/div>\n<\/td>\n<\/tr>\n<tr>\n<td>\n<div><strong>Es importante que mantengas tus datos de contacto (mail y tel\u00e9fono celular) actualizados para que nos podamos comunicar con vos.<\/strong><\/div>\n<div><strong>Pod\u00e9s actualizar tus datos:<\/strong><\/div>\n<div>\n<div><\/div>\n<\/div>\n<\/td>\n<\/tr>\n<tr>\n<td align=\"center\" valign=\"middle\" bgcolor=\"#00596a\" width=\"auto\" height=\"34\"><a href=\"https:\/\/41sau.r.a.d.sendibm1.com\/mk\/cl\/f\/vRFtsYG4P_acr1neUP0CIiyIlNx0lxip9PBuy2KC-RHnUTq_k7I139MxLEkFLLMae2TIrwuFdvAngOyM3uHQbjFsg62JrZteAfpnVy9FNyZYBZYtODEY20HGU9mDn-cJ4ggrlejsr9OlmzckirxZ63QHucOFo4a_Jy2YI9IpCwou1oLfgKEiEuzJ9p0dEIAleNCyoe0t\" target=\"_blank\" rel=\"noreferrer noopener\">Click aqu\u00ed<\/a><\/td>\n<\/tr>\n<\/tbody>\n<\/table>\n<p><img decoding=\"async\" class=\"ydpd7319e96yiv1070851100rnb-header-img\" src=\"https:\/\/41sau.img.a.d.sendibm1.com\/im\/2340286\/f0736702830b1083b0d5b6647487e91c5e690f42c4331854e5b056eb688e2fef.jpg?e=u3DoLSpOqTyW1iEIhmPAsoGasjekSQ0M3Gj4oALLVcv3SZ9Lgw3U0ScpLoFdO9zP0Zje1ldYzxQPkyDmHWt91YCTPEsZ_8Sk0myi0pOQ9Rei8IdV6C8qiOY1aei46AabTCHyPMvOEZrMUJXXduYs2Hux85HeLudu6CUSMGJJ9rQizQ-HP1sP77UUq-mxS2kE5Xjt90w3W4rcRDsKY6tT1qRFqSRh4oazshp9UA\" alt=\"\" border=\"0\" hspace=\"0\" vspace=\"0\" data-inlineimagemanipulating=\"true\" \/><\/p>\n<p><img decoding=\"async\" class=\"ydpd7319e96yiv1070851100rnb-col-1-img\" src=\"https:\/\/41sau.img.a.d.sendibm1.com\/im\/2340286\/ed7b77691f3a22f5ddab511504917fa1bf59f5d2d92c7754f3e4c7141b7e495f.jpg?e=w9rS8ReVKv5rmm_8kbf2ADTbsY-9h7ctcJvljA0sV9YxNTjaZCnmcCXQANZgjfNe6368nvSVLYPlBBKJYaaAZJzVntHbmqtTr237hIhCcQJLeIXzPAVK8HQ49eIm5HX5zVaR3pQ7F_eEwGF6PlwENpkARla0vBc0Qk3jvwQIPiKkIHQunCIUNrT6Tmff0fCPtmZ4SQ31wADmsAy1qXhkiCgemHt-A-7-B2ZNpQ\" alt=\"\" border=\"0\" hspace=\"0\" vspace=\"0\" data-inlineimagemanipulating=\"true\" \/><\/p>\n<div>Cepral estuvo presente en una sesi\u00f3n de trabajo del HCD de Exaltaci\u00f3n de la Cruz. Nuestro Presidente, Omar Palavecino convers\u00f3 puntualmente sobre tres temas: la situaci\u00f3n el\u00e9ctrica de Arroyo de la Cruz y de toda nuestra zona de concesi\u00f3n, de la obra de Agua Potable de Parque Sakura y\u00a0 tambi\u00e9n se inform\u00f3 sobre las obras de Fibra \u00d3ptica en los distintos barrios.<\/div>\n<div>Respecto de Arroyo de la Cruz, la Cooperativa manifest\u00f3 a los ediles su preocupaci\u00f3n por la urbanizaci\u00f3n descontrolada y la precariedad en toda su red.\u00a0 Se refiri\u00f3 tambi\u00e9n a la problem\u00e1tica del hurto de energ\u00eda en esa zona, que anualmente nos representa una p\u00e9rdida de m\u00e1s de 20 millones de pesos. Propuso a los concejales la necesidad de realizar un censo poblacional para\u00a0 planificar la demanda energ\u00e9tica del barrio y poder trabajar conjuntamente en una soluci\u00f3n.\u00a0 \u00a0Tambi\u00e9n se manifest\u00f3 la situaci\u00f3n de la forestaci\u00f3n no planificada y los inconvenientes que esto genera en el sistema el\u00e9ctrico.<\/div>\n<hr \/>\n<p><img loading=\"lazy\" decoding=\"async\" class=\"ydpd7319e96yiv1070851100rnb-col-2-img-side-xl alignright\" src=\"https:\/\/41sau.img.a.d.sendibm1.com\/im\/2340286\/65db1549b001e9be246d7184cbc6cd3ee7d58236ecd9039cd99be73ffbdf25cb.jpg?e=Xs90uDG6ReHROyjvizHxQbyYwxi2hqgujY-pwgZImN8mERj2NiZqJ71CiIlPLseiemELw133Et8SCt2FXJQYXRcE8YFg04NDLk5haYaLHyBuZjc5BZp_lplIRC_PhkOSklV3qUFMYWjxxpf4v4ZG0FfF-F819jsEE8fltKif_IsaWOemqS91qirowt8D0q-ij-_cjw8SkdmJ47EfX7YOP25LJkWMDj6vv4bCng\" alt=\"\" width=\"251\" height=\"461\" border=\"0\" hspace=\"0\" vspace=\"0\" data-inlineimagemanipulating=\"true\" \/>En cuanto a la Obra de Agua en Parque Sakura, Omar Palavecino explic\u00f3 cu\u00e1l es el rol de Cepral en dicha obra, detallando que se trat\u00f3 de un acuerdo con el Municipio, el Grupo F\u00e9nix y Corletti quienes trajeron la obra p\u00fablica a Exaltaci\u00f3n de la Cruz.<br \/>\nAl momento de hacerse cargo de la Presidencia de Cepral realiz\u00f3 un estudio financiero llegando a la conclusi\u00f3n de que no daba la ecuaci\u00f3n y se le comunic\u00f3 al Municipio la decisi\u00f3n de desvincularse de dicha obra. Los n\u00fameros iniciales en momentos pre-pandemia difer\u00edan del nuevo escenario econ\u00f3mico dos a\u00f1os despu\u00e9s. D\u00e1ndole libertad plena al Municipio para que se pueda volver a licitar el \u00faltimo tramo de la obra.<br \/>\nLa misma consta de tres etapas, donde la 1era. estaba al 100% y a punto de dar ya el servicio de agua, la 2da, realizada hasta el 37% y la 3ra. en un 10%.<br \/>\nAclarando que no hubo empleados de Cepral trabajando en dicha obra, sino que la cooperativa ejerci\u00f3 el rol de auditor de la misma.<\/p>\n<hr \/>\n<div><img loading=\"lazy\" decoding=\"async\" class=\"ydpd7319e96yiv1070851100rnb-col-2-img-side-xl alignleft\" src=\"https:\/\/41sau.img.a.d.sendibm1.com\/im\/2340286\/2b1a876137495a8dd45c5347964e75284f283c05ac2e49957fbc34191b74397e.jpg?e=5p7jlC04IkE6v6Y9LU--Dd7t_kAXkx9OKaghX2yqytvPv7qyMq5HcspN0YJGit9jtgzM-8ePO9Er9rNumrFiFZrXbIcfosmXEEUm8VU9nyK1_tbkuiAYoW0QS6Heut_vY9BXrlgQet9nddH3NSGwaUjxYGrLLG2JmyJWNR9P5j9a5u6QsAErvd4zbvjKvemyf7DmnlOWXlTVumwRJMBE_c8KEyVNBydc8bREpQ\" alt=\"\" width=\"96\" height=\"177\" border=\"0\" hspace=\"0\" vspace=\"0\" data-inlineimagemanipulating=\"true\" \/>El \u00faltimo tema tratado fue el de Fibra \u00d3ptica, donde se les aclar\u00f3 a los concejales que Cepral no es monop\u00f3lica ni que ha interferido en la llegada de nuevos prestadores, de igual modo se explic\u00f3 que lo \u00fanico que se est\u00e1 haciendo es repetar la Ley, tanto para unos como para otros.<br \/>\nLa postaci\u00f3n pasiva, que se encuentra en etapa de debate a nivel provincial, tiene un valor que lo fija quien hizo la inversi\u00f3n, en este caso Cepral.<\/div>\n<div>Ya se le ha informado a una empresa local los valores que debe pagar por el uso de nuestros postes del servicio el\u00e9ctrico para poder desarrollar su propia red.<\/div>\n<div>Se aprovech\u00f3 este espacio de intercambio para confirmar la obra de 44.000 metros de red de Fibra \u00d3ptica anti-roedor que est\u00e1 encarando la Cooperativa con fondos genuinos conjuntamente con los vecinos comprometidos, que confiando en el proyecto ya est\u00e1n realizando sus aportes.<\/div>\n<div>El encuentro se cerr\u00f3 con un pedido formal hecho a los concejales de los distintos bloques para que acercaran sus ideas en pos del bien com\u00fan y el compromiso de parte de Cepral de continuar compartiendo espacios de debate.<\/div>\n<p><img decoding=\"async\" class=\"ydpd7319e96yiv1070851100rnb-header-img\" src=\"https:\/\/41sau.img.a.d.sendibm1.com\/im\/2340286\/f904fd3f7b7068f173f9167c132f89f25f12346a88e9bfb9f266bc7009aae7e4.jpg?e=XOpvBnKJTHYBlSK7l9E1BS9_JlQ0Kvh_4yHc-3SSAV9eotueogxAe-0EnT1O1EY5oGN3j2h48swTpBcNvnb_grZuO64GwaYxHquO4dzBJFprHdsqUv862kxquhUWwuMc7L3Ie6YUFoQnMtTW7DCLr5gnko23PCwbajBQqu1Wr11kQG32xbKCZJhKef6qtHmsDbWOZmn5PuzpocXHKhugSiiMVq5y3owyfF3saQ\" alt=\"\" border=\"0\" hspace=\"0\" vspace=\"0\" data-inlineimagemanipulating=\"true\" \/><\/p>\n<hr \/>\n<p><strong>Obra de Repotenciaci\u00f3n Barrio Arroyo de la Cruz<\/strong><\/p>\n<div><img loading=\"lazy\" decoding=\"async\" class=\"ydpd7319e96yiv1070851100rnb-col-2-img-side-xs alignleft\" src=\"https:\/\/41sau.img.a.d.sendibm1.com\/im\/2340286\/17b9f5c8e5391d7f382601b5232ec0c17ff1c291382aa7f42b1ef5b8f51f5f6c.jpg?e=7exsGLkjm43XhbGrn_GprWQs15SYOw1GZCPB3IOcHr1pDlKQM75Eh8iQq0UqrS8ZNl63gXuYEODmlG8WIOEuYF7-8ohOETmRZ3adFYU9MJ18qMdk439AkTUR_bMNqJQYbN85XFSctaZimJPwicO6N319TrENjCqaH44C9KH7ceaK0q67kWj2OnDq-2LZ95m0JaoFmT1V71qN1H8LNUGWoM7r7po-oUYp6PMadQ\" alt=\"\" width=\"136\" height=\"251\" border=\"0\" hspace=\"0\" vspace=\"0\" data-inlineimagemanipulating=\"true\" \/>La Cooperativa inicio a las obras de reestructuraci\u00f3n de red en media tensi\u00f3n en la zona del Barrio Arroyo de la Cruz.<\/div>\n<div><\/div>\n<div>La primera etapa de trabajo de la reestructuraci\u00f3n iniciada es en lo relacionado a las fundaciones para las nuevas columnas que se instalar\u00e1n.<\/div>\n<div><\/div>\n<div>Est\u00e1 obra est\u00e1 proyectada para poder readecuar la instalaci\u00f3n de la mencionada red acorde a la demanda dada en la zona y se suma a las que venimos llevando adelante en los Barrios Los Pinos y Sakura.<\/div>\n<div><\/div>\n<div>\n<hr \/>\n<\/div>\n<p><img decoding=\"async\" class=\"ydpd7319e96yiv1070851100rnb-header-img\" src=\"https:\/\/41sau.img.a.d.sendibm1.com\/im\/2340286\/f0736702830b1083b0d5b6647487e91c5e690f42c4331854e5b056eb688e2fef.jpg?e=kZkINHHBbfKkJdc_pBnIEy5NHU4b0CjhpotM2c_eQE0AN444B53ofuMb1Af15t5iNsMh8zjzaQhm3n0unMhx9XbRxe3Wl7k3bwByNPDIruspwUsYzw3SjApJM_GKTQSNxVenf-3cgItUl0_VN0GlZQwcmTlUe8GvWy9cLtpbpjmWNSnY41LHnt302WGZpfFYaNhfPt1GPhRjPqunv-oL4KbxrOgNRHou3tUqnw\" alt=\"\" border=\"0\" hspace=\"0\" vspace=\"0\" data-inlineimagemanipulating=\"true\" \/><strong>Cepral presente en FACE<\/strong><\/p>\n<p><img loading=\"lazy\" decoding=\"async\" class=\"ydpd7319e96yiv1070851100rnb-col-2-img-side-xl alignleft\" src=\"https:\/\/41sau.img.a.d.sendibm1.com\/im\/2340286\/c40c0929f4bd327c25162b1d87bcad602fb41b1e22726b450aac1949e8353a1a.jpg?e=2eg5kevlBFCuPhm4IG35JQTHvWqzBRyhv88g_sXhlqhdL594pLuUuFK854Cvd5LP2e0c3Pi4RxNPIiRveaEejqFB2QzfjVfXbv1N55zb02fmctwm1Eo5Wh3aCMZCETubLG9ci1A9fOAZqs94MuBODAwOSGyCw_T89DRnqJqARP6-QFXKTjfOpSIKu0KaQIjws1vkym1nYn6_n7AmOyLpCwMlwJxUCCGATxTLZA\" alt=\"\" width=\"119\" height=\"129\" border=\"0\" hspace=\"0\" vspace=\"0\" data-inlineimagemanipulating=\"true\" \/>El 20 de mayo Cepral representada por su Gerente particip\u00f3 del encuentro mensual del Consejo de Administraci\u00f3n de la Federaci\u00f3n de Cooperativas El\u00e9ctricas a nivel nacional, donde se debati\u00f3 acerca de la situaci\u00f3n actual del Servicio El\u00e9ctrico, sus tarifas y c\u00f3mo se planea seguir en el futuro.<\/p>\n<hr \/>\n<p><strong>FACE Provincia de Buenos Aires<\/strong><\/p>\n<p><img loading=\"lazy\" decoding=\"async\" class=\"ydpd7319e96yiv1070851100rnb-col-2-img-side-xl alignright\" src=\"https:\/\/41sau.img.a.d.sendibm1.com\/im\/2340286\/272c3ec9cdbab85c6835b8785c8dbfb274aa36938c25ae726ef0ef23f9426b2a.jpg?e=FuuPpjy65-kMRUFgzy5t7ENI_VZVBHoT6Kuprk76rdsKwrTfemKW5Rtar-7hsfMi6wbXY27Fb-X1fXVpG5oX71R2UNaX2vMOmIhtLn-jta8NzSFTXA8QrFJ-wjgbSsXNlRINQRvnw5QTNs7ZKYiwbs5_TqK8k_Ik2n-4qN_pSxAo8dG2S70QfvpleixdckOTXgbUCB5-ppwbKREywXCckid5aLQoqHRblx0pdg\" alt=\"\" width=\"174\" height=\"189\" border=\"0\" hspace=\"0\" vspace=\"0\" data-inlineimagemanipulating=\"true\" \/>Por otra parte, en la reuni\u00f3n de FACE Provincia de Buenos Aires, llevada a cabo en la <strong>localidad de Monte,<\/strong> con la presencia del <strong>nuevo presidende de OCEBA, Roberto Emir Daoud,<\/strong> conjuntamente con el <strong>Ministerio de Seguridad de la Provincia <\/strong>se trat\u00f3 la problem\u00e1tica del robo de los transformadores a nivel provincial, comprometi\u00e9ndose a trabajar de manera conjunta entre FACE, OCEBA y el Ministerio de Seguridad.<\/p>\n<hr \/>\n<p><strong>Resoluci\u00f3n N\u00b0 499-MIYSPGP-2022- Actualizaci\u00f3n del valor del Kilowatt\u00a0<\/strong><\/p>\n<div><img loading=\"lazy\" decoding=\"async\" class=\"ydpd7319e96yiv1070851100rnb-col-2-img-side-xl alignleft\" src=\"https:\/\/41sau.img.a.d.sendibm1.com\/im\/2340286\/4e348f007ea2234eb5bd2a0ef241212c95a0d522156cef186ec9a09528dbbc19.jpg?e=Dx2nVogsf0t22f5l5O0RwT4K7HP0t4eYSNyCScTSAKgvInl0sQUKTtc86LBXO6xcPMEJm_sTvvlaZ77LU1_PnsYxAF4GqnFyUfKIClt4xMuu6E_agNlaboO7JAuPjzidJ7QrtB17fRqXAph2Y94y24rJ20wazTZ1QE7BAY-XUxUQB3wXlettGFB0-7YSf7S_3_2axD6AiekoKhFpUUzAXxTmILpKkfdf5z_BOw\" alt=\"\" width=\"83\" height=\"94\" border=\"0\" hspace=\"0\" vspace=\"0\" data-inlineimagemanipulating=\"true\" data-id=\"1654435523413\" \/>Cepral, en cumplimiento con el marco regulatorio bajo el que se encuentra, aplica este<\/div>\n<div>nuevo cuadro tarifario que se vi\u00f3 reflejado en las facturas con vencimiento Mayo 2022.<\/div>\n<div><\/div>\n<div>Tarifas vigentes aprobadas por Resoluci\u00f3n N\u00b0 499-MIYSPGP-2022<\/div>\n<div>\n<p>Para ver la Resoluci\u00f3n:<\/p>\n<table class=\"ydpd7319e96yiv1070851100rnb-btn-col-content\" border=\"0\" cellspacing=\"0\" cellpadding=\"0\" align=\"center\">\n<tbody>\n<tr>\n<td align=\"center\" valign=\"middle\" bgcolor=\"#0092ff\" width=\"auto\" height=\"40\"><a href=\"https:\/\/41sau.r.a.d.sendibm1.com\/mk\/cl\/f\/U_oVtP5HnNdXWaUOHvWsd09TT31yhOBMDsZbt3d2QOlomQMfMU1gc2Upw8qyzXq2l6JNUvltNOnod41pzEUnSQ-gMP7l5LRvpR_4hQbDVk4qRwTRPyNJAjfql3OPZPZfuimvlID-HXKR2QPWZ3IA317vnt458UYhre0S7o-UumWuiKsUYiLOdBlJ5F120khOcSMUFTD7iQfv83943gPJtYsxz_idxcld0ukiOrsoZEFhQ375Upyj0QoB7AJoGq8G81tTfC_teoD01s74bbb3akMUsR0Nf5m9hi4-NpYdp_3HAbfjcy7CejkWGw\" target=\"_blank\" rel=\"noreferrer noopener\">M\u00e1s Info<\/a><\/td>\n<\/tr>\n<\/tbody>\n<\/table>\n<p>Para ver el Cuadro Tarifario Vigente:<\/p>\n<table class=\"ydpd7319e96yiv1070851100rnb-btn-col-content\" border=\"0\" cellspacing=\"0\" cellpadding=\"0\" align=\"center\">\n<tbody>\n<tr>\n<td align=\"center\" valign=\"middle\" bgcolor=\"#0092ff\" width=\"auto\" height=\"40\"><a href=\"https:\/\/41sau.r.a.d.sendibm1.com\/mk\/cl\/f\/JTZfYi9ENKlCYmPhwXwdEC3sxfr_x3bsTEdXPPydClOtuenvs3W98BKnhvpOYqH4ktbOypUutHIpYIbm5tzke0hbfo6wG8Ly-2ys-SyP6nkvXQBTbGSpqqWFRFRk-gC1IWFbjkpn_s3Jhv2gK1LpKmyuP02xPOjfCUuHJ85K-WrOXd8Ig0HsdcvWmHOwsHy4jAmyqkR7cHG3POIDnzFghDSycvLORDoZy8z-0pnL3hxn\" target=\"_blank\" rel=\"noreferrer noopener\">M\u00e1s Info<\/a><\/td>\n<\/tr>\n<\/tbody>\n<\/table>\n<\/div>\n<hr \/>\n<div style=\"text-align: center;\"><strong>Comenz\u00f3 la etapa de Poda:<\/strong><\/div>\n<div style=\"text-align: center;\">\u00a1Por favor, no acopiar las ramas debajo de las l\u00edneas de cableado!<\/div>\n<div style=\"text-align: center;\">\n<p>Evitemos incendios e interrupciones en los servicios.<\/p>\n<hr \/>\n<\/div>\n<div style=\"text-align: center;\"><strong>Mantengamos las l\u00edneas de cableado libres de ramas:<\/strong><\/div>\n<div style=\"text-align: center;\">Esto es lo que puede ocasionar la ca\u00edda de una peque\u00f1a rama sobre los cables de electricidad:<\/div>\n<div>\n<table class=\"ydpd7319e96yiv1070851100rnb-btn-col-content\" border=\"0\" cellspacing=\"0\" cellpadding=\"0\" align=\"center\">\n<tbody>\n<tr>\n<td align=\"center\" valign=\"middle\" bgcolor=\"#000aff\" width=\"auto\" height=\"38\"><a href=\"https:\/\/41sau.r.a.d.sendibm1.com\/mk\/cl\/f\/w91R4eoe3SQY-GdzFZXtqSrzRFoKpvOXTaz0-7w0iX1XDhUVapjP9-VOo0VJXkKeg6XiZmZM44VtaL_TJDIIUwmn4P907clOUt_xRygodN1BQ0QEOMwL-1pHD6SEeAxx8da2lUYay-bkGb3aajBpuQdu1Z9Ih5GRpQlXKMpP_bAdA_nwcuZ47pvyEFspZRt3J-TDzNymhRoa\" target=\"_blank\" rel=\"noreferrer noopener\">M\u00e1s Info<\/a><\/td>\n<\/tr>\n<\/tbody>\n<\/table>\n<\/div>\n<p>&nbsp;<\/p>\n<hr \/>\n<p style=\"text-align: left;\"><strong>INTERNET<br \/>\nFTTH Fibra \u00d3ptica en Tu Hogar<\/strong><\/p>\n<p><strong><img loading=\"lazy\" decoding=\"async\" class=\"ydpd7319e96yiv1070851100rnb-col-2-img-side-xs alignleft\" src=\"https:\/\/41sau.img.a.d.sendibm1.com\/im\/2340286\/efea3a2d72a910281f86dcf9bbcb654fbf384582a74c3fc53552d0721ec9dcb2.jpg?e=SOaHR7KFJkPil8mo3MSBqaHCHr4GD84zcU7NWkY3aCrGZlcpR3O2VAGoVO3DhsgD4oQ7wGDXPWTWdrIE3M6NisBjr_xQPAjaJI5O3pgEZqIuDHbw-NqtTeeQkZJxytSL6NlsEes_afEBJDxiJtSQCLZoedwQUCj-H4kyl9Y0bkRqIGNBhrmruDxEdc2Wl3eJ3uxPE3koIvjiHnELEnDJmB3fm5zc_lzYXDn-OQ\" alt=\"\" width=\"228\" height=\"324\" border=\"0\" hspace=\"0\" vspace=\"0\" data-inlineimagemanipulating=\"true\" \/>Ya\u00a0comenzamos con las obras en El Zorzal, Altos de Robles, Sakura II y III!<\/strong><\/p>\n<p>Estamos avanzando\u00a0con las tareas de construcci\u00f3n de la red de <strong>Fibra \u00d3ptica en Tu Hogar<\/strong> en los barrios <strong>El Zorzal,\u00a0 Sakura II y III,<\/strong> con el tendido de fibra anti-roedor y la instalaci\u00f3n de herrajes, entre otras tareas.<\/p>\n<p><strong>\u00a1Gracias a los vecinos que se comprometieron apoyando con su contribuci\u00f3n econ\u00f3mica para que podamos llevar adelante estas obras.<br \/>\n\u00a1Hay importantes bonificaciones para quienes se sigan sumando en esta etapa!<\/strong><\/p>\n<hr \/>\n<p><strong>CONFIRMAMOS LA OBRA FIBRA OPTICA EN TU HOGAR para los Barrios El Remanso 2\u00b0 y 6\u00b0. Series y Jular\u00f3<\/strong><\/p>\n<p><strong><img loading=\"lazy\" decoding=\"async\" class=\"ydpd7319e96yiv1070851100rnb-col-2-img-side-xs alignright\" src=\"https:\/\/41sau.img.a.d.sendibm1.com\/im\/2340286\/e1d722ff3d83493d773a3eacbe567d47d1b1383ab12cdeaa7ccb61761f5ea7a2.jpg?e=oZ7y6JQ0D71Jz97dOcQpNU3WtTAxxHYaegtxDp6eMBWcHLG3149Q6hafCiPv7yhdz59qsuPQmCmOZVZH1GtaOD1KmZg1ZhD6Uhm_9pOjQSnh6Bf864_SCytVNa_CZj3NVaHK-UZkq1YonzLS088QQHotqXtdw98dvRZPtYUPeGI2JxUrbtFebV5MfkCnRQMW2X7dWjcEyf6Ip46MdfCSiWJ8i4lB8KFHrC3VUA\" alt=\"\" width=\"166\" height=\"236\" border=\"0\" hspace=\"0\" vspace=\"0\" data-inlineimagemanipulating=\"true\" data-id=\"1654435523417\" \/>Les agradecemos a quienes que ya se sumaron y est\u00e1n pagando por anticipado para que El Remanso 2\u00b0 y 6\u00b0 series y Jular\u00f3 puedan acceder al servicio FTTH.<\/strong><\/p>\n<p>Esta obra es posible por el compromiso y la uni\u00f3n de los vecinos y la cooperativa.<\/p>\n<p>Extendimos la fecha de inscripci\u00f3n hasta el 10 de junio, para que m\u00e1s vecinos puedan contar con las bonificaciones.<\/p>\n<hr \/>\n<p><b>F\u00e1brica de Columnas de Hormig\u00f3n Pretensado<\/b><\/p>\n<div><img loading=\"lazy\" decoding=\"async\" class=\"ydpd7319e96yiv1070851100rnb-col-2-img-side-xl alignleft\" src=\"https:\/\/41sau.img.a.d.sendibm1.com\/im\/2340286\/e6c4020055caaba7f97220989dfd64add3bc25fecf255872983be004282414ae.jpg?e=9bbjbtgBU7B4C_nsAwH7IywYaXGdj0UZDbnoabizAYP6aS6Hf3IhOIFEG4hsjxTqyWQZotcs8WR-0oJPPkIKdvk6zMrFT5CfLsgEV27bMzO6FNShe0rCkXMim6fd_kYEYLlsIHO55NkFgwsQsc3accVB0or1wACbv97pR6hB4zVlc8Va64ufbEdDcnPqDNKJcr1jqeKKXjjoc1LZsAHSsKm5YrDAt78vGJjirw\" alt=\"\" width=\"162\" height=\"298\" border=\"0\" hspace=\"0\" vspace=\"0\" data-inlineimagemanipulating=\"true\" \/>Continuamos con el proyecto de expansi\u00f3n de nuestra F\u00e1brica de Columnas.\u00a0 Nos encontramos trabajando en la modificaci\u00f3n y ampliaci\u00f3n \u00a0de varios galpones y dem\u00e1s infraestructuras de la planta.<\/div>\n<div><\/div>\n<div>Con el objetivo de generar nuevos y seguros espacios de trabajo para nuestro equipo de producci\u00f3n y para una mejor atenci\u00f3n a nuestros clientes.<\/div>\n<div><\/div>\n<div>\n<p>Seguimos mejorando nuestros productos y asegurando la continuidad de trabajo para todas las familias de nuestra F\u00e1brica.<\/p>\n<hr \/>\n<\/div>\n<p style=\"text-align: center;\"><strong>Nuestros Medios de Pago<\/strong><\/p>\n<table class=\"ydpd7319e96yiv1070851100rnb-btn-col-content\" border=\"0\" cellspacing=\"0\" cellpadding=\"0\" align=\"center\">\n<tbody>\n<tr>\n<td align=\"center\" valign=\"middle\" bgcolor=\"#0092ff\" width=\"auto\" height=\"34\"><a href=\"https:\/\/41sau.r.a.d.sendibm1.com\/mk\/cl\/f\/et6nGfgf0Y3FcfCyZkjR7AXc9nbSfHa-pJGFoUSUMoFwfWceJ7SRCoeLZg7u_imH0rk3iIheEgOE49hlfFlOfrby0B15wrGo93s8GTW15uCRe8n8JvPRlN_YI99_-0sqezZZFjPYaCwAFayNEgNqpoop8ury5jtUG-TzRtro4SXd71B6t-uUCiS0EUdclqE4JjAThGEgP7HkYcyN2vTFUqRgkWX6CuQ\" target=\"_blank\" rel=\"noreferrer noopener\">Leer m\u00e1s<\/a><\/td>\n<\/tr>\n<\/tbody>\n<\/table>\n<hr \/>\n<div style=\"text-align: center;\"><strong>\u00bfC\u00f3mo pago las facturas de manera electr\u00f3nica?<\/strong><\/div>\n<div style=\"text-align: center;\">Desde el bot\u00f3n click te explicamos el paso a paso para poder efectuar los pagos de tus facturas desde la Oficina Virtual de Cepral:<\/div>\n<table class=\"ydpd7319e96yiv1070851100rnb-btn-col-content\" border=\"0\" cellspacing=\"0\" cellpadding=\"0\" align=\"center\">\n<tbody>\n<tr>\n<td align=\"center\" valign=\"middle\" bgcolor=\"#00596a\" width=\"auto\" height=\"34\"><a href=\"https:\/\/41sau.r.a.d.sendibm1.com\/mk\/cl\/f\/1x1wy392MoZmN0_-TtWlpqlMu73np-pgQEUOc-nVWvV2jLlpfMmUUjhXiIEo_idpcaogyh3OdLoADo1b0No9wuWGCSm0f8UR-4V7uNV7PWa6A-ixBD93B0250EMUODQbsQer4Colhp-szLLTcJU3zN4H6h-Wc9LU_ZIXXKineMUbYmoctdj4Foj1rR496sIweaS82e3jpaCoWy1_EYYtdjAXMnqa0wduuD4V2TDXfY1UuNnRj1HnQindYW-g16fm6bIoQcSK\" target=\"_blank\" rel=\"noreferrer noopener\">Click aqu\u00ed<\/a><\/td>\n<\/tr>\n<\/tbody>\n<\/table>\n<hr \/>\n<div>\n<div style=\"text-align: center;\"><strong>M\u00e1s de 1600 Usuarios ya cuentan con e<\/strong><strong>l Servicio<\/strong><\/div>\n<div style=\"text-align: center;\"><strong>Fibra \u00d3ptica en Tu Hogar<\/strong><\/div>\n<\/div>\n<div style=\"text-align: center;\">Est\u00e1n distribu\u00eddos en los siguientes barrios: Comarca del Sol, Sakura, Chacras del Molino, Indio Cu\u00e1, Olmo Viejo, Independencia y Fern\u00e1ndez, Barrio YPF, Parque Industrial Ecol\u00f3gico de la Cruz y El Remanso 5\u00b0 Serie<strong><strong>.<br \/>\n<\/strong><\/strong><\/p>\n<hr \/>\n<div><strong>HORARIOS DE GUARDIA<\/strong><\/div>\n<div>\n<p>Les recordamos todos los horarios de guardia para la Atenci\u00f3n de los Reclamos de nuestros Servicios.<\/p>\n<table class=\"ydpd7319e96yiv1070851100rnb-btn-col-content\" border=\"0\" cellspacing=\"0\" cellpadding=\"0\" align=\"center\">\n<tbody>\n<tr>\n<td align=\"center\" valign=\"middle\" bgcolor=\"#1066e8\" width=\"auto\" height=\"34\"><a href=\"https:\/\/41sau.r.a.d.sendibm1.com\/mk\/cl\/f\/Q77dIWWTy0Jn9mAgbNX1kX3kmpkfnDpWq_YnTvBeJQRRmyjQXMkKZ9FLjanb9mQgqxfnPY5aIfjAyILtd3dTxBM5aPXd0wcmDuMtJlcWaS58SSn9qZf5pS5XlHzrFNlz4Ll-XpbuI-xfVwcUDhQ0M_u3UDHPKU-YYX0ZHC9LGNz5BIhaS4zUTQNdgNormiT67Ml7UsGoIodhX25hAmTGC7M\" target=\"_blank\" rel=\"noreferrer noopener\">Click aqu\u00ed<\/a><\/td>\n<\/tr>\n<\/tbody>\n<\/table>\n<hr \/>\n<p>Estamos enviando nuestros Newsletters y otras noticias de la Cooperativa al mail que ten\u00e9s registrado en nuestro sistema y mediante la App Cepral para Celulares IOS y Android.<\/p>\n<\/div>\n<\/div>\n<p style=\"text-align: center;\"><img decoding=\"async\" class=\"ydpd7319e96yiv1070851100rnb-header-img\" src=\"https:\/\/41sau.img.a.d.sendibm1.com\/im\/2340286\/ed63366bed89d77a392fedb10f1cb29766958558e658d04db42a8b18bc9eded2.jpg?e=RJReD6Jd7HwDQJ20J3gBH8nFp4hALFmrETPMApnH-GKsd2EPkFOXlSdfzwTI51KZdtkL2N9VuwvdOCmpvzzIOAVdEwIX4Ug3lUgovoBkuYqAwK7ayyy2y9yZ-qUDAiZo4EBe8o46wBqvjbqRErGgqEKuQrG_2LvvEsCV7KEa1ZwlM41StAyOcO8EeSZKRsgtU3OdnSwQzrnrV5ZdaUxw4ETMVfwN6EtuG8bLcA\" alt=\"\" border=\"0\" hspace=\"0\" vspace=\"0\" data-inlineimagemanipulating=\"true\" \/><strong>Cuando tengas consultas o quieras bajar tu factura,<br \/>\nconfirmar los horarios de atenci\u00f3n, requisitos para el alta de servicios, medios de pago, hacer reclamos o ingresar a tu Oficina Virtual<\/strong><\/p>\n<table class=\"ydpd7319e96yiv1070851100rnb-btn-col-content\" border=\"0\" cellspacing=\"0\" cellpadding=\"0\" align=\"center\">\n<tbody>\n<tr>\n<td align=\"center\" valign=\"middle\" bgcolor=\"#000aff\" width=\"auto\" height=\"38\"><a href=\"https:\/\/41sau.r.a.d.sendibm1.com\/mk\/cl\/f\/kt1H3SfvtQWurq0aWk-T5dE9_sd3wpWi2uv6GaL5L1NqrdhfmVRkOx9ZlGz7ptL5H_Uix_mxaOl95mMw8E_iPVq34jk6wgxydncdC7QZ0TRnZ98QRnSJbdGCJAGXVzMJezQpVeQc5FklzCFdjfFMGEXvGmV4-30j0ooxANtajgy5STxv69qiRQbj_2ckiOyRA1BBCR9M\" target=\"_blank\" rel=\"noreferrer noopener\">Ingresar aqu\u00ed \u203a<\/a><\/td>\n<\/tr>\n<\/tbody>\n<\/table>\n","protected":false},"excerpt":{"rendered":"<p>\u00a1En Contacto! Estimados vecinos y usuarios: Cepral est\u00e1 teniendo un gran protagonismo a nivel institucional, particip\u00f3 en reuniones con los organismos intervinientes en el sector el\u00e9ctrico, como as\u00ed tambi\u00e9n estuvo presente en el Honorable Concejo Deliberante, conversando con los distintos concejales acerca del rol de la Cooperativa en la Obra de Agua en Parque Sakura, [&hellip;]<\/p>\n","protected":false},"author":3,"featured_media":16533,"comment_status":"open","ping_status":"open","sticky":false,"template":"","format":"standard","meta":{"footnotes":"","jetpack_publicize_message":"","jetpack_publicize_feature_enabled":true,"jetpack_social_post_already_shared":true,"jetpack_social_options":{"image_generator_settings":{"template":"highway","default_image_id":0,"font":"","enabled":false},"version":2}},"categories":[5],"tags":[29,848],"class_list":["post-16513","post","type-post","status-publish","format-standard","has-post-thumbnail","hentry","category-aqui-parada-robles","tag-cepral","tag-informe"],"jetpack_publicize_connections":[],"jetpack_featured_media_url":"https:\/\/revistaepocadigital.com.ar\/wp-content\/uploads\/2022\/06\/87dc936ba3d41831af3528a637f8c1f7edd80dca69790de7b815457ab02b5e07.gif","jetpack_likes_enabled":true,"_links":{"self":[{"href":"https:\/\/revistaepocadigital.com.ar\/index.php?rest_route=\/wp\/v2\/posts\/16513","targetHints":{"allow":["GET"]}}],"collection":[{"href":"https:\/\/revistaepocadigital.com.ar\/index.php?rest_route=\/wp\/v2\/posts"}],"about":[{"href":"https:\/\/revistaepocadigital.com.ar\/index.php?rest_route=\/wp\/v2\/types\/post"}],"author":[{"embeddable":true,"href":"https:\/\/revistaepocadigital.com.ar\/index.php?rest_route=\/wp\/v2\/users\/3"}],"replies":[{"embeddable":true,"href":"https:\/\/revistaepocadigital.com.ar\/index.php?rest_route=%2Fwp%2Fv2%2Fcomments&post=16513"}],"version-history":[{"count":0,"href":"https:\/\/revistaepocadigital.com.ar\/index.php?rest_route=\/wp\/v2\/posts\/16513\/revisions"}],"wp:featuredmedia":[{"embeddable":true,"href":"https:\/\/revistaepocadigital.com.ar\/index.php?rest_route=\/wp\/v2\/media\/16533"}],"wp:attachment":[{"href":"https:\/\/revistaepocadigital.com.ar\/index.php?rest_route=%2Fwp%2Fv2%2Fmedia&parent=16513"}],"wp:term":[{"taxonomy":"category","embeddable":true,"href":"https:\/\/revistaepocadigital.com.ar\/index.php?rest_route=%2Fwp%2Fv2%2Fcategories&post=16513"},{"taxonomy":"post_tag","embeddable":true,"href":"https:\/\/revistaepocadigital.com.ar\/index.php?rest_route=%2Fwp%2Fv2%2Ftags&post=16513"}],"curies":[{"name":"wp","href":"https:\/\/api.w.org\/{rel}","templated":true}]}}