{"id":1653,"date":"2019-02-12T01:07:32","date_gmt":"2019-02-12T04:07:32","guid":{"rendered":"https:\/\/revistaepocadigital.com.ar\/?p=1653"},"modified":"2019-02-12T01:07:32","modified_gmt":"2019-02-12T04:07:32","slug":"la-autopsia-de-luna","status":"publish","type":"post","link":"https:\/\/revistaepocadigital.com.ar\/?p=1653","title":{"rendered":"La autopsia de Luna"},"content":{"rendered":"<div id=\"js_11r\" class=\"_5pbx userContent _3576\" data-ft=\"{&quot;tn&quot;:&quot;K&quot;}\">\n<div id=\"id_5c6242b649ec04745699744\" class=\"text_exposed_root text_exposed\">\n<p><strong>LA NENA FALLECIDA.<\/strong><\/p>\n<p><!--more--><br \/>\nEn la vecina ciudad de<strong> Campana<\/strong>, fue practicada la autopsia del cuerpo de <strong>Luna<\/strong>, la peque\u00f1a fallecida en las \u00faltimas horas, un caso que ha provocado conmoci\u00f3n y dolor.\u00a0 La investigaci\u00f3n por los motivos del fallecimiento de la nena cuya familia reside en el<strong> Barrio Esperanza,<\/strong> se encuentra a cargo del <strong>Alejandro Irigoyen.<\/strong><\/p>\n<p><em>&#8220;De acuerdo con especialistas m\u00e9dicos con los que nos asesoramos, decidimos hacer algunos requerimientos espec\u00edficos para la autopsia. Seg\u00fan los an\u00e1lisis de nuestros especialistas, pudo haberse tratado de una sinov<\/em><span class=\"text_exposed_show\"><em>itis bacteriana&#8221;<\/em>, asegur\u00f3 a Infobae el abogado de la familia, <strong>Juan Pablo Fern\u00e1ndez.<\/strong><\/span><\/p>\n<p><span class=\"text_exposed_show\">El letrado envi\u00f3 una carta a la fiscal\u00eda general de Campana en la que solicita que, a lo largo de la autopsia, se realicen una toma de muestra de la articulaci\u00f3n bilateral comprometida, la cadera, junto a una <em>&#8220;toma de biopsia y material para cultivo de la misma, as\u00ed como del hueso adyacente&#8221;<\/em>, inform\u00f3 el citado medio.<\/span><\/p>\n<p><span class=\"text_exposed_show\">Adem\u00e1s, se solicitar\u00e1n biopsias del h\u00edgado, coraz\u00f3n, pulmones, m\u00e9dula \u00f3sea, gl\u00e1ndulas adrenales y piel con el objetivo de detectar el origen del trastorno de salud y su evoluci\u00f3n. Una de las hip\u00f3tesis que la defensa busca corroborar consiste en saber si los m\u00e9dicos le otorgaron a la ni\u00f1a una medicaci\u00f3n equivocada.<\/span><\/p>\n<p><span class=\"text_exposed_show\">Seg\u00fan inform\u00f3 el abogado Fern\u00e1ndez, se le va a solicitar al fiscal Alejandro Irigoyen la imputaci\u00f3n basada en el art\u00edculo 84 del C\u00f3digo Penal, <em>&#8220;imprudencia, negligencia o impericia&#8221;<\/em>, cuya sanci\u00f3n prev\u00e9 una pena de entre 2 y 5 a\u00f1os de prisi\u00f3n y una inhabilitaci\u00f3n para ejercer la medicina de entre 5 y 10 a\u00f1os. Por lo pronto,<strong> Fern\u00e1ndez<\/strong> no pedir\u00e1 contra los m\u00e9dicos del San Jos\u00e9 la calificaci\u00f3n de homicidio culposo.<\/span><\/p>\n<p><span class=\"text_exposed_show\">Fuente: Infobae.<\/span><\/p>\n<\/div>\n<\/div>\n<div class=\"_3x-2\" data-ft=\"{&quot;tn&quot;:&quot;H&quot;}\">\n<div data-ft=\"{&quot;tn&quot;:&quot;H&quot;}\">\n<div class=\"mtm\">\n<div>\n<div class=\"_1ktf\" data-ft=\"{&quot;tn&quot;:&quot;E&quot;}\">\n<div class=\"_46-h _517g\"><\/div>\n<\/div>\n<\/div>\n<\/div>\n<\/div>\n<\/div>\n","protected":false},"excerpt":{"rendered":"<p>LA NENA FALLECIDA.<\/p>\n","protected":false},"author":4,"featured_media":1656,"comment_status":"open","ping_status":"open","sticky":false,"template":"","format":"standard","meta":{"footnotes":"","jetpack_publicize_message":"","jetpack_publicize_feature_enabled":true,"jetpack_social_post_already_shared":false,"jetpack_social_options":{"image_generator_settings":{"template":"highway","default_image_id":0,"font":"","enabled":false},"version":2}},"categories":[13],"tags":[133,213],"class_list":["post-1653","post","type-post","status-publish","format-standard","has-post-thumbnail","hentry","category-interes-general","tag-hospital","tag-nena-fallecida"],"jetpack_publicize_connections":[],"jetpack_featured_media_url":"https:\/\/revistaepocadigital.com.ar\/wp-content\/uploads\/2019\/02\/luna.jpg","jetpack_likes_enabled":true,"_links":{"self":[{"href":"https:\/\/revistaepocadigital.com.ar\/index.php?rest_route=\/wp\/v2\/posts\/1653","targetHints":{"allow":["GET"]}}],"collection":[{"href":"https:\/\/revistaepocadigital.com.ar\/index.php?rest_route=\/wp\/v2\/posts"}],"about":[{"href":"https:\/\/revistaepocadigital.com.ar\/index.php?rest_route=\/wp\/v2\/types\/post"}],"author":[{"embeddable":true,"href":"https:\/\/revistaepocadigital.com.ar\/index.php?rest_route=\/wp\/v2\/users\/4"}],"replies":[{"embeddable":true,"href":"https:\/\/revistaepocadigital.com.ar\/index.php?rest_route=%2Fwp%2Fv2%2Fcomments&post=1653"}],"version-history":[{"count":0,"href":"https:\/\/revistaepocadigital.com.ar\/index.php?rest_route=\/wp\/v2\/posts\/1653\/revisions"}],"wp:featuredmedia":[{"embeddable":true,"href":"https:\/\/revistaepocadigital.com.ar\/index.php?rest_route=\/wp\/v2\/media\/1656"}],"wp:attachment":[{"href":"https:\/\/revistaepocadigital.com.ar\/index.php?rest_route=%2Fwp%2Fv2%2Fmedia&parent=1653"}],"wp:term":[{"taxonomy":"category","embeddable":true,"href":"https:\/\/revistaepocadigital.com.ar\/index.php?rest_route=%2Fwp%2Fv2%2Fcategories&post=1653"},{"taxonomy":"post_tag","embeddable":true,"href":"https:\/\/revistaepocadigital.com.ar\/index.php?rest_route=%2Fwp%2Fv2%2Ftags&post=1653"}],"curies":[{"name":"wp","href":"https:\/\/api.w.org\/{rel}","templated":true}]}}