{"id":1657,"date":"2019-02-12T00:18:58","date_gmt":"2019-02-12T03:18:58","guid":{"rendered":"https:\/\/revistaepocadigital.com.ar\/?p=1657"},"modified":"2019-02-12T01:19:38","modified_gmt":"2019-02-12T04:19:38","slug":"si-se-comprueba-algun-tipo-de-mal-accionar-por-parte-de-los-medicos-se-aplicaran-con-todo-el-rigor-las-sanciones-correspondientes-a-los-responsables","status":"publish","type":"post","link":"https:\/\/revistaepocadigital.com.ar\/?p=1657","title":{"rendered":"Si se comprueba &#8220;alg\u00fan tipo de mal accionar por parte de los m\u00e9dicos, se aplicar\u00e1n con todo el rigor las sanciones correspondientes a los responsables&#8221;"},"content":{"rendered":"<p><strong>LO DIJO EL SECRETARIO DE SALUD.<\/strong><!--more--><\/p>\n<p><strong>Ricardo Algranati<\/strong>, entrevistado por el <strong>canal A24<\/strong> en <strong>Capilla del Se\u00f1or,<\/strong> habl\u00f3 del doloroso fallecimiento de la peque\u00f1a Luna y los hechos que lo rodearon.<\/p>\n<p><em>&#8220;Hay dos versiones sobre lo sucedido. Los padres dicen que los m\u00e9dicos le dieron a la ni\u00f1a una medicaci\u00f3n que la termin\u00f3 matando, y los m\u00e9dicos dicen que la ni\u00f1a ingres\u00f3 el domingo a la ma\u00f1ana<\/em> (al Hospital Municipal San Jos\u00e9)<em> con un cuadro desde el viernes por una broncoaspiraci\u00f3n de un v\u00f3mito, lo cual ocup\u00f3 los pulmones con el material del v\u00f3mito e impidi\u00f3 el aire, eso es u<\/em><span class=\"text_exposed_show\"><em>na causa de muerte en ancianos y en ni\u00f1os peque\u00f1os&#8221;<\/em>, dijo secretario de salud de la comuna.<\/span><\/p>\n<p><span class=\"text_exposed_show\"><strong>Algranati<\/strong> luego pareci\u00f3 descartar la hip\u00f3tesis acerca de una sinovitis s\u00e9ptica (sinovitis con infecci\u00f3n), debido a que los resultados de los an\u00e1lisis de sangre realizados en dos oportunidades al cuerpo de la ni\u00f1a presentaron valores normales.<em> &#8220;Estas cosas no tienen que pasar, pero pasan. El diagn\u00f3stico estaba. Era dolor en las articulaciones con gl\u00f3bulos blancos normales, comprobado en dos ocasiones. El diagn\u00f3stico no est\u00e1 errado. Es probable que la ni\u00f1a haya muerto por aspiraci\u00f3n de v\u00f3mito. Tambi\u00e9n es probable que le hayan suministrado una medicaci\u00f3n que no era&#8221;,<\/em> afirm\u00f3 el funcionario.<\/span><\/p>\n<p><span class=\"text_exposed_show\"><em>&#8220;La verdad la tendr\u00e1 finalmente la autopsia. Por eso le pido a la familia que se quede tranquila. En caso de que la autopsia compruebe alg\u00fan tipo de mal accionar por parte de los m\u00e9dicos, se aplicar\u00e1n con todo el rigor las sanciones correspondientes a los responsables&#8221;, <\/em>afirm\u00f3 <strong>Algranati.<\/strong><\/span><\/p>\n<p>Fuente: Infobae<\/p>\n","protected":false},"excerpt":{"rendered":"<p>LO DIJO EL SECRETARIO DE SALUD.<\/p>\n","protected":false},"author":3,"featured_media":1658,"comment_status":"open","ping_status":"open","sticky":false,"template":"","format":"standard","meta":{"footnotes":"","jetpack_publicize_message":"","jetpack_publicize_feature_enabled":true,"jetpack_social_post_already_shared":false,"jetpack_social_options":{"image_generator_settings":{"template":"highway","default_image_id":0,"font":"","enabled":false},"version":2}},"categories":[13],"tags":[214,37,213],"class_list":["post-1657","post","type-post","status-publish","format-standard","has-post-thumbnail","hentry","category-interes-general","tag-algranati","tag-destacada","tag-nena-fallecida"],"jetpack_publicize_connections":[],"jetpack_featured_media_url":"https:\/\/revistaepocadigital.com.ar\/wp-content\/uploads\/2019\/02\/algranati-nena19.jpg","jetpack_likes_enabled":true,"_links":{"self":[{"href":"https:\/\/revistaepocadigital.com.ar\/index.php?rest_route=\/wp\/v2\/posts\/1657","targetHints":{"allow":["GET"]}}],"collection":[{"href":"https:\/\/revistaepocadigital.com.ar\/index.php?rest_route=\/wp\/v2\/posts"}],"about":[{"href":"https:\/\/revistaepocadigital.com.ar\/index.php?rest_route=\/wp\/v2\/types\/post"}],"author":[{"embeddable":true,"href":"https:\/\/revistaepocadigital.com.ar\/index.php?rest_route=\/wp\/v2\/users\/3"}],"replies":[{"embeddable":true,"href":"https:\/\/revistaepocadigital.com.ar\/index.php?rest_route=%2Fwp%2Fv2%2Fcomments&post=1657"}],"version-history":[{"count":0,"href":"https:\/\/revistaepocadigital.com.ar\/index.php?rest_route=\/wp\/v2\/posts\/1657\/revisions"}],"wp:featuredmedia":[{"embeddable":true,"href":"https:\/\/revistaepocadigital.com.ar\/index.php?rest_route=\/wp\/v2\/media\/1658"}],"wp:attachment":[{"href":"https:\/\/revistaepocadigital.com.ar\/index.php?rest_route=%2Fwp%2Fv2%2Fmedia&parent=1657"}],"wp:term":[{"taxonomy":"category","embeddable":true,"href":"https:\/\/revistaepocadigital.com.ar\/index.php?rest_route=%2Fwp%2Fv2%2Fcategories&post=1657"},{"taxonomy":"post_tag","embeddable":true,"href":"https:\/\/revistaepocadigital.com.ar\/index.php?rest_route=%2Fwp%2Fv2%2Ftags&post=1657"}],"curies":[{"name":"wp","href":"https:\/\/api.w.org\/{rel}","templated":true}]}}