{"id":16571,"date":"2022-06-19T12:36:13","date_gmt":"2022-06-19T15:36:13","guid":{"rendered":"https:\/\/revistaepocadigital.com.ar\/?p=16571"},"modified":"2022-06-19T12:36:35","modified_gmt":"2022-06-19T15:36:35","slug":"cepral","status":"publish","type":"post","link":"https:\/\/revistaepocadigital.com.ar\/?p=16571","title":{"rendered":"Cepral informa"},"content":{"rendered":"<p style=\"text-align: center;\"><img decoding=\"async\" class=\"yiv1250995944rnb-header-img\" src=\"https:\/\/41sau.img.a.d.sendibm1.com\/im\/2340286\/c0f6671886dcbad87f7f68d5af7e68e822389d1fafb682e3331262bb8bf11307.jpg?e=6fvCUdngsXe4MnAMA06FxVVGV2FDnDUupVLKdnBVeUQyn_aGtMt9t99R6mUYZdh3kyf58ZfurYbSEi2VhxhR6Ny6fBxP0k-8yfMJD3xQWoteqVpwq5ISSxjnH69UY49HFVp8J-DuduJFyLRCy0aHZFUUOwUiRj67jOXQOlIvgfR5DogNdAlfb1LUGtF9k1KjrLiMfwrnfWslJQ2FuZx-wjsikyyQRktSRIKEqQ\" alt=\"\" width=\"590\" border=\"0\" hspace=\"0\" vspace=\"0\" \/><br \/>\n<img decoding=\"async\" class=\"yiv1250995944rnb-header-img\" src=\"https:\/\/41sau.img.a.d.sendibm1.com\/im\/2340286\/2f142ddf8327add7050564fca54d0a14229f8e6f39ee4d3208d7c39b029ffd90.gif?e=gp03cw-UMcvJkLk4L1wFe3cYqybR32K6GBo5GNRBufFTuXH4Y4Wp1icPriIC_IBNgPrFuy4g0ZxHhOFX7gBAh3-118t8chiEo21Tsb65ZYCzVGH25xcbbVAxsTg-UpikBJJUGxpgX8zXlVqgIiPO2AYi_sXkg2wxOmjMVpi7iyXQKjfkNiwbuA8nGDQPydnzGyUYVdokt7d8bFI71EOyNqv56Y362nHP0YANcg\" alt=\"\" width=\"590\" border=\"0\" hspace=\"0\" vspace=\"0\" \/><strong>\u00a1En Contacto!<\/strong><\/p>\n<div><strong>Estimados vecinos y usuarios: <\/strong><\/div>\n<div><\/div>\n<div>En esta edici\u00f3n tenemos muchas noticias que contarles acerca de nuestros nuevos logros:<\/div>\n<ul>\n<li>Ya est\u00e1 funcionando Cepralbot, el chatbot al que se accede desde nuestra web y a trav\u00e9s de WhatsApp, una nueva instancia de comunicaci\u00f3n a disposici\u00f3n de nuestros usuarios.<\/li>\n<li>Comenzamos la obra FTTH Fibra \u00d3ptica en tu Hogar, para los vecinos de El Remanso 2\u00b0 y 6\u00b0 Series y Jular\u00f3.<\/li>\n<li>Ya iniciamos las primeras conexiones de FTTH en los barrios El Zorzal y Sakura II y III.<\/li>\n<li>Estamos convocando a los vecinos del barrioparque Los Pinos para que se inscriban y puedan hacer posible la llegada de FTTH a su barrio.<\/li>\n<li><strong>Al mismo tiempo, estamos trabajando en las propuestas para acercarles los proyectos de FTTH a los vecinos de El Remanso 1\u00b0, 3\u00b0 y 4\u00b0 Series y Parque Exaltaci\u00f3n.\u00a0 De este modo alcanzariamos el 90 % de cobertura de Fibra \u00d3ptica en tu Hogar en nuestra zona de concesi\u00f3n.\u00a0<\/strong><\/li>\n<li>En el Sector El\u00e9ctrico, continuamos con la obra de Repotenciaci\u00f3n en el Barrio Arroyo de la Cruz.<\/li>\n<li>Recibimos la visita de los alumnos de la Escuela T\u00e9cnica N\u00b0 1 de Parada Robles en nuestra F\u00e1brica de Columnas de Hormig\u00f3n Pretensado y nuestro Gerente fue a dar una charla de cooperativismo a la Escuela N\u00b0 4.<\/li>\n<li>Ediliciamente nos encontramos haciendo reformas que impactar\u00e1n en la producci\u00f3n y en la atenci\u00f3n a nuestros clientes de la F\u00e1brica de Columnas de Hormig\u00f3n Pretensado y en la expansi\u00f3n de las oficinas del sector Telecomunicaciones para hacer frente a todos los proyectos en los que venimos trabajando.<\/li>\n<\/ul>\n<div><\/div>\n<div><strong>Seguimos apostando a la inversi\u00f3n y al crecimiento de nuestra Cooperativa.<\/strong><\/div>\n<div><\/div>\n<div style=\"text-align: right;\">\n<p><strong><strong>\u00a0 \u00a0 \u00a0 \u00a0 \u00a0 \u00a0 \u00a0 \u00a0 \u00a0 \u00a0 \u00a0 \u00a0 \u00a0 \u00a0 \u00a0 \u00a0 \u00a0 \u00a0 \u00a0 \u00a0 \u00a0 \u00a0 \u00a0 Consejo de Administraci\u00f3n Cepral<\/strong><\/strong><\/p>\n<hr \/>\n<\/div>\n<div style=\"text-align: center;\"><strong>Es importante que mantengas tus datos de contacto (mail y tel\u00e9fono celular) actualizados para que nos podamos comunicar con vos.<\/strong><\/div>\n<div style=\"text-align: center;\"><strong>Pod\u00e9s actualizar tus datos:<\/strong><\/div>\n<table class=\"yiv1250995944rnb-btn-col-content\" border=\"0\" cellspacing=\"0\" cellpadding=\"0\" align=\"center\">\n<tbody>\n<tr>\n<td align=\"center\" valign=\"middle\" bgcolor=\"#00596a\"><a href=\"https:\/\/41sau.r.a.d.sendibm1.com\/mk\/cl\/f\/AkFmrRSamq12WeytzfBBWMUn-R3itY1epDyeQ4TVh-ArPY9vE2mAMzr-iAuUuM5iWR7wrModrgJ3dXWbwLIvRGzcXcPW9pye8TmjM2UEakTwYYqRPaqjiph03jtyxhR_RYePUEV_5uO-I16Iml5YFNrQJBUOFXuCYSVtj_mkQbJ0gSy1SeD9GGu2DpmczFHI8KSeBcSZ\" target=\"_blank\" rel=\"noreferrer noopener\">Click aqu\u00ed<\/a><\/td>\n<\/tr>\n<\/tbody>\n<\/table>\n<hr \/>\n<p><img decoding=\"async\" class=\"yiv1250995944rnb-header-img aligncenter\" src=\"https:\/\/41sau.img.a.d.sendibm1.com\/im\/2340286\/f0736702830b1083b0d5b6647487e91c5e690f42c4331854e5b056eb688e2fef.jpg?e=8YgaGLTw5uYY58jneJdmzD1-inUrbpV523VNP0gmudApJqaFqZ25E5KQUtEDzDOMLYg3AqAgZN4uh6KovtZCRnuv1n-tNMtDi1tCLoiB7caGNXPOxdepALsUjznUTCr5lp1_obrcdNQqCWd5tL2CIiyLMr70Sd74aKFlc6G2LGhLeklPZracuZkN_wYpTKM1rzz0eu8PnkL0P8ffYv6n52lI9k_oggCGCYBozg\" alt=\"\" width=\"590\" border=\"0\" hspace=\"0\" vspace=\"0\" \/><\/p>\n<hr \/>\n<div><strong>INAUGURACION PARQUE COOPERATIVO DE ENERGIA FOTOVOLTAICA EN AZCUENAGA<\/strong><\/div>\n<div><\/div>\n<div>Con la presencia de nuestro Secretario, Sr. Daniel Su\u00e1rez y de nuestro Gerente Ing. Jos\u00e9 Luis Hermida, Cepral estuvo presente en la inauguraci\u00f3n del Parque Cooperativo de Energ\u00eda Fotovoltaica de la Cooperativa de Electrificaci\u00f3n Rural y Tecnificaci\u00f3n Agropecuaria de Sol\u00eds y Azcu\u00e9naga (CETASA)\u00a0 durante un acto celebrado el pasado viernes 3 de junio en la localidad de Azcu\u00e9naga, partido de San Andr\u00e9s de Giles.<\/div>\n<div><\/div>\n<div>El acto cont\u00f3 con la presencia del presidente de FEDECOBA, Ariel Guarco,<\/div>\n<div>Participaron de la jornada representantes municipales, provinciales, federativos y de numerosas cooperativas de servicios p\u00fablicos de la regi\u00f3n, quienes sumaron sus palabras de apoyo al emprendimiento de entidad asociada a FEDECOBA.<\/div>\n<div><img decoding=\"async\" class=\"yiv1250995944rnb-col-1-img aligncenter\" src=\"https:\/\/41sau.img.a.d.sendibm1.com\/im\/2340286\/5820ea28b66de0a5bb0bb1ac1fd53ee5207a3b43b12861023711bbdc0111505e.jpg?e=2bKvXjdyxGI-MBQX20q1mEFKuJqycNYwPfp9y6W7JIS2T4U8fCM49zhZUVCtdoMY650O9GkVyWbR4PnzsKhcYqxMytXaEWXTL8APhA2rmO4CNZowDaLPzyIuLZln6NaN3gD8UQi0CzfIu1fXlpz2fTeW4yDl4CG-Sk3I2DzLKJJYp_ifesrflWyi5v_wbF0jlifoO9OModq8_eikl8NwEfZ4kU0dRqHs5Z2o3g\" alt=\"\" width=\"550\" border=\"0\" hspace=\"0\" vspace=\"0\" \/><\/div>\n<hr \/>\n<p><img decoding=\"async\" class=\"yiv1250995944rnb-header-img aligncenter\" src=\"https:\/\/41sau.img.a.d.sendibm1.com\/im\/2340286\/f904fd3f7b7068f173f9167c132f89f25f12346a88e9bfb9f266bc7009aae7e4.jpg?e=kxGz-WRYV1_fhkMOgm5FXz766BPR3M__1QPLYHOteQ2Tb-830sLoAjTnB6f1FanBa2XELLRAwdvGq1VZE71njUW47u4c7SaYP3YbgRi1EmGJK8XtnZsZs0M93zAS7a_OZGggbY9biVH-umEWm6uaUTmDdO-172kL-RRekhrEYHHf-D1HS40noqp2v3YjqM_FlJK8ztAZLIAAMftvgNjWDqySqsXv35C-KvqQCg\" alt=\"\" width=\"590\" border=\"0\" hspace=\"0\" vspace=\"0\" \/><\/p>\n<hr \/>\n<p><img decoding=\"async\" class=\"yiv1250995944rnb-col-2-img-side-xs alignleft\" src=\"https:\/\/41sau.img.a.d.sendibm1.com\/im\/2340286\/a0bb57c9246ed2098b0a13b5b05dbd51f4b1332d580b58e37c611fc05efa22ac.jpg?e=qWQkGbsl9YcKfLCsyGLUTKgB6uOPb6aKBwtpQCgLUmAcA7socoLl30yBK4hng-2Cq-PRY7P4istISC-cSHZoqsIhatLSSoqmlfqXtDeeJLHOyhgwzAUzpd3b_Dc97lJUoNfHkCYm1-cJ98kHFyNgfOlpfVJXB9Gb5zM_li3cpNVefK2gyd4KOvWYryuPRv9WU6hiUdA4H8ZvJnPHlhEDSTUJxddxDnHGomdtAg\" alt=\"\" width=\"180\" border=\"0\" hspace=\"0\" vspace=\"0\" \/>Ya est\u00e1 disponible CepralBot, nuestro asistente virtual para atenderte desde tu celular o computadora.<\/p>\n<p>Desde ahora pod\u00e9s acceder a tu facturas, realizar reclamos, conocer tu deuda, efectuar consultas administrativas, gestionar tu turno de atenci\u00f3n presencial, entre muchas otras opciones y de manera m\u00e1s simple.<\/p>\n<p>Con CepralBot te llevamos la Cooperativa al lugar donde est\u00e9s.<\/p>\n<p><strong>Agendalo as\u00ed:\u00a0 +54 911 2306 9604<\/strong><\/p>\n<p>Seguimos invirtiendo en tecnolog\u00eda para que estemos mejor comunicados.<\/p>\n<hr \/>\n<p><strong>Continuamos con las obras de reestructuraci\u00f3n de Red en Media Tensi\u00f3n en la zona del Barrio Arroyo de la Cruz.<\/strong><\/p>\n<p><img decoding=\"async\" class=\"yiv1250995944rnb-col-2-img-side-xs alignright\" src=\"https:\/\/41sau.img.a.d.sendibm1.com\/im\/2340286\/a516f0e8d9304a8e8aa99ea256d0bc79f24c95738f775d4216d9d6229ba1bf5f.jpg?e=O6oRiEYe_waM7hoMS2EKX6QrXQyN5jQ4grAjFAd-1NS8ZiM15y0qCm3uLIeHSwVH9Wk-rI75-2LeNlUcO37_ICPpFDvQvND_bR5U8zFGz80Pdavm7tUoZlgBGMk-yGZoLYn9xooQY8y3YAqO50OBlRhA6jSeEfR7AVhV6GMtMYe_eAHW7GdlYvJivpvNd9rRxhZRniTmNdpdsDs7cW-sYJva_XMC1u7MX3Pd7Q\" alt=\"\" width=\"180\" border=\"0\" hspace=\"0\" vspace=\"0\" \/>Finalizamos la primera etapa de trabajo relacionada con las 30 fundaciones para instalar las nuevas columnas que sostendr\u00e1n la red.<\/p>\n<p>Esta obra est\u00e1 proyectada para poder readecuar la instalaci\u00f3n de la mencionada red acorde a la demanda dada en la zona.<\/p>\n<p>Por otra parte, seguimos llevando adelante la obra de repotenciaci\u00f3n en los Barrios Los Pinos y Sakura.<\/p>\n<p>&nbsp;<\/p>\n<hr \/>\n<p><img decoding=\"async\" class=\"yiv1250995944rnb-header-img aligncenter\" src=\"https:\/\/41sau.img.a.d.sendibm1.com\/im\/2340286\/f0736702830b1083b0d5b6647487e91c5e690f42c4331854e5b056eb688e2fef.jpg?e=poQLSET0Tdaj6PyDz8JtRRdXVCUt7gTiyPn3YrB6jmd5Nw_LpZPRxEk4FPM_fkMwEhN7-lMBcx1wtbr1dtAMyQjX0yJbRagSS16EiRZJKZjeRPz52fJ8eJyb6YKNiYbyYs2QJAyrC4VqnwcDKGkHZTrIAJ91uewFnKXkLqbpJ8NfL4AP3JS99iKOKH1hreSZXeb973PjQ7A4u3tvDIxb2HiXWtlvGSaoqkKpCw\" alt=\"\" width=\"590\" border=\"0\" hspace=\"0\" vspace=\"0\" \/><\/p>\n<hr \/>\n<p style=\"text-align: left;\"><strong>Cepral recibi\u00f3\u00a0 la visita<br \/>\nde alumnos de la Escuela T\u00e9cnica N\u00b0 1 de Parada Robles.<\/strong><\/p>\n<div><img decoding=\"async\" class=\"yiv1250995944rnb-col-2-img-side-xl alignleft\" src=\"https:\/\/41sau.img.a.d.sendibm1.com\/im\/2340286\/a6c8442390caf090cb1363e8afe698d312200e7003501593e394b356109e3327.jpg?e=eVfxH0UEFLEimllLOHrlcRUE3QJ92F-g1cG2GBqRqRRuGiar3Af4V2M5NmgDUI3xbpBXtDnIEVFmPR57zOIBF_staLU-eviSkBV9oHRY3j2mKyu8USM52XiucvsMfemHt79k-qHp_vgt_IgMtvACDE6YVzBLu1xURdE8aUhD0r8Y2h9452yA-shT16pLZwJjfqa59feHY3P4R5zcffaU5Q1Aw4s7yDeexngo-Q\" alt=\"\" width=\"265\" border=\"0\" hspace=\"0\" vspace=\"0\" \/>Alumnos de 3\u00b0 a\u00f1o 2\u00b0 divisi\u00f3n del turno tarde, junto a su profesor del Taller Sistemas Tecnol\u00f3gicos, Adri\u00e1n Gonz\u00e1lez asistieron a una visita guiada de nuestra F\u00e1brica de Columnas de Hormig\u00f3n Pretensado.<\/div>\n<div><\/div>\n<div>Fueron recibidos por Marcelo Dominguez, el responsable de la F\u00e1brica, quien junto a Domingo Misale, nuestro Jefe de Recursos Humanos acompa\u00f1aron a los chicos en el recorrido y les explicaron los distintos procedimientos de nuestro sistema de producci\u00f3n.<\/div>\n<div><\/div>\n<div>Una clase diferente en la que pudieron ver de manera directa lo que aprenden desde la teor\u00eda.<\/div>\n<hr \/>\n<p style=\"text-align: left;\"><strong>Nuestro Gerente brind\u00f3 una charla sobre Cooperativismo en la Escuela Primaria N\u00b0 4 .<\/strong><\/p>\n<div><img decoding=\"async\" class=\"yiv1250995944rnb-col-2-img-side-xl alignright\" src=\"https:\/\/41sau.img.a.d.sendibm1.com\/im\/2340286\/ed4fbfc7a9a2152485dc3d32494297f66db4f43b88456c60650ead5e43cf0239.jpg?e=zgUChIgAVd78h84OG4TJrDWxyAqxTurVbw2NnepsVTuQmrJDhXpSF3MZVO_WyE35pljOz2AiFUzujU6sLfCzpl4V2KQKsJAY0BEV5Zlx62uOiNnHRMv2ldcYbgTRGchuUJoJvbFRdt29K7vV2WrkXOBYhiTbJWUqHxMJex7jHILsH2ZlsE2EB6hSOAFRova96eYeyqTn4esgCGQExEGHjHekD0MAmNzTMoOcJA\" alt=\"\" width=\"265\" border=\"0\" hspace=\"0\" vspace=\"0\" \/>En el marco del Proyecto &#8220;Nuestra Escuela, su lugar y su gente&#8221; alumnos de 5\u00b0 a\u00f1o B recibieron la visita de Jos\u00e9 Luis Hermida,\u00a0 quien les cont\u00f3 a las alumnas y los alumnos como se form\u00f3 nuestra Cooperativa, como funciona y cual es su misi\u00f3n dentro de nuestra comunidad.<\/div>\n<div><\/div>\n<div>Tambi\u00e9n respondi\u00f3 amablemente las interesantes preguntas que le formularon los alumnos.<\/div>\n<div><\/div>\n<div>Seguimos llevando los valores del cooperativismo a las comunidades educativas de nuestra zona de concesi\u00f3n.<\/div>\n<hr \/>\n<p style=\"text-align: left;\"><strong>CEPRALARTE volvi\u00f3 con una nueva propuesta.<\/strong><\/p>\n<div><img decoding=\"async\" class=\"yiv1250995944rnb-col-2-img-side-xl alignleft\" src=\"https:\/\/41sau.img.a.d.sendibm1.com\/im\/2340286\/2d826e9066a9be7d5a2f2981a89102e2e35b9f21eb65a5bb725a090fd9e64fc2.jpg?e=4QU4889wBSbt1yMfiHZD_zPENGTylrZeQSt2czw2fet4PhdgjuUdD8AiA3Ll1QzrzcHVyjFiMcM95sjKo9VTB5wUpQKMCP25c6aA15_ayeIzAxOB-GBTwOuk1dL931jrsjf60BA6co0vA5aSPmxRLCMEbYWsoI-a4ExcuSz28DP3-b6CAgsz3kXcs5MIQmnA4-iiH0G3w0ckwgQRtmGX3c1EnKSuIK94RNLlQQ\" alt=\"\" width=\"265\" border=\"0\" hspace=\"0\" vspace=\"0\" \/>&#8220;Lavado y Secado&#8221; es el nombre de esta muestra fotogr\u00e1fica que se puede visitar en el hall de la Cooperativa desde el lunes 23 de mayo hasta el viernes 22 de julio.<\/div>\n<div><\/div>\n<div>Esta exposici\u00f3n est\u00e1 respaldada por una instalaci\u00f3n muy particular en la vitrina de Las Cuatro Estaciones de CepralArte y se trata del montaje de un Cuarto Oscuro con art\u00edculos y muebles propiedad del fot\u00f3grafo Guillermo Jos\u00e9 Garc\u00eda del R\u00edo, vecino de Jular\u00f3.<\/div>\n<div><\/div>\n<div>Agradecemos por la curadur\u00eda de esta muestra a la artista Alicia Fontana.<\/div>\n<div><\/div>\n<div><strong>Los invitamos a recorrerla de lunes a viernes de 8 a 13.30 hs.<\/strong><\/div>\n<hr \/>\n<div style=\"text-align: center;\"><strong>Comenz\u00f3 la etapa de Poda:<\/strong><\/div>\n<div style=\"text-align: center;\">\u00a1Mantener libre de ramas las l\u00edneas de cableado contribuye a una mejor calidad de servicio!<\/div>\n<hr \/>\n<p style=\"text-align: center;\"><strong>INTERNET<br \/>\nFTTH Fibra \u00d3ptica en Tu Hogar<\/strong><\/p>\n<hr \/>\n<p><strong>Comenzamos con las migraciones a FTTH en El Zorzal, Altos de Robles, Sakura II y III!<\/strong><\/p>\n<p><img decoding=\"async\" class=\"yiv1250995944rnb-col-2-img-side-xs alignleft\" src=\"https:\/\/41sau.img.a.d.sendibm1.com\/im\/2340286\/ee2dc6bf74aca952fc61bb1c07732cf8850406d5080da990a7db6d5fb2fc21df.jpg?e=jLiJmNS12vGiCU9YCQWid7UZxHrQm1nYu9TvZUEdDgefXPiJw5ga9tWOmscycqcX0wA9_8XzT7lJZ3MgghF6I78PIzgaHKaLLTo8D950VN5Qxlz6aFxY56YPij5DCkF9RFO4TnKs5Shr4G8BiV7tY4v8EQNatplNVGIhQ0ExzeKAC1vBEzLXI0tjaKI2ice_ssEVcMzmNGx2QbcIPPXUBzomFI-zhgmQVVQMVw\" alt=\"\" width=\"265\" border=\"0\" hspace=\"0\" vspace=\"0\" \/>Ya est\u00e1n disfrutando de <strong>Fibra \u00d3ptica en Tu Hogar<\/strong>\u00a0los primeros usuarios que ya conectamos en los barrios <strong>El Zorzal, Altos de Robles,\u00a0 Sakura II y III.<\/strong><\/p>\n<p><strong>\u00a1Gracias a los vecinos que se comprometieron, apoyando con su contribuci\u00f3n econ\u00f3mica para que podamos llevar adelante estas obras!<\/strong><\/p>\n<p>&nbsp;<\/p>\n<hr \/>\n<p><strong>AVANCES DE LA OBRA FIBRA \u00d3PTICA EN TU HOGAR para los Barrios El Remanso 2\u00b0 y 6\u00b0. Series y Jular\u00f3<\/strong><\/p>\n<p><img decoding=\"async\" class=\"yiv1250995944rnb-col-2-img-side-xs alignright\" src=\"https:\/\/41sau.img.a.d.sendibm1.com\/im\/2340286\/9e8b6008600c0caede3cf2eefe001f886709c3d42e7fed5cd8990c60ab724eb2.jpg?e=swGZaVdOFvFLiPRz7CrdN2exnqU0aBiw3Mj7fzytuGo7dak9QF8FrRKBN4NBDWBBpvFELfx2PN96ZpWl0yDgstzJShUTxnVsLk6S-ZQqWaH4qJrbYyuKKdrRbaqoYy19bLkDY37uZKRClHcQkfFPPqzvt-IncPDtm32XMPo7hcQ-_8Y5T8DCk6FtU4ADXKnNfbUnQqcPY17_LuN0MSfpxavQqfNcIir4L4nVBA\" alt=\"\" width=\"265\" border=\"0\" hspace=\"0\" vspace=\"0\" \/>Comenzamos con la etapa de instalaci\u00f3n de herrajes, entre otras tareas previas para\u00a0el tendido de fibra anti-roedor.<\/p>\n<p><strong>Les agradecemos a quienes que ya se sumaron y est\u00e1n pagando por anticipado para que El Remanso 2\u00b0 y 6\u00b0 series y Jular\u00f3 puedan acceder al servicio FTTH.<\/strong><\/p>\n<p>&nbsp;<\/p>\n<hr \/>\n<p style=\"text-align: center;\"><strong>Presentamos la Propuesta de FTTH para los vecinos del barrioparque Los Pinos.<\/strong><\/p>\n<p style=\"text-align: center;\">Quienes todav\u00eda no se han inscripto para acceder a Fibra \u00d3ptica en tu Hogar, lo pueden hacer desde nuestra p\u00e1gina web o con un click en el bot\u00f3n de m\u00e1s abajo.<\/p>\n<p style=\"text-align: center;\">Esta obra tambi\u00e9n ser\u00e1 posible por el compromiso y la uni\u00f3n de los vecinos y la Cooperativa.<\/p>\n<hr \/>\n<p><a href=\"https:\/\/41sau.r.a.d.sendibm1.com\/mk\/cl\/f\/JxMHgdpsfllO79a1yJZlHrs3hFzDthiIzo5V_9nqAthOViXzrY1x7fs2JXm7rgDmGBu09cLXajrF0O2i5_KdMQC90bxdWIv6AhFsEBnSVxFB8tnIB2CAS_NKFPVBay1CMLqbEdfo2Xm-txp3HMMrWF8661W7gM-X6VNlpITYQcWsyl0zA1xeDyCvqSyc2nELprn1sMzOQEEinWUFYeazgeQxeRuCD5sj3cpN-r3wafPuEOBdA9hXSBoXQEiCy_dPxEq5Rs6vfLtiwdrL11LB6Ab_xwafv7H-mn77WBM2cFCTD7fFcZc\" target=\"_blank\" rel=\"noreferrer noopener\"><img decoding=\"async\" class=\"yiv1250995944rnb-header-img aligncenter\" src=\"https:\/\/41sau.img.a.d.sendibm1.com\/im\/2340286\/95db20fc9991adfbbeaff89ffe4a628c894760b8b817365957a17a3a4ca6e5f5.gif?e=W0o9yD8s8iRWpiNYOimf_xqgkoGTm-T-UNjklbDFN_fO2eT1IRNqIukFSgwbOfG8J2FekR-hZ9SQRDthafCe6kwwXDjpqsGPXi59RyrtI5LTmxN2ptsz-S6UqeGHhDyeAwewFjUftoGzkhEavenN1j8GkrGxdSkzmcIV9FhRLYUuLedlXDUe69OXqR9HyPZS6s_PI6xNBF247bj--MW1u3iU_EZ1LQXBdcV_SA\" alt=\"\" width=\"590\" border=\"0\" hspace=\"0\" vspace=\"0\" \/><\/a><\/p>\n<hr \/>\n<p><strong><img decoding=\"async\" class=\"yiv1250995944rnb-col-2-img-side-xs alignright\" src=\"https:\/\/41sau.img.a.d.sendibm1.com\/im\/2340286\/5a4d2c7164e0ecb9ae54aef67acf906dcef1d6f3a0ee5fc1642ce4c66dd25e76.jpg?e=iaw_K5eesMxCpN8xqB5cxfWYJV8zMlUgJ6ANVXij6Xld_eS8qRV598DFJQA_oYcjOL06UKllZmfb5esC4R9_uA8m3IR9sRSHXB2BRuFg3NdTqP1RP3eBXJGsMQUWkWn45RhgttsySUlP_veTPsauRi4Oc1-ZmU0wTzA9TPfkWqbVunFOL2UprTySADkeKy_FaqMUc0raF3W-EH0KRzXWJsRYjym_0PIpCiwrIA\" alt=\"\" width=\"265\" border=\"0\" hspace=\"0\" vspace=\"0\" \/>Estamos trabajando en la Propuesta de FTTH para los vecinos de los barrios Parque Exaltaci\u00f3n y El Remanso 1\u00b0, 3\u00b0 y 4\u00b0 Series.<\/strong><\/p>\n<hr \/>\n<div style=\"text-align: center;\">Nos encontramos trabajando en las propuestas de Fibra \u00d3ptica en tu Hogar para presentarles en breve a los vecinos\u00a0de estos barrios.<\/div>\n<div style=\"text-align: center;\">Esto representa que al finalizar estas obras tendremos m\u00e1s del 90% de cobertura de Fibra \u00d3ptica al Hogar de nuestra zona de concesi\u00f3n.<\/div>\n<hr \/>\n<p style=\"text-align: center;\"><b>F\u00e1brica de Columnas de Hormig\u00f3n Pretensado<\/b><\/p>\n<div><img decoding=\"async\" class=\"yiv1250995944rnb-col-2-img-side-xl alignleft\" src=\"https:\/\/41sau.img.a.d.sendibm1.com\/im\/2340286\/aad46c0df8a00460ec429592c7681f73a347701bb04e1ab9ff5d5cbcc252ffc2.jpg?e=fYSEk3UKLOTcN_CN3pAOi1uxGkTxBAg3IoSZR2Qyd6rdbY0tQlh8fXGeupAMGrgs9-90cvXycra52kO87Z0I1lfRmBG6koDb-0IGD_6esKOB-NIL6rfIbcCG0RExDKdqHvRyXwvX3Cm6PeoKgiLq7INEe8Ag20uZYqvXqUlpDHTVY1VUB2s58Rc2vjtFEpszL2eieVYpwgZ5rNftT5HZwc7PAu4KZ_orwQ-2rA\" alt=\"\" width=\"180\" border=\"0\" hspace=\"0\" vspace=\"0\" \/>Continuamos con el proyecto de expansi\u00f3n de nuestra F\u00e1brica de Columnas.\u00a0 Nos encontramos trabajando en la modificaci\u00f3n y ampliaci\u00f3n \u00a0de varios galpones y dem\u00e1s infraestructuras de la planta.<\/div>\n<div><\/div>\n<div>Con el objetivo de generar nuevos y seguros espacios de trabajo para nuestro equipo de producci\u00f3n y para una mejor atenci\u00f3n a nuestros clientes.<\/div>\n<div><\/div>\n<div>Seguimos mejorando nuestros productos y asegurando la continuidad de trabajo para todas las familias de nuestra F\u00e1brica.<\/div>\n<p>&nbsp;<\/p>\n<hr \/>\n<p style=\"text-align: center;\"><strong>Nuestros Medios de Pago<\/strong><\/p>\n<table class=\"yiv1250995944rnb-btn-col-content\" border=\"0\" cellspacing=\"0\" cellpadding=\"0\" align=\"center\">\n<tbody>\n<tr>\n<td align=\"center\" valign=\"middle\" bgcolor=\"#0092ff\" width=\"auto\" height=\"34\"><a href=\"https:\/\/41sau.r.a.d.sendibm1.com\/mk\/cl\/f\/IcyEwwuO2oaGe5bbNGIFjdt6L3qxiP7XYzOYgsWoKQL7WvceD51WBCPoeL8Va-sqcM7XlRfvQ8T4oaPkP_sMMm5sRUORKzHAdML6OaNy7hqyHeAiLzaOt02o4Qb4fUkohQkuug8KbeDvtExq5AM47vsS36uofjPb6khVXRCF3cHof-prYOUaQs8TaVED4YLdeMeG18sijtM-lGxBX3XMT9m3pBH0Pig\" target=\"_blank\" rel=\"noreferrer noopener\">Leer m\u00e1s<\/a><\/td>\n<\/tr>\n<\/tbody>\n<\/table>\n<hr \/>\n<div style=\"text-align: center;\"><strong>\u00bfC\u00f3mo pago las facturas de manera electr\u00f3nica?<\/strong><\/div>\n<div style=\"text-align: center;\">Desde el bot\u00f3n click te explicamos el paso a paso para poder efectuar los pagos de tus facturas desde la Oficina Virtual de Cepral:<\/div>\n<table class=\"yiv1250995944rnb-btn-col-content\" border=\"0\" cellspacing=\"0\" cellpadding=\"0\" align=\"center\">\n<tbody>\n<tr>\n<td align=\"center\" valign=\"middle\" bgcolor=\"#00596a\" width=\"auto\" height=\"34\"><a href=\"https:\/\/41sau.r.a.d.sendibm1.com\/mk\/cl\/f\/MIsHSyD-Up7hHpxjR41X-FU6nmLQgeDaNiKlFWRo1QFVZ_feYnaOazHsq5ThuHdaAdzyGrEAjymNOnXMWRgudhqUuYDBFze8H7lM_R7ePIESMMKtgjNVDoC8o1P8U_J7hdytsllrljGKQlLehPMoXXq6pvbjV93i98CSG5edMYqy28hI6S8zAjM7Ljty7TsQ0s3LSl4BE06tn7gbxXjgQbpiPvyi2_f3yWS1FnUnK1nc6Ve2nUwSKri1advx7r9nZYS-bG4S\" target=\"_blank\" rel=\"noreferrer noopener\">Click aqu\u00ed<\/a><\/td>\n<\/tr>\n<\/tbody>\n<\/table>\n<hr \/>\n<div style=\"text-align: center;\"><strong>HORARIOS DE GUARDIA<\/strong><\/div>\n<div>Les recordamos todos los horarios de guardia para la Atenci\u00f3n de los Reclamos de nuestros Servicios.<\/div>\n<table class=\"yiv1250995944rnb-btn-col-content\" border=\"0\" cellspacing=\"0\" cellpadding=\"0\" align=\"center\">\n<tbody>\n<tr>\n<td align=\"center\" valign=\"middle\" bgcolor=\"#1066e8\" width=\"auto\" height=\"34\"><a href=\"https:\/\/41sau.r.a.d.sendibm1.com\/mk\/cl\/f\/grIgZ_eyQCAijoUywytV3dwJZfbmW3afVn7nJ6t9FsFe2M6E5s0YTsuxFRE-ZChHppVLmr3tnWL73p2GbaraIYCLFGKvwrfiL8OVgbLnZP-RIAJI8bjPiyZQ6PyrGosy8KHTOLkfXg1upos3zBtwhoKzwmV1utigI9KQdKWzWtJ_XAXxIkux_ZOiZpHO0PKh0O8ehYTPRyaRR6_KD1ct9Vo\" target=\"_blank\" rel=\"noreferrer noopener\">Click aqu\u00ed<\/a><\/td>\n<\/tr>\n<\/tbody>\n<\/table>\n<hr \/>\n<p style=\"text-align: center;\">Estamos enviando nuestros Newsletters y otras noticias de la Cooperativa al mail que ten\u00e9s registrado en nuestro sistema y mediante la App Cepral para Celulares IOS y Android.<\/p>\n<hr \/>\n<p><img decoding=\"async\" class=\"yiv1250995944rnb-header-img aligncenter\" src=\"https:\/\/41sau.img.a.d.sendibm1.com\/im\/2340286\/ed63366bed89d77a392fedb10f1cb29766958558e658d04db42a8b18bc9eded2.jpg?e=_luutVvLVKOqfHSvUWnMlu9O5zv08EHiUuxNeHzvDLhig4rACtD60tyAvfo5k2jb-5pwF9dbrfXNHIzZOCFkLDodDmD9oyYO9L--5s4plvakL_ltT6hOAtlsYYubX5XUNLblZJgwNGaUYc9TTc2TpIrvYMm8W8di-Ybi500UKfswQayOIuhcQrsKTaTy1TlB0WdkMGSYuqB9qYL9ZPfLXgQ83RVLfB5bsMsywQ\" alt=\"\" width=\"590\" border=\"0\" hspace=\"0\" vspace=\"0\" \/><\/p>\n<p style=\"text-align: center;\"><strong>Cuando tengas consultas o quieras bajar tu factura,<br \/>\nconfirmar los horarios de atenci\u00f3n, requisitos para el alta de servicios, medios de pago, hacer reclamos o ingresar a tu Oficina Virtual<\/strong><\/p>\n<table class=\"yiv1250995944rnb-btn-col-content\" border=\"0\" cellspacing=\"0\" cellpadding=\"0\" align=\"center\">\n<tbody>\n<tr>\n<td align=\"center\" valign=\"middle\" bgcolor=\"#000aff\" width=\"auto\" height=\"38\"><a href=\"https:\/\/41sau.r.a.d.sendibm1.com\/mk\/cl\/f\/H_Mjc3H6e36b7u75LSf3jIpr3VA1zuoLS9csmuhxUfPo4Bikkgw5UT47a5cbJwETvr5ptmPXzvApPsO4nikdghpMemsQVc2mBbtbv13CLeNeCKyH4w92gZhqcmXnEq2dpOQx9CI6iIVUEf98JaH3RvwCFxufGScTBep0Lb7QeQ3IezL7ydVJ5iXv31MzqAc41RPe57TV\" target=\"_blank\" rel=\"noreferrer noopener\">Ingresar aqu\u00ed \u203a<\/a><\/td>\n<\/tr>\n<\/tbody>\n<\/table>\n","protected":false},"excerpt":{"rendered":"<p>\u00a1En Contacto! Estimados vecinos y usuarios: En esta edici\u00f3n tenemos muchas noticias que contarles acerca de nuestros nuevos logros: Ya est\u00e1 funcionando Cepralbot, el chatbot al que se accede desde nuestra web y a trav\u00e9s de WhatsApp, una nueva instancia de comunicaci\u00f3n a disposici\u00f3n de nuestros usuarios. Comenzamos la obra FTTH Fibra \u00d3ptica en tu [&hellip;]<\/p>\n","protected":false},"author":3,"featured_media":16574,"comment_status":"open","ping_status":"open","sticky":false,"template":"","format":"standard","meta":{"footnotes":"","jetpack_publicize_message":"","jetpack_publicize_feature_enabled":true,"jetpack_social_post_already_shared":false,"jetpack_social_options":{"image_generator_settings":{"template":"highway","default_image_id":0,"font":"","enabled":false},"version":2}},"categories":[5],"tags":[],"class_list":["post-16571","post","type-post","status-publish","format-standard","has-post-thumbnail","hentry","category-aqui-parada-robles"],"jetpack_publicize_connections":[],"jetpack_featured_media_url":"https:\/\/revistaepocadigital.com.ar\/wp-content\/uploads\/2022\/06\/cepral.jpg","jetpack_likes_enabled":true,"_links":{"self":[{"href":"https:\/\/revistaepocadigital.com.ar\/index.php?rest_route=\/wp\/v2\/posts\/16571","targetHints":{"allow":["GET"]}}],"collection":[{"href":"https:\/\/revistaepocadigital.com.ar\/index.php?rest_route=\/wp\/v2\/posts"}],"about":[{"href":"https:\/\/revistaepocadigital.com.ar\/index.php?rest_route=\/wp\/v2\/types\/post"}],"author":[{"embeddable":true,"href":"https:\/\/revistaepocadigital.com.ar\/index.php?rest_route=\/wp\/v2\/users\/3"}],"replies":[{"embeddable":true,"href":"https:\/\/revistaepocadigital.com.ar\/index.php?rest_route=%2Fwp%2Fv2%2Fcomments&post=16571"}],"version-history":[{"count":0,"href":"https:\/\/revistaepocadigital.com.ar\/index.php?rest_route=\/wp\/v2\/posts\/16571\/revisions"}],"wp:featuredmedia":[{"embeddable":true,"href":"https:\/\/revistaepocadigital.com.ar\/index.php?rest_route=\/wp\/v2\/media\/16574"}],"wp:attachment":[{"href":"https:\/\/revistaepocadigital.com.ar\/index.php?rest_route=%2Fwp%2Fv2%2Fmedia&parent=16571"}],"wp:term":[{"taxonomy":"category","embeddable":true,"href":"https:\/\/revistaepocadigital.com.ar\/index.php?rest_route=%2Fwp%2Fv2%2Fcategories&post=16571"},{"taxonomy":"post_tag","embeddable":true,"href":"https:\/\/revistaepocadigital.com.ar\/index.php?rest_route=%2Fwp%2Fv2%2Ftags&post=16571"}],"curies":[{"name":"wp","href":"https:\/\/api.w.org\/{rel}","templated":true}]}}