{"id":16581,"date":"2022-06-22T00:20:33","date_gmt":"2022-06-22T03:20:33","guid":{"rendered":"https:\/\/revistaepocadigital.com.ar\/?p=16581"},"modified":"2022-06-22T00:20:54","modified_gmt":"2022-06-22T03:20:54","slug":"covid-19-cambios-en-el-vacunatorio-de-exaltacion-de-la-cruz","status":"publish","type":"post","link":"https:\/\/revistaepocadigital.com.ar\/?p=16581","title":{"rendered":"COVID-19: CAMBIOS EN EL VACUNATORIO DE EXALTACI\u00d3N DE LA CRUZ"},"content":{"rendered":"<p><img loading=\"lazy\" decoding=\"async\" src=\"https:\/\/revistaepocadigital.com.ar\/wp-content\/uploads\/2022\/06\/289350620_396952915814937_6733164775335651433_n.jpg\" alt=\"\" width=\"526\" height=\"526\" class=\"aligncenter size-full wp-image-16582\" srcset=\"https:\/\/revistaepocadigital.com.ar\/wp-content\/uploads\/2022\/06\/289350620_396952915814937_6733164775335651433_n.jpg 526w, https:\/\/revistaepocadigital.com.ar\/wp-content\/uploads\/2022\/06\/289350620_396952915814937_6733164775335651433_n-300x300.jpg 300w, https:\/\/revistaepocadigital.com.ar\/wp-content\/uploads\/2022\/06\/289350620_396952915814937_6733164775335651433_n-150x150.jpg 150w, https:\/\/revistaepocadigital.com.ar\/wp-content\/uploads\/2022\/06\/289350620_396952915814937_6733164775335651433_n-420x420.jpg 420w\" sizes=\"auto, (max-width: 526px) 100vw, 526px\" \/>Desde hoy, el vacunatorio que funcionaba en el Complejo Municipal Andr\u00e9s Salgado, pasar\u00e1 a funcionar en el Hospital San Jos\u00e9 de Capilla del Se\u00f1or, sobre la calle Urcelay 960, de lunes a viernes de 9 a 20 hs.<br \/>\nAdem\u00e1s, funcionar\u00e1 en Parada Robles, los d\u00edas lunes y mi\u00e9rcoles, de 9 a 17 hs., en el Centro Cultural y en Los Cardales, los d\u00edas martes y jueves, de 9 a 19 hs., en el Club Progresista.<\/p>\n","protected":false},"excerpt":{"rendered":"<p>Desde hoy, el vacunatorio que funcionaba en el Complejo Municipal Andr\u00e9s Salgado, pasar\u00e1 a funcionar en el Hospital San Jos\u00e9 de Capilla del Se\u00f1or, sobre la calle Urcelay 960, de lunes a viernes de 9 a 20 hs. Adem\u00e1s, funcionar\u00e1 en Parada Robles, los d\u00edas lunes y mi\u00e9rcoles, de 9 a 17 hs., en el [&hellip;]<\/p>\n","protected":false},"author":3,"featured_media":16582,"comment_status":"open","ping_status":"open","sticky":false,"template":"","format":"standard","meta":{"footnotes":"","jetpack_publicize_message":"","jetpack_publicize_feature_enabled":true,"jetpack_social_post_already_shared":false,"jetpack_social_options":{"image_generator_settings":{"template":"highway","default_image_id":0,"font":"","enabled":false},"version":2}},"categories":[13],"tags":[],"class_list":["post-16581","post","type-post","status-publish","format-standard","has-post-thumbnail","hentry","category-interes-general"],"jetpack_publicize_connections":[],"jetpack_featured_media_url":"https:\/\/revistaepocadigital.com.ar\/wp-content\/uploads\/2022\/06\/289350620_396952915814937_6733164775335651433_n.jpg","jetpack_likes_enabled":true,"_links":{"self":[{"href":"https:\/\/revistaepocadigital.com.ar\/index.php?rest_route=\/wp\/v2\/posts\/16581","targetHints":{"allow":["GET"]}}],"collection":[{"href":"https:\/\/revistaepocadigital.com.ar\/index.php?rest_route=\/wp\/v2\/posts"}],"about":[{"href":"https:\/\/revistaepocadigital.com.ar\/index.php?rest_route=\/wp\/v2\/types\/post"}],"author":[{"embeddable":true,"href":"https:\/\/revistaepocadigital.com.ar\/index.php?rest_route=\/wp\/v2\/users\/3"}],"replies":[{"embeddable":true,"href":"https:\/\/revistaepocadigital.com.ar\/index.php?rest_route=%2Fwp%2Fv2%2Fcomments&post=16581"}],"version-history":[{"count":0,"href":"https:\/\/revistaepocadigital.com.ar\/index.php?rest_route=\/wp\/v2\/posts\/16581\/revisions"}],"wp:featuredmedia":[{"embeddable":true,"href":"https:\/\/revistaepocadigital.com.ar\/index.php?rest_route=\/wp\/v2\/media\/16582"}],"wp:attachment":[{"href":"https:\/\/revistaepocadigital.com.ar\/index.php?rest_route=%2Fwp%2Fv2%2Fmedia&parent=16581"}],"wp:term":[{"taxonomy":"category","embeddable":true,"href":"https:\/\/revistaepocadigital.com.ar\/index.php?rest_route=%2Fwp%2Fv2%2Fcategories&post=16581"},{"taxonomy":"post_tag","embeddable":true,"href":"https:\/\/revistaepocadigital.com.ar\/index.php?rest_route=%2Fwp%2Fv2%2Ftags&post=16581"}],"curies":[{"name":"wp","href":"https:\/\/api.w.org\/{rel}","templated":true}]}}