{"id":16584,"date":"2022-06-22T00:23:36","date_gmt":"2022-06-22T03:23:36","guid":{"rendered":"https:\/\/revistaepocadigital.com.ar\/?p=16584"},"modified":"2022-06-22T00:23:36","modified_gmt":"2022-06-22T03:23:36","slug":"centro-modular-sanitario-los-cardales","status":"publish","type":"post","link":"https:\/\/revistaepocadigital.com.ar\/?p=16584","title":{"rendered":"Centro modular sanitario Los Cardales"},"content":{"rendered":"<p><img loading=\"lazy\" decoding=\"async\" class=\"aligncenter size-full wp-image-16585\" src=\"https:\/\/revistaepocadigital.com.ar\/wp-content\/uploads\/2022\/06\/WhatsApp-Image-2022-06-21-at-11.03.45-PM.jpeg\" alt=\"\" width=\"1280\" height=\"850\" srcset=\"https:\/\/revistaepocadigital.com.ar\/wp-content\/uploads\/2022\/06\/WhatsApp-Image-2022-06-21-at-11.03.45-PM.jpeg 1280w, https:\/\/revistaepocadigital.com.ar\/wp-content\/uploads\/2022\/06\/WhatsApp-Image-2022-06-21-at-11.03.45-PM-300x199.jpeg 300w, https:\/\/revistaepocadigital.com.ar\/wp-content\/uploads\/2022\/06\/WhatsApp-Image-2022-06-21-at-11.03.45-PM-1200x797.jpeg 1200w, https:\/\/revistaepocadigital.com.ar\/wp-content\/uploads\/2022\/06\/WhatsApp-Image-2022-06-21-at-11.03.45-PM-768x510.jpeg 768w, https:\/\/revistaepocadigital.com.ar\/wp-content\/uploads\/2022\/06\/WhatsApp-Image-2022-06-21-at-11.03.45-PM-696x462.jpeg 696w, https:\/\/revistaepocadigital.com.ar\/wp-content\/uploads\/2022\/06\/WhatsApp-Image-2022-06-21-at-11.03.45-PM-1068x709.jpeg 1068w, https:\/\/revistaepocadigital.com.ar\/wp-content\/uploads\/2022\/06\/WhatsApp-Image-2022-06-21-at-11.03.45-PM-632x420.jpeg 632w, https:\/\/revistaepocadigital.com.ar\/wp-content\/uploads\/2022\/06\/WhatsApp-Image-2022-06-21-at-11.03.45-PM-1265x840.jpeg 1265w\" sizes=\"auto, (max-width: 1280px) 100vw, 1280px\" \/>Lleg\u00f3 parte de la carteler\u00eda del Centro Modular Sanitario Los Cardales, que ya tiene nombre oficial votado en el HCD: CENTRO HOSPITALARIO H\u00c9ROES DE LA PANDEMIA, que es un homenaje a TODO EL PERSONAL DE LA SALUD DE EXALTACI\u00d3N DE LA CRUZ.<br \/>\nSeguimos haciendo historia. Seguimos construyendo la nueva Exaltaci\u00f3n.<\/p>\n","protected":false},"excerpt":{"rendered":"<p>Lleg\u00f3 parte de la carteler\u00eda del Centro Modular Sanitario Los Cardales, que ya tiene nombre oficial votado en el HCD: CENTRO HOSPITALARIO H\u00c9ROES DE LA PANDEMIA, que es un homenaje a TODO EL PERSONAL DE LA SALUD DE EXALTACI\u00d3N DE LA CRUZ. Seguimos haciendo historia. Seguimos construyendo la nueva Exaltaci\u00f3n.<\/p>\n","protected":false},"author":3,"featured_media":16586,"comment_status":"open","ping_status":"open","sticky":false,"template":"","format":"standard","meta":{"footnotes":"","jetpack_publicize_message":"","jetpack_publicize_feature_enabled":true,"jetpack_social_post_already_shared":false,"jetpack_social_options":{"image_generator_settings":{"template":"highway","default_image_id":0,"font":"","enabled":false},"version":2}},"categories":[4],"tags":[],"class_list":["post-16584","post","type-post","status-publish","format-standard","has-post-thumbnail","hentry","category-aqui-los-cardales"],"jetpack_publicize_connections":[],"jetpack_featured_media_url":"https:\/\/revistaepocadigital.com.ar\/wp-content\/uploads\/2022\/06\/WhatsApp-Image-2022-06-21-at-11.03.46-PM.jpeg","jetpack_likes_enabled":true,"_links":{"self":[{"href":"https:\/\/revistaepocadigital.com.ar\/index.php?rest_route=\/wp\/v2\/posts\/16584","targetHints":{"allow":["GET"]}}],"collection":[{"href":"https:\/\/revistaepocadigital.com.ar\/index.php?rest_route=\/wp\/v2\/posts"}],"about":[{"href":"https:\/\/revistaepocadigital.com.ar\/index.php?rest_route=\/wp\/v2\/types\/post"}],"author":[{"embeddable":true,"href":"https:\/\/revistaepocadigital.com.ar\/index.php?rest_route=\/wp\/v2\/users\/3"}],"replies":[{"embeddable":true,"href":"https:\/\/revistaepocadigital.com.ar\/index.php?rest_route=%2Fwp%2Fv2%2Fcomments&post=16584"}],"version-history":[{"count":0,"href":"https:\/\/revistaepocadigital.com.ar\/index.php?rest_route=\/wp\/v2\/posts\/16584\/revisions"}],"wp:featuredmedia":[{"embeddable":true,"href":"https:\/\/revistaepocadigital.com.ar\/index.php?rest_route=\/wp\/v2\/media\/16586"}],"wp:attachment":[{"href":"https:\/\/revistaepocadigital.com.ar\/index.php?rest_route=%2Fwp%2Fv2%2Fmedia&parent=16584"}],"wp:term":[{"taxonomy":"category","embeddable":true,"href":"https:\/\/revistaepocadigital.com.ar\/index.php?rest_route=%2Fwp%2Fv2%2Fcategories&post=16584"},{"taxonomy":"post_tag","embeddable":true,"href":"https:\/\/revistaepocadigital.com.ar\/index.php?rest_route=%2Fwp%2Fv2%2Ftags&post=16584"}],"curies":[{"name":"wp","href":"https:\/\/api.w.org\/{rel}","templated":true}]}}