{"id":16596,"date":"2022-06-22T08:41:07","date_gmt":"2022-06-22T11:41:07","guid":{"rendered":"https:\/\/revistaepocadigital.com.ar\/?p=16596"},"modified":"2022-06-22T08:41:07","modified_gmt":"2022-06-22T11:41:07","slug":"corte-por-mantenimiento-electrico","status":"publish","type":"post","link":"https:\/\/revistaepocadigital.com.ar\/?p=16596","title":{"rendered":"Corte Por Mantenimiento El\u00e9ctrico"},"content":{"rendered":"<p style=\"text-align: center;\"><strong>AVISO PARA EL MI\u00c9RCOLES<br \/>\n22 de JUNIO DE 2022<\/strong><\/p>\n<p><strong>Estimados Usuarios Barrio SAKURA<\/strong><\/p>\n<p>&nbsp;<\/p>\n<p>Comunicamos que ma\u00f1ana <strong>Mi\u00e9rcoles 22\/06\/22<\/strong>\u00a0estaremos realizando tareas de mantenimiento sobre la red en Media Tensi\u00f3n.<\/p>\n<p>Por esta raz\u00f3n, nos veremos obligados a realizar <strong>un corte del servicio el\u00e9ctrico en el horario de 12:00 a 14:30 hs. aproximadamente. <\/strong><\/p>\n<p><strong>El mismo estar\u00e1 centralizado en la zona comprendida por las calles Mart\u00ed, Storni, Vigil y Bern\u00e1rdez del Barrio Parque Sakura.<\/strong><\/p>\n<p>&nbsp;<\/p>\n<p><strong>Las tareas se llevar\u00e1n adelante en dos etapas:<\/strong><\/p>\n<p><strong>12:00 a 14:00hs. que afectar\u00e1 a 700 usuarios\u00a0<\/strong><\/p>\n<p><strong>14:00 a 14:30hs. o hasta finalizar el mantenimiento, que afectar\u00e1 a 200 usuarios.<\/strong><\/p>\n<p>&nbsp;<\/p>\n<p>En caso de clima adverso, se reprogramar\u00e1n las tareas.<\/p>\n<p>&nbsp;<\/p>\n<p><strong>Disculpas por las molestias que les podamos ocasionar, pero es en pos de la mejora de nuestro servicio.<\/strong><\/p>\n","protected":false},"excerpt":{"rendered":"<p>AVISO PARA EL MI\u00c9RCOLES 22 de JUNIO DE 2022 Estimados Usuarios Barrio SAKURA &nbsp; Comunicamos que ma\u00f1ana Mi\u00e9rcoles 22\/06\/22\u00a0estaremos realizando tareas de mantenimiento sobre la red en Media Tensi\u00f3n. Por esta raz\u00f3n, nos veremos obligados a realizar un corte del servicio el\u00e9ctrico en el horario de 12:00 a 14:30 hs. aproximadamente. El mismo estar\u00e1 centralizado [&hellip;]<\/p>\n","protected":false},"author":3,"featured_media":16597,"comment_status":"open","ping_status":"open","sticky":false,"template":"","format":"standard","meta":{"footnotes":"","jetpack_publicize_message":"","jetpack_publicize_feature_enabled":true,"jetpack_social_post_already_shared":false,"jetpack_social_options":{"image_generator_settings":{"template":"highway","default_image_id":0,"font":"","enabled":false},"version":2}},"categories":[5],"tags":[],"class_list":["post-16596","post","type-post","status-publish","format-standard","has-post-thumbnail","hentry","category-aqui-parada-robles"],"jetpack_publicize_connections":[],"jetpack_featured_media_url":"https:\/\/revistaepocadigital.com.ar\/wp-content\/uploads\/2022\/06\/1.jpg","jetpack_likes_enabled":true,"_links":{"self":[{"href":"https:\/\/revistaepocadigital.com.ar\/index.php?rest_route=\/wp\/v2\/posts\/16596","targetHints":{"allow":["GET"]}}],"collection":[{"href":"https:\/\/revistaepocadigital.com.ar\/index.php?rest_route=\/wp\/v2\/posts"}],"about":[{"href":"https:\/\/revistaepocadigital.com.ar\/index.php?rest_route=\/wp\/v2\/types\/post"}],"author":[{"embeddable":true,"href":"https:\/\/revistaepocadigital.com.ar\/index.php?rest_route=\/wp\/v2\/users\/3"}],"replies":[{"embeddable":true,"href":"https:\/\/revistaepocadigital.com.ar\/index.php?rest_route=%2Fwp%2Fv2%2Fcomments&post=16596"}],"version-history":[{"count":0,"href":"https:\/\/revistaepocadigital.com.ar\/index.php?rest_route=\/wp\/v2\/posts\/16596\/revisions"}],"wp:featuredmedia":[{"embeddable":true,"href":"https:\/\/revistaepocadigital.com.ar\/index.php?rest_route=\/wp\/v2\/media\/16597"}],"wp:attachment":[{"href":"https:\/\/revistaepocadigital.com.ar\/index.php?rest_route=%2Fwp%2Fv2%2Fmedia&parent=16596"}],"wp:term":[{"taxonomy":"category","embeddable":true,"href":"https:\/\/revistaepocadigital.com.ar\/index.php?rest_route=%2Fwp%2Fv2%2Fcategories&post=16596"},{"taxonomy":"post_tag","embeddable":true,"href":"https:\/\/revistaepocadigital.com.ar\/index.php?rest_route=%2Fwp%2Fv2%2Ftags&post=16596"}],"curies":[{"name":"wp","href":"https:\/\/api.w.org\/{rel}","templated":true}]}}