{"id":16600,"date":"2022-07-01T08:08:57","date_gmt":"2022-07-01T11:08:57","guid":{"rendered":"https:\/\/revistaepocadigital.com.ar\/?p=16600"},"modified":"2022-07-05T18:11:48","modified_gmt":"2022-07-05T21:11:48","slug":"el-inicio-de-fin-del-papa-francisco","status":"publish","type":"post","link":"https:\/\/revistaepocadigital.com.ar\/?p=16600","title":{"rendered":"\u00bfEl inicio de fin del Papa Francisco?"},"content":{"rendered":"<p class=\"headline\">Crecen las especulaciones por el ciclo de Bergoglio al frente de la Iglesia Cat\u00f3lica. La agenda cumplida y los posibles sucesores.<!--more--><br \/>\n<img loading=\"lazy\" decoding=\"async\" class=\"aligncenter size-full wp-image-16601\" src=\"https:\/\/revistaepocadigital.com.ar\/wp-content\/uploads\/2022\/06\/papa-francisco-1372613.jpg\" alt=\"\" width=\"1280\" height=\"720\" srcset=\"https:\/\/revistaepocadigital.com.ar\/wp-content\/uploads\/2022\/06\/papa-francisco-1372613.jpg 1280w, https:\/\/revistaepocadigital.com.ar\/wp-content\/uploads\/2022\/06\/papa-francisco-1372613-300x169.jpg 300w, https:\/\/revistaepocadigital.com.ar\/wp-content\/uploads\/2022\/06\/papa-francisco-1372613-1200x675.jpg 1200w, https:\/\/revistaepocadigital.com.ar\/wp-content\/uploads\/2022\/06\/papa-francisco-1372613-768x432.jpg 768w, https:\/\/revistaepocadigital.com.ar\/wp-content\/uploads\/2022\/06\/papa-francisco-1372613-696x392.jpg 696w, https:\/\/revistaepocadigital.com.ar\/wp-content\/uploads\/2022\/06\/papa-francisco-1372613-1068x601.jpg 1068w, https:\/\/revistaepocadigital.com.ar\/wp-content\/uploads\/2022\/06\/papa-francisco-1372613-747x420.jpg 747w\" sizes=\"auto, (max-width: 1280px) 100vw, 1280px\" \/><\/p>\n<p>El <strong>papa Francisco<\/strong> aviv\u00f3 los rumores sobre un fin cercano para su pontificado. Los medios italianos y cat\u00f3licos han especulado que <strong>Jorge Bergoglio<\/strong>, <strong>de 85 a\u00f1os,<\/strong> podr\u00eda estar planeando seguir los pasos de Benedicto, dados sus crecientes problemas de movilidad que lo han obligado a usar una silla de ruedas durante el \u00faltimo mes. Y esos rumores cobraron fuerza la semana pasada, cuando <strong>Francisco <\/strong>anunci\u00f3 un consistorio para crear 21 nuevos <strong>cardenales programado para el 27 de agosto<\/strong>. Diecis\u00e9is de esos cardenales tienen menos de 80 a\u00f1os y son elegibles para votar en un c\u00f3nclave para elegir al sucesor de Francisco.<\/p>\n<p>Una vez que se agreguen a las filas de los pr\u00edncipes de la iglesia, <strong>Francisco habr\u00e1 llenado el Colegio Cardenalicio <\/strong>con 83 de los 132 cardenales en edad de votar. Si bien no hay garant\u00eda de c\u00f3mo votar\u00e1n los cardenales, las posibilidades de que elijan a un sucesor que comparta las prioridades pastorales de Francisco son cada vez mayores.<\/p>\n<p>Y <strong>Francisco tambi\u00e9n fij\u00f3 <\/strong>que organizar\u00eda dos d\u00edas de conversaciones para informar a los cardenales sobre la reforma en la burocracia del Vaticano. Documento que entr\u00f3 en vigencia el domingo pasado, y permite que las mujeres encabecen las oficinas del Vaticano; impone l\u00edmites de mandato; y posiciona a la Santa Sede como una instituci\u00f3n al servicio de las iglesias, en lugar de lo opuesto.<\/p>\n<h2>Ciclo<\/h2>\n<p><strong>Francisco fue elegido Papa <\/strong>en 2013 con el mandato de reformar la curia romana. Ahora que el proyecto se ha implementado (al menos parcialmente), Francisco dar\u00eda su tarea como Papa por cumplida.<\/p>\n<p>Y al anunciar que visitar\u00eda en agosto la ciudad de <strong>L&#8217;Aquila,<\/strong> en el centro de Italia, para una fiesta iniciada por el papa Celestino V, uno de los pocos pont\u00edfices que renunci\u00f3 antes de que el<strong> papa Benedicto XVI <\/strong>dimitiera en 2013, alienta las especulaciones por el timing.<\/p>\n<p>\u201cCon la noticia de hoy de que @Pontifex ir\u00e1 a L&#8217;Aquila en pleno consistorio de agosto, todo se volvi\u00f3 a\u00fan m\u00e1s\u00a0intrigante\u201d, tuite\u00f3 el comentarista del <strong>Vaticano, Robert Mickens.<\/strong><\/p>\n<p>La bas\u00edlica de L&#8217;Aquila alberga la tumba de Celestino V, un papa ermita\u00f1o que renunci\u00f3 despu\u00e9s de cinco meses en 1294, abrumado por el trabajo. En 2009, Benedicto visit\u00f3 L&#8217;Aquila, que hab\u00eda sido devastada por un reciente terremoto, y or\u00f3 en la tumba de Celestino, dejando su estola de palio sobre ella.<\/p>\n<p>Nadie en ese momento apreci\u00f3 el gesto. Pero cuatro a\u00f1os m\u00e1s tarde, <strong>Benedicto XVI<\/strong>, de 85 a\u00f1os, seguir\u00eda los pasos de Celestino y renunciar\u00eda, sentenciando que ya no ten\u00eda la fuerza f\u00edsica y mental para continuar con los rigores del papado.<\/p>\n<p><strong>Francisco elogi\u00f3 la decisi\u00f3n de Benedicto XVI<\/strong> de retirarse. La calific\u00f3 como un &#8220;abrir la puerta&#8221; para que los futuros papas hagan lo mismo, y originalmente hab\u00eda predicho un breve papado para s\u00ed mismo de dos a cinco a\u00f1os.<\/p>\n<h2>Cierre<\/h2>\n<p>Nueve a\u00f1os despu\u00e9s, Francisco no ha mostrado signos de querer renunciar: tiene proyectos importantes en el horizonte y una agenda de viajes este a\u00f1o que incluye <strong>Congo, Sud\u00e1n del Sur, Canad\u00e1 y Kazajst\u00e1n.<\/strong> Sumado en 2023 a una importante reuni\u00f3n de obispos del mundo para debatir la descentralizaci\u00f3n de la Iglesia Cat\u00f3lica y nuevas reformas.<\/p>\n<p>Uno de sus asesores y amigos m\u00e1s cercanos, el cardenal hondure\u00f1o<strong> Oscar Rodr\u00edguez Maradiaga<\/strong> (entre los\u00a0favoritos para sucederlo), apunt\u00f3 que hablar del fin del pontificado de Francisco no ten\u00eda fundamento.<\/p>\n<p><strong>Christopher Bellitto,<\/strong> historiador de la iglesia en la Universidad de Kean, en Nueva Jersey, se\u00f1al\u00f3 que en el Vaticano esperan que Francisco renuncie, pero no antes de que Benedicto muera. \u201cFrancisco no quiere dos ex papas dando vueltas\u201d, apunta Bellitto. Y sugiri\u00f3 que la visita planeada a L&#8217;Aquila, puede leerse como el gesto de <strong>Benedicto XVI<\/strong> en 2009, el inicio de un fin de ciclo al que puede faltarle aun un lustro.<\/p>\n<h6>nota publicada en perfil.com<\/h6>\n","protected":false},"excerpt":{"rendered":"<p>Crecen las especulaciones por el ciclo de Bergoglio al frente de la Iglesia Cat\u00f3lica. La agenda cumplida y los posibles sucesores.<\/p>\n","protected":false},"author":3,"featured_media":16601,"comment_status":"open","ping_status":"open","sticky":false,"template":"","format":"standard","meta":{"footnotes":"","jetpack_publicize_message":"","jetpack_publicize_feature_enabled":true,"jetpack_social_post_already_shared":false,"jetpack_social_options":{"image_generator_settings":{"template":"highway","default_image_id":0,"font":"","enabled":false},"version":2}},"categories":[17],"tags":[],"class_list":["post-16600","post","type-post","status-publish","format-standard","has-post-thumbnail","hentry","category-politica"],"jetpack_publicize_connections":[],"jetpack_featured_media_url":"https:\/\/revistaepocadigital.com.ar\/wp-content\/uploads\/2022\/06\/papa-francisco-1372613.jpg","jetpack_likes_enabled":true,"_links":{"self":[{"href":"https:\/\/revistaepocadigital.com.ar\/index.php?rest_route=\/wp\/v2\/posts\/16600","targetHints":{"allow":["GET"]}}],"collection":[{"href":"https:\/\/revistaepocadigital.com.ar\/index.php?rest_route=\/wp\/v2\/posts"}],"about":[{"href":"https:\/\/revistaepocadigital.com.ar\/index.php?rest_route=\/wp\/v2\/types\/post"}],"author":[{"embeddable":true,"href":"https:\/\/revistaepocadigital.com.ar\/index.php?rest_route=\/wp\/v2\/users\/3"}],"replies":[{"embeddable":true,"href":"https:\/\/revistaepocadigital.com.ar\/index.php?rest_route=%2Fwp%2Fv2%2Fcomments&post=16600"}],"version-history":[{"count":0,"href":"https:\/\/revistaepocadigital.com.ar\/index.php?rest_route=\/wp\/v2\/posts\/16600\/revisions"}],"wp:featuredmedia":[{"embeddable":true,"href":"https:\/\/revistaepocadigital.com.ar\/index.php?rest_route=\/wp\/v2\/media\/16601"}],"wp:attachment":[{"href":"https:\/\/revistaepocadigital.com.ar\/index.php?rest_route=%2Fwp%2Fv2%2Fmedia&parent=16600"}],"wp:term":[{"taxonomy":"category","embeddable":true,"href":"https:\/\/revistaepocadigital.com.ar\/index.php?rest_route=%2Fwp%2Fv2%2Fcategories&post=16600"},{"taxonomy":"post_tag","embeddable":true,"href":"https:\/\/revistaepocadigital.com.ar\/index.php?rest_route=%2Fwp%2Fv2%2Ftags&post=16600"}],"curies":[{"name":"wp","href":"https:\/\/api.w.org\/{rel}","templated":true}]}}