{"id":16651,"date":"2022-07-06T16:16:40","date_gmt":"2022-07-06T19:16:40","guid":{"rendered":"https:\/\/revistaepocadigital.com.ar\/?p=16651"},"modified":"2022-07-06T16:24:31","modified_gmt":"2022-07-06T19:24:31","slug":"una-detenida-por-comercializacion-de-estupefacientes","status":"publish","type":"post","link":"https:\/\/revistaepocadigital.com.ar\/?p=16651","title":{"rendered":"UNA DETENIDA POR COMERCIALIZACI\u00d3N DE ESTUPEFACIENTES"},"content":{"rendered":"<div class=\"\" dir=\"auto\">\n<div id=\"jsc_c_155\" class=\"ecm0bbzt hv4rvrfc ihqw7lf3 dati1w0a\" data-ad-comet-preview=\"message\" data-ad-preview=\"message\">\n<div class=\"j83agx80 cbu4d94t ew0dbk1b irj2b8pg\">\n<div class=\"qzhwtbm6 knvmm38d\">\n<div class=\"kvgmc6g5 cxmmr5t8 oygrvhab hcukyx3x c1et5uql ii04i59q\">\n<div dir=\"auto\"><strong>EN CARDALES.<\/strong><!--more--><\/div>\n<\/div>\n<div class=\"cxmmr5t8 oygrvhab hcukyx3x c1et5uql o9v6fnle ii04i59q\">\n<div dir=\"auto\">Personal de la Subestaci\u00f3n de Los Cardales, luego de tareas investigativas, realiz\u00f3 un allanamiento en la Suipacha 785 y 20 de Junio\u00a0 de Los Cardadles, donde funcionaba como pantalla un almac\u00e9n, que luego del registro del comercio y la vivienda, se constat\u00f3 que se comercializaban estupefacientes.<\/div>\n<div dir=\"auto\"><\/div>\n<\/div>\n<div class=\"cxmmr5t8 oygrvhab hcukyx3x c1et5uql o9v6fnle ii04i59q\">\n<div dir=\"auto\">La persona detenida ha sido una mujer de 41 a\u00f1os y en el lugar se encontraron dos envoltorios con picadura de marihuana, un recipiente con cogollos y seis plantas de cannavbis sativa; 32 envoltorios y dos bolsas de nylon conteniendo un peso total de 162 gramos de clorhidrato de cocaina y dos bolsas con 330 gramos de sustancias de corte; 28.100\u00a0 pesos en efectivo y en billetes de distinta denominaci\u00f3n; dos tel\u00e9fonos celulares; dos balanzas de precisi\u00f3n; una termoselladora y anotaciones de inter\u00e9s. Los procedimientos, se se realizaron en conjunto con la delegaci\u00f3n de drogas il\u00edcitas de Z\u00e1rate-Campana.<\/div>\n<\/div>\n<\/div>\n<\/div>\n<\/div>\n<\/div>\n","protected":false},"excerpt":{"rendered":"<p>EN CARDALES.<\/p>\n","protected":false},"author":3,"featured_media":16653,"comment_status":"open","ping_status":"open","sticky":false,"template":"","format":"standard","meta":{"footnotes":"","jetpack_publicize_message":"","jetpack_publicize_feature_enabled":true,"jetpack_social_post_already_shared":false,"jetpack_social_options":{"image_generator_settings":{"template":"highway","default_image_id":0,"font":"","enabled":false},"version":2}},"categories":[4],"tags":[1923],"class_list":["post-16651","post","type-post","status-publish","format-standard","has-post-thumbnail","hentry","category-aqui-los-cardales","tag-estupefacientes"],"jetpack_publicize_connections":[],"jetpack_featured_media_url":"https:\/\/revistaepocadigital.com.ar\/wp-content\/uploads\/2022\/07\/estupe.jpg","jetpack_likes_enabled":true,"_links":{"self":[{"href":"https:\/\/revistaepocadigital.com.ar\/index.php?rest_route=\/wp\/v2\/posts\/16651","targetHints":{"allow":["GET"]}}],"collection":[{"href":"https:\/\/revistaepocadigital.com.ar\/index.php?rest_route=\/wp\/v2\/posts"}],"about":[{"href":"https:\/\/revistaepocadigital.com.ar\/index.php?rest_route=\/wp\/v2\/types\/post"}],"author":[{"embeddable":true,"href":"https:\/\/revistaepocadigital.com.ar\/index.php?rest_route=\/wp\/v2\/users\/3"}],"replies":[{"embeddable":true,"href":"https:\/\/revistaepocadigital.com.ar\/index.php?rest_route=%2Fwp%2Fv2%2Fcomments&post=16651"}],"version-history":[{"count":0,"href":"https:\/\/revistaepocadigital.com.ar\/index.php?rest_route=\/wp\/v2\/posts\/16651\/revisions"}],"wp:featuredmedia":[{"embeddable":true,"href":"https:\/\/revistaepocadigital.com.ar\/index.php?rest_route=\/wp\/v2\/media\/16653"}],"wp:attachment":[{"href":"https:\/\/revistaepocadigital.com.ar\/index.php?rest_route=%2Fwp%2Fv2%2Fmedia&parent=16651"}],"wp:term":[{"taxonomy":"category","embeddable":true,"href":"https:\/\/revistaepocadigital.com.ar\/index.php?rest_route=%2Fwp%2Fv2%2Fcategories&post=16651"},{"taxonomy":"post_tag","embeddable":true,"href":"https:\/\/revistaepocadigital.com.ar\/index.php?rest_route=%2Fwp%2Fv2%2Ftags&post=16651"}],"curies":[{"name":"wp","href":"https:\/\/api.w.org\/{rel}","templated":true}]}}