{"id":16668,"date":"2022-07-07T09:42:02","date_gmt":"2022-07-07T12:42:02","guid":{"rendered":"https:\/\/revistaepocadigital.com.ar\/?p=16668"},"modified":"2022-07-07T09:58:32","modified_gmt":"2022-07-07T12:58:32","slug":"a-proposito-de-dichos-de-la-ministra-batakis-con-la-libertad-individual-no-se-juega","status":"publish","type":"post","link":"https:\/\/revistaepocadigital.com.ar\/?p=16668","title":{"rendered":"A PROP\u00d3SITO DE DICHOS DE LA MINISTRA BATAKIS: CON LA LIBERTAD INDIVIDUAL NO SE JUEGA"},"content":{"rendered":"<p><strong>\u00c1CIDO Y A LA VEZ ENTENDIBLE.<\/strong><!--more--><\/p>\n<p>Lo reflejado por el concejal Ra\u00fal Sancho (Juntos) en la red social Facebook. Un pa\u00eds democr\u00e1tico debe respetar a rajatablas las libertades individuales, <strong>basti\u00f3n fundamental. \u00bfHacia donde pretenden llevar a la Argentina?, la respuesta es cada vez m\u00e1s obvia e inaceptable&#8230;<\/strong><\/p>\n<p>Lo que opin\u00f3 Sancho: <em>&#8220;\u00bfSe droga Batakis?? Que les pasa por la cabeza? Realmente, no advierten el desastre en que estamos como para andar jugando al comunismo en Argentina?<\/em><br \/>\n<em>En que momento este tipo de personajes asume que pueden venir a decirnos que comer, que ropa usar, como ahorrar o a donde viajar?<\/em><\/p>\n<p><em>Que se vaya a ser Ministro de Econom\u00eda a Corea del Norte si viene con estas intenciones. No es momento de echarle nafta al fuego, es momento de que dejen de hacer tanto culebr\u00f3n y se pongan a laburar, que el pa\u00eds se est\u00e1 yendo a un precipicio con todos nosotros adentro.<\/em><\/p>\n<p><em>Claramente con este tipo de pensamientos no va a resolver absolutamente nada&#8221;.<\/em><\/p>\n<p>&nbsp;<\/p>\n","protected":false},"excerpt":{"rendered":"<p>\u00c1CIDO Y A LA VEZ ENTENDIBLE.<\/p>\n","protected":false},"author":4,"featured_media":16669,"comment_status":"open","ping_status":"open","sticky":false,"template":"","format":"standard","meta":{"footnotes":"","jetpack_publicize_message":"","jetpack_publicize_feature_enabled":true,"jetpack_social_post_already_shared":false,"jetpack_social_options":{"image_generator_settings":{"template":"highway","default_image_id":0,"font":"","enabled":false},"version":2}},"categories":[17],"tags":[1926,256],"class_list":["post-16668","post","type-post","status-publish","format-standard","has-post-thumbnail","hentry","category-politica","tag-batakis","tag-sancho"],"jetpack_publicize_connections":[],"jetpack_featured_media_url":"https:\/\/revistaepocadigital.com.ar\/wp-content\/uploads\/2022\/07\/batak.jpg","jetpack_likes_enabled":true,"_links":{"self":[{"href":"https:\/\/revistaepocadigital.com.ar\/index.php?rest_route=\/wp\/v2\/posts\/16668","targetHints":{"allow":["GET"]}}],"collection":[{"href":"https:\/\/revistaepocadigital.com.ar\/index.php?rest_route=\/wp\/v2\/posts"}],"about":[{"href":"https:\/\/revistaepocadigital.com.ar\/index.php?rest_route=\/wp\/v2\/types\/post"}],"author":[{"embeddable":true,"href":"https:\/\/revistaepocadigital.com.ar\/index.php?rest_route=\/wp\/v2\/users\/4"}],"replies":[{"embeddable":true,"href":"https:\/\/revistaepocadigital.com.ar\/index.php?rest_route=%2Fwp%2Fv2%2Fcomments&post=16668"}],"version-history":[{"count":0,"href":"https:\/\/revistaepocadigital.com.ar\/index.php?rest_route=\/wp\/v2\/posts\/16668\/revisions"}],"wp:featuredmedia":[{"embeddable":true,"href":"https:\/\/revistaepocadigital.com.ar\/index.php?rest_route=\/wp\/v2\/media\/16669"}],"wp:attachment":[{"href":"https:\/\/revistaepocadigital.com.ar\/index.php?rest_route=%2Fwp%2Fv2%2Fmedia&parent=16668"}],"wp:term":[{"taxonomy":"category","embeddable":true,"href":"https:\/\/revistaepocadigital.com.ar\/index.php?rest_route=%2Fwp%2Fv2%2Fcategories&post=16668"},{"taxonomy":"post_tag","embeddable":true,"href":"https:\/\/revistaepocadigital.com.ar\/index.php?rest_route=%2Fwp%2Fv2%2Ftags&post=16668"}],"curies":[{"name":"wp","href":"https:\/\/api.w.org\/{rel}","templated":true}]}}