{"id":16675,"date":"2022-07-08T09:34:56","date_gmt":"2022-07-08T12:34:56","guid":{"rendered":"https:\/\/revistaepocadigital.com.ar\/?p=16675"},"modified":"2022-07-08T09:34:56","modified_gmt":"2022-07-08T12:34:56","slug":"anses-paga-con-el-aumento-a-jubilados-y-pensionados","status":"publish","type":"post","link":"https:\/\/revistaepocadigital.com.ar\/?p=16675","title":{"rendered":"ANSES PAGA CON EL AUMENTO A JUBILADOS Y PENSIONADOS"},"content":{"rendered":"<div class=\"row\">\n<div class=\"col-12\">\n<section class=\"section-detail-header\" data-td-script-src=\"https:\/\/www.ambito.com\/js-custom\/239\/detail-min-version-1620238334.js\">\n<div class=\"detail-header\">\n<div class=\"detail-header-wrapper\">\n<h5><strong>INFORMACI\u00d3N \u00daTIL E IMPORTANTE.<!--more--><\/strong><\/h5>\n<h5 class=\"excerpt\">Las prestaciones sociales del organismo previsional ya tienen fecha de cobro confirmadas para julio 2022. Los beneficiarios de la ANSES recibir\u00e1n el dinero seg\u00fan terminaci\u00f3n de DNI.<\/h5>\n<\/div>\n<\/div>\n<\/section>\n<\/div>\n<\/div>\n<div class=\"row\">\n<div class=\"col-12 col-sm-3\"><\/div>\n<div class=\"col-12 col-sm-3\"><\/div>\n<\/div>\n<div class=\"row\">\n<div class=\"col-12 col-md-12 col-lg-8\">\n<section class=\"detail-body content-protected-false\">\n<div class=\"detail-gallery\">\n<div class=\"gallery lite\">\n<div class=\"itemGallery classid7652265\">\n<div class=\"gallery-slide\">\n<figure class=\"gallery-figure\"><img loading=\"lazy\" decoding=\"async\" class=\"gallery-figure-img img-fluid\" title=\"ANSES paga desde hoy con aumento a jubilados y pensionados\" src=\"https:\/\/media.ambito.com\/p\/f3c71a041eccfb4e26c2377535e141a5\/adjuntos\/239\/imagenes\/039\/832\/0039832976\/730x0\/smart\/jubilados-anses.jpg\" alt=\"ANSES paga desde hoy con aumento a jubilados y pensionados\" width=\"1920\" height=\"1281\" data-td-src-property=\"https:\/\/media.ambito.com\/p\/f3c71a041eccfb4e26c2377535e141a5\/adjuntos\/239\/imagenes\/039\/832\/0039832976\/730x0\/smart\/jubilados-anses.jpg\" \/><\/p>\n<div class=\"gallery-nav\"><\/div>\n<\/figure>\n<\/div>\n<div class=\"figure-caption\">\n<div class=\"credit-media with-content \"><span class=\"copyinterior\">Pixabay<\/span><\/div>\n<\/div>\n<\/div>\n<\/div>\n<\/div>\n<\/section>\n<section class=\"detail-body first-paragraph\">\n<section id=\"note-body\" class=\"body-content note-body content-protected-false\" data-twitter-link=\"https:\/\/twitter.com\/intent\/tweet?url=https:\/\/www.ambito.com\/c5481572&amp;v\u00eda=Ambitocom&amp;related=\u00e1mbito.com&amp;text=\">Con el inicio de julio, la\u00a0<strong>Administraci\u00f3n Nacional de la Seguridad Social (<a class=\"agrupador\" href=\"https:\/\/www.ambito.com\/anses-a5122534\" rel=\"5122534\">ANSES<\/a>)<\/strong>\u00a0inform\u00f3 los d\u00edas en los que pagar\u00e1 las distintas\u00a0<strong>prestaciones sociales.<\/strong>\u00a0En esta l\u00ednea, los beneficios se entregar\u00e1n junto al incremento del 15%, que fue el m\u00e1s importante desde que rigen los ajustes por la actual Ley de movilidad jubilatoria.<\/p>\n<\/section>\n<\/section>\n<div class=\"banner-container\">\n<div id=\"div-gpt-ad-1652308068496-0_parent\" class=\"banner-wrapper free-banner\">\n<div id=\"div-gpt-ad-1652308068496-0\" data-google-query-id=\"CLmp3OGk6fgCFdK5lQIdAkgAjw\">\n<div id=\"google_ads_iframe_\/78858960\/Ambito\/Outstream_adm_0__container__\"><iframe id=\"google_ads_iframe_\/78858960\/Ambito\/Outstream_adm_0\" tabindex=\"0\" title=\"3rd party ad content\" role=\"region\" name=\"google_ads_iframe_\/78858960\/Ambito\/Outstream_adm_0\" width=\"640\" height=\"480\" frameborder=\"0\" marginwidth=\"0\" marginheight=\"0\" scrolling=\"no\" sandbox=\"allow-forms allow-popups allow-popups-to-escape-sandbox allow-same-origin allow-scripts allow-top-navigation-by-user-activation\" aria-label=\"Advertisement\" data-google-container-id=\"5\" data-load-complete=\"true\" data-mce-fragment=\"1\"><\/iframe><\/div>\n<\/div>\n<\/div>\n<\/div>\n<section class=\"detail-body second-paragraph\">\n<section class=\"body-content note-body content-protected-false\">Por otro lado,\u00a0<a href=\"https:\/\/www.ambito.com\/informacion-general\/anses\/paga-un-bono-este-viernes-quienes-lo-reciben-n5481518\" target=\"_blank\" rel=\"follow noopener\">ANSES paga hoy un bono extra<\/a>\u00a0a un grupo de beneficiarios.<\/p>\n<\/section>\n<\/section>\n<section class=\"related-note-in-body\">\n<article class=\"related-note-in-body-article row align-items-stretch no-gutters  \" data-type=\"article\">\n<div class=\"col-auto\">\n<figure class=\"figure\"><a title=\"ANSES: c\u00f3mo es el calendario de julio 2022 con el feriado\" href=\"https:\/\/www.ambito.com\/informacion-general\/anses\/como-es-el-calendario-julio-2022-el-feriado-n5480536\" target=\"\" rel=\"nofollow noopener\"><img loading=\"lazy\" decoding=\"async\" title=\"anses: como es el calendario de julio 2022 con el feriado\" src=\"https:\/\/media.ambito.com\/p\/9342f5fc93a6ee45d8a4828862e55d81\/adjuntos\/239\/imagenes\/039\/867\/0039867572\/255x191\/smart\/calendario-almanaque-2022jpg.jpg\" alt=\"anses: como es el calendario de julio 2022 con el feriado\" width=\"100\" height=\"75\" data-td-src-property=\"https:\/\/media.ambito.com\/p\/9342f5fc93a6ee45d8a4828862e55d81\/adjuntos\/239\/imagenes\/039\/867\/0039867572\/255x191\/smart\/calendario-almanaque-2022jpg.jpg\" \/><\/a><\/figure>\n<\/div>\n<div class=\"col\">\n<div class=\"info-wrapper\"><span class=\"article-kicker \"><a title=\"ANSES: c\u00f3mo es el calendario de julio 2022 con el feriado\" href=\"https:\/\/www.ambito.com\/informacion-general\/anses\/como-es-el-calendario-julio-2022-el-feriado-n5480536\" target=\"\" rel=\"nofollow noopener\">Informate m\u00e1s<\/a><\/span><\/p>\n<h2 class=\"title\"><a title=\"ANSES: c\u00f3mo es el calendario de julio 2022 con el feriado\" href=\"https:\/\/www.ambito.com\/informacion-general\/anses\/como-es-el-calendario-julio-2022-el-feriado-n5480536\" target=\"\" rel=\"noopener\">El calendario de julio 2022 con el feriado<\/a><\/h2>\n<\/div>\n<\/div>\n<\/article>\n<\/section>\n<section class=\"detail-body\">\n<section class=\"body-content note-body content-protected-false\">Teniendo en cuenta ese aumento, cabe recordar que la jubilaci\u00f3n m\u00ednima queda establecida en $37.525, mientras que el tope m\u00e1ximo que puede cobrar un jubilado de\u00a0<strong>ANSES<\/strong>\u00a0es $252.507,44. Del mismo modo que la<strong><a href=\"https:\/\/www.ambito.com\/anses-a5122534\" target=\"_blank\" rel=\"nofollow noopener\">\u00a0agencia de Gobierno\u00a0<\/a><\/strong>que lidera\u00a0<strong>Fernanda Raverta<\/strong>\u00a0actualiz\u00f3 durante el mes de junio los haberes de asignaciones y beneficios:<\/p>\n<ul>\n<li>La asignaci\u00f3n universal por hijo (AUH) pas\u00f3 de $6.375 a $7.331<\/li>\n<li>La asignaci\u00f3n por embarazo que era de $6.375 se actualiz\u00f3 a $7.331<\/li>\n<li>La asignaci\u00f3n familiar por hija o hijo va de los $1.540 a los $15.840 dependiendo de los ingresos familiares y de la zona de residencia.<\/li>\n<li>La pensi\u00f3n no contributiva por invalidez actualizada es de $26.267, igual que la pensi\u00f3n no contributiva por vejez<\/li>\n<li>La pensi\u00f3n no contributiva para madres de 7 o m\u00e1s hijos pas\u00f3 de $32.630 a $37.520<\/li>\n<\/ul>\n<p>&nbsp;<\/p>\n<h2>Calendario de pagos de julio 2022 para <a class=\"agrupador\" href=\"https:\/\/www.ambito.com\/jubilados-a5122933\" rel=\"5122933\">jubilados<\/a>\u00a0y pensionados<\/h2>\n<div id=\"7672303-Libre-534616052_wrap\" class=\"embed_cont type_imagen\" contenteditable=\"false\">\n<div id=\"7672303-Libre-534616052_content\" class=\"embed_content\"><img decoding=\"async\" id=\"7672303-Libre-534616052_embed\" src=\"https:\/\/media.ambito.com\/p\/ef99286c7d659c4e5f0cd66752ab00ab\/adjuntos\/239\/imagenes\/039\/975\/0039975812\/730x0\/smart\/jubilaciones-y-pensiones-no-superan-julio-2022png.png\" alt=\"\" width=\"730\" height=\"\" data-td-src-property=\"https:\/\/media.ambito.com\/p\/ef99286c7d659c4e5f0cd66752ab00ab\/adjuntos\/239\/imagenes\/039\/975\/0039975812\/730x0\/smart\/jubilaciones-y-pensiones-no-superan-julio-2022png.png\" \/><\/div>\n<\/div>\n<h3>Quienes cobran hasta $42.178:<\/h3>\n<ul>\n<li>DNI terminados en 0: viernes 8 de julio<\/li>\n<li>DNI terminados en 1: lunes 11 de julio<\/li>\n<li>DNI terminados en 2: martes 12 de julio<\/li>\n<li>DNI terminados en 3: mi\u00e9rcoles 13 de julio<\/li>\n<li>DNI terminados en 4: jueves 14 de julio<\/li>\n<li>DNI terminados en 5: viernes 15 de julio<\/li>\n<li>DNI terminados en 6: lunes 18 de julio<\/li>\n<li>DNI terminados en 7: martes 19 de julio<\/li>\n<li>DNI terminados en 8: mi\u00e9rcoles 20 de julio<\/li>\n<li>DNI terminados en 9: jueves 21 de julio<\/li>\n<\/ul>\n<div id=\"7568936-Libre-795940634_wrap\" class=\"embed_cont type_imagen\" contenteditable=\"false\">\n<div id=\"7568936-Libre-795940634_content\" class=\"embed_content\"><img loading=\"lazy\" decoding=\"async\" id=\"7568936-Libre-795940634_embed\" src=\"https:\/\/media.ambito.com\/p\/dd43bb2b9de7bf478142bf0f8e947f4e\/adjuntos\/239\/imagenes\/039\/290\/0039290512\/jubilados-barbijojpg.jpg?2021-08-26-13-45-30\" alt=\"\" width=\"730\" height=\"410\" data-td-src-property=\"https:\/\/media.ambito.com\/p\/dd43bb2b9de7bf478142bf0f8e947f4e\/adjuntos\/239\/imagenes\/039\/290\/0039290512\/jubilados-barbijojpg.jpg?2021-08-26-13-45-30\" \/><\/div>\n<div id=\"7568936-Libre-795940634_copyright\" class=\"embed_copyright\">Gentileza: Conclusi\u00f3n<\/div>\n<\/div>\n<h2>Calendario de pagos de julio 2022 para jubilados y pensionados<\/h2>\n<div id=\"7672302-Libre-1484985358_wrap\" class=\"embed_cont type_imagen\" contenteditable=\"false\">\n<div id=\"7672302-Libre-1484985358_content\" class=\"embed_content\"><img decoding=\"async\" id=\"7672302-Libre-1484985358_embed\" src=\"https:\/\/media.ambito.com\/p\/6dcfe371c1a1d536e5727c3b82cf1e0a\/adjuntos\/239\/imagenes\/039\/975\/0039975811\/730x0\/smart\/jubilaciones-y-pensiones-superan-julio-2022png.png\" alt=\"\" width=\"730\" height=\"\" data-td-src-property=\"https:\/\/media.ambito.com\/p\/6dcfe371c1a1d536e5727c3b82cf1e0a\/adjuntos\/239\/imagenes\/039\/975\/0039975811\/730x0\/smart\/jubilaciones-y-pensiones-superan-julio-2022png.png\" \/><\/div>\n<\/div>\n<h3>Quienes reciben haberes superiores de $42.178:<\/h3>\n<ul>\n<li>DNI terminados en 0 y 1: viernes 22 de julio<\/li>\n<li>DNI terminados en 2 y 3: lunes 25 de julio<\/li>\n<li>DNI terminados en 4 y 5: martes 26 de julio<\/li>\n<li>DNI terminados en 6 y 7: mi\u00e9rcoles 27 de julio<\/li>\n<li>DNI terminados en 8 y 9: jueves 28 de julio<\/li>\n<\/ul>\n<\/section>\n<\/section>\n<div class=\"banner-container\">\n<div class=\"banner-wrapper free-banner\">\n<div id=\"taboola-below-article-thumbnails\" class=\" trc_related_container trc_spotlight_widget tbl-feed-container tbl-feed-frame-DIVIDER  render-late-effect\" data-feed-container-num=\"1\" data-feed-main-container-id=\"taboola-below-article-thumbnails\" data-parent-placement-name=\"Below Article Thumbnails\" data-pub-lang=\"es\">\n<div id=\"taboola-below-article-thumbnails-pl1\" class=\" trc_related_container trc_spotlight_widget trc_elastic trc_elastic_thumbs-feed-01  tbl-feed-card \" data-card-index=\"1\" data-batch-num=\"1\" data-placement-name=\"Below Article Thumbnails | Card 1\">\n<div class=\"trc_rbox_container\">\n<div id=\"trc_wrapper_41877\" class=\"trc_rbox thumbs-feed-01 trc-content-sponsored \">\n<div id=\"outer_41877\" class=\"trc_rbox_outer\">\n<div id=\"rbox-t2v\" class=\"trc_rbox_div trc_rbox_border_elm\">\n<div id=\"internal_trc_41877\">\n<div class=\"videoCube trc_spotlight_item origin-undefined thumbnail_top syndicatedItem textItem videoCube_1_child trc-first-recommendation trc-spotlight-first-recommendation  trc_excludable \" data-item-id=\"~~V1~~5147115078477942234~~svy33G9LQqoN6O-X1M8dPanSAz0XIMUxhUqLn_ynCpP6nH0OabNJtzzP-ddPU2nvK8Bm7FKD2NW1M1BCiW1-kuMDMqg65-jJbi04eURsbtqeHe1S9jo_X4timp5pCZhQIKiYZmEl3RMjJoyLcF9x2L7I5MK7B1QpyhF1wERuIDVo2Oq0RS2DNJwFtQu2bmIxurOygszEKnfPoVz8jrMGT8EsXLgU4FB9z-yhBifF7qp94lcTXJq4obx_Blw4up8GPOpCJbNxy3u8b91Uj9rQnpz0wUZpkow-slKi-WYrXg9Cd3vT9BTqsc3eu3LaT0CduEjIn6p3dLxd4EFkAMUwlg\" data-item-title=\"Millonario premio de loter\u00eda se sortear\u00e1 en Argentina. \u00a1Lea c\u00f3mo puede participar!\" data-item-thumb=\"http:\/\/cdn.taboola.com\/libtrc\/static\/thumbnails\/25a074390114f6fdd02379e2cc24228d.jpg\" data-item-syndicated=\"true\">\n<div class=\"thumbBlock_holder\">Foto portada: gentileza Conclusi\u00f3n<\/div>\n<\/div>\n<\/div>\n<\/div>\n<\/div>\n<\/div>\n<\/div>\n<\/div>\n<\/div>\n<\/div>\n<\/div>\n<\/div>\n<\/div>\n","protected":false},"excerpt":{"rendered":"<p>INFORMACI\u00d3N \u00daTIL E IMPORTANTE.<\/p>\n","protected":false},"author":3,"featured_media":16676,"comment_status":"open","ping_status":"open","sticky":false,"template":"","format":"standard","meta":{"footnotes":"","jetpack_publicize_message":"","jetpack_publicize_feature_enabled":true,"jetpack_social_post_already_shared":false,"jetpack_social_options":{"image_generator_settings":{"template":"highway","default_image_id":0,"font":"","enabled":false},"version":2}},"categories":[81,13],"tags":[21],"class_list":["post-16675","post","type-post","status-publish","format-standard","has-post-thumbnail","hentry","category-anses","category-interes-general","tag-anses"],"jetpack_publicize_connections":[],"jetpack_featured_media_url":"https:\/\/revistaepocadigital.com.ar\/wp-content\/uploads\/2022\/07\/jubilados-barbijojpg.webp","jetpack_likes_enabled":true,"_links":{"self":[{"href":"https:\/\/revistaepocadigital.com.ar\/index.php?rest_route=\/wp\/v2\/posts\/16675","targetHints":{"allow":["GET"]}}],"collection":[{"href":"https:\/\/revistaepocadigital.com.ar\/index.php?rest_route=\/wp\/v2\/posts"}],"about":[{"href":"https:\/\/revistaepocadigital.com.ar\/index.php?rest_route=\/wp\/v2\/types\/post"}],"author":[{"embeddable":true,"href":"https:\/\/revistaepocadigital.com.ar\/index.php?rest_route=\/wp\/v2\/users\/3"}],"replies":[{"embeddable":true,"href":"https:\/\/revistaepocadigital.com.ar\/index.php?rest_route=%2Fwp%2Fv2%2Fcomments&post=16675"}],"version-history":[{"count":0,"href":"https:\/\/revistaepocadigital.com.ar\/index.php?rest_route=\/wp\/v2\/posts\/16675\/revisions"}],"wp:featuredmedia":[{"embeddable":true,"href":"https:\/\/revistaepocadigital.com.ar\/index.php?rest_route=\/wp\/v2\/media\/16676"}],"wp:attachment":[{"href":"https:\/\/revistaepocadigital.com.ar\/index.php?rest_route=%2Fwp%2Fv2%2Fmedia&parent=16675"}],"wp:term":[{"taxonomy":"category","embeddable":true,"href":"https:\/\/revistaepocadigital.com.ar\/index.php?rest_route=%2Fwp%2Fv2%2Fcategories&post=16675"},{"taxonomy":"post_tag","embeddable":true,"href":"https:\/\/revistaepocadigital.com.ar\/index.php?rest_route=%2Fwp%2Fv2%2Ftags&post=16675"}],"curies":[{"name":"wp","href":"https:\/\/api.w.org\/{rel}","templated":true}]}}