{"id":16680,"date":"2022-07-08T09:56:15","date_gmt":"2022-07-08T12:56:15","guid":{"rendered":"https:\/\/revistaepocadigital.com.ar\/?p=16680"},"modified":"2022-07-08T09:56:15","modified_gmt":"2022-07-08T12:56:15","slug":"cacho-fontana-cerro-el-ultimo-programa-de-su-vida","status":"publish","type":"post","link":"https:\/\/revistaepocadigital.com.ar\/?p=16680","title":{"rendered":"Cacho Fontana, cerr\u00f3 el \u00faltimo programa de su vida"},"content":{"rendered":"<div class=\"\" dir=\"auto\">\n<div id=\"jsc_c_a4\" class=\"ecm0bbzt hv4rvrfc ihqw7lf3 dati1w0a\" data-ad-comet-preview=\"message\" data-ad-preview=\"message\">\n<div class=\"j83agx80 cbu4d94t ew0dbk1b irj2b8pg\">\n<div class=\"qzhwtbm6 knvmm38d\">\n<div class=\"kvgmc6g5 cxmmr5t8 oygrvhab hcukyx3x c1et5uql ii04i59q\">\n<div dir=\"auto\"><strong>MERECE SER COMPARTIDA.<!--more--><\/strong><\/div>\n<div dir=\"auto\"><\/div>\n<div dir=\"auto\">La nota del periodista\u00a0 Daniel Claudio Gui\u00f1az\u00fa, a prop\u00f3sito de la muerte del gran Cacho Fontana, vaya un d\u00eda despu\u00e9s del fallecimiento de quien fuera su mujer Liliana Caldini, con quien tuvieron a las mellizas Ludmila y Antonella.<\/div>\n<\/div>\n<\/div>\n<\/div>\n<\/div>\n<\/div>\n<p>&nbsp;<\/p>\n<div class=\"cwj9ozl2 l6v480f0 maa8sdkg s1tcr66n aypy0576 ue3kfks5 pw54ja7n uo3d90p7 l82x9zwi tvfksri0 ozuftl9m\">\n<div class=\"\">\n<div class=\"dati1w0a f10w8fjw hv4rvrfc pybr56ya\">\n<div class=\"kbf60n1y btwxx1t3 j83agx80 cwj9ozl2\">\n<div class=\"oi9244e8 do00u71z j83agx80\">\n<div class=\"q676j6op qypqp5cg\">\n<div class=\"\" dir=\"auto\">\n<div id=\"jsc_c_a4\" class=\"ecm0bbzt hv4rvrfc ihqw7lf3 dati1w0a\" data-ad-comet-preview=\"message\" data-ad-preview=\"message\">\n<div class=\"j83agx80 cbu4d94t ew0dbk1b irj2b8pg\">\n<div class=\"qzhwtbm6 knvmm38d\">\n<div class=\"kvgmc6g5 cxmmr5t8 oygrvhab hcukyx3x c1et5uql ii04i59q\">\n<div dir=\"auto\">\n<div dir=\"auto\">&#8220;He le\u00eddo much\u00edsimas rese\u00f1as sobre la vida y la trayectoria de Jorge &#8220;Cacho&#8221; Fontana. Muchas, la mayor\u00eda, repletas de errores e imprecisiones, sacadas de apuro y sin compromiso. Y todas escritas, seguramente, por j\u00f3venes redactores desconocedores de quien fue Fontana: acaso, el m\u00e1s grande locutor y animador que hayan dado la radio y la televisi\u00f3n argentina a lo largo de su historia.<\/div>\n<div dir=\"auto\"><\/div>\n<div dir=\"auto\">En los 60 y los 70, la fama y el prestigio de Fontana eran arrasadores, seguramente uno de los cinco argentinos m\u00e1s famosos: fue tapa de la primera edici\u00f3n de la revista Gente en 1965 y todo lo que hac\u00eda era \u00e9xito. Convirti\u00f3 un horario marginal como la ma\u00f1ana de la radio, en el horario pico en facturaci\u00f3n y audiencia. El Fontana Show era una aplanadora de ritmo, noticias, m\u00fasica y humor. Ten\u00eda con quienes hacerlo: Rina Mor\u00e1n y Beba Vignola le hac\u00edan el aguante en la conducci\u00f3n, Faustino Garc\u00eda entraba con los flashes del Rotativo del Aire y Juan Jos\u00e9 Lujambio, con la info de \u00faltimo momento de la Oral Deportiva<\/div>\n<div dir=\"auto\"><\/div>\n<div dir=\"auto\">Como productor, Fontana tambi\u00e9n fue un crack: apost\u00f3 a lo period\u00edstico y su programa fue uno de los primeros que puso m\u00f3viles al aire buscando y llegando primero a la noticia. Y hac\u00eda notas a personajes del exterior. Si pasaba algo importante fuera de la Argentina, no escatimaba en gastos: hab\u00eda un pasaje listo para salir en vivo desde el lugar de los hechos. Sin celular e Internet, s\u00f3lo por tel\u00e9fono gracias a los esfuerzos de las operadoras del Servicio Internacional de ENTEL. Igual que ahora&#8230;<\/div>\n<div dir=\"auto\"><\/div>\n<div dir=\"auto\">No era un gran entrevistador Fontana. En eso, Antonio Carrizo, el otro gigante de la locuci\u00f3n y la animaci\u00f3n, a partir de su mayor bagaje cultural, le sac\u00f3 diferencias. Cuando en 1981\/82 conduc\u00eda Sexta Edici\u00f3n por Radio Rivadavia, el saludaba al entrevistado, hac\u00eda la primera pregunta y despu\u00e9s, le dejaba el resto de la entrevista a Rolando Vera. Yo llegaba a la vieja redacci\u00f3n de Cr\u00f3nica de Azoparo y Garay a eso de las seis de la tarde y recuerdo que <a class=\"oajrlxb2 g5ia77u1 qu0x051f esr5mh6w e9989ue4 r7d6kgcz rq0escxv nhd2j8a9 nc684nl6 p7hjln8o kvgmc6g5 cxmmr5t8 oygrvhab hcukyx3x jb3vyjys rz4wbd8a qt6c0cv9 a8nywdso i1ao9s8h esuyzwwr f1sip0of lzcic4wl gpro0wi8 q66pz984 b1v8xokw\" tabindex=\"0\" role=\"link\" href=\"https:\/\/www.facebook.com\/carlos.fassio.5?__cft__[0]=AZUwZD22ziNcLT1-A1Wv6BGO_QSeg3EuwUBTNs0hXaTYvtQEt2hTX8YwgAimvf8oOt8INCgheviCzZweJNAhwmUroCvk1kGX9965-5PkkbQa9jEB-BXQHSsgmMIx7JqUoqps78Jx_e9LlKqh_c-1I3mSfDctwfwHw3M1WK1gv8sdCtk4r-T5DH9JxHd4y80vUww&amp;__tn__=-]K-y-R\"><span class=\"nc684nl6\">Carlos Alberto Fassio<\/span><\/a>,por entonces jefe de Noticias de la edici\u00f3n matutina, actualizaba el panorama escuchando Sexta Edici\u00f3n que hac\u00eda un despliegue imponente de m\u00f3viles y cronistas.<\/div>\n<div dir=\"auto\"><\/div>\n<div dir=\"auto\">Ninguna de las s\u00edntesis biogr\u00e1ficas (necrol\u00f3gica es otra cosa) repara que Roberto Gonz\u00e1lez Rivero &#8220;Riverito&#8221; fue el descubridor de Fontana. Gonz\u00e1lez Rivero era un pibe que a fines de los a\u00f1os 40, hac\u00eda una revista llamada &#8220;La Cumparsita&#8221; con la que recorr\u00eda clubes, cabarets y radios para entrevistar a las grandes figuras tangueras y promocionar sus actuaciones. Una noche, lo escuch\u00f3 a Fontana presentar en el Chantecler (actual Paran\u00e1 426) y dijo una frase memorable :&#8221;Este pibe tiene una guitarra el\u00e9ctrica en la garganta&#8221;. Le ofreci\u00f3 trabajo como tandero en 1949 en Radio del Pueblo y ah\u00ed empez\u00f3 todo.<\/div>\n<div dir=\"auto\"><\/div>\n<div dir=\"auto\">Como locutor deportivo tambi\u00e9n fue el mejor. Y lo hizo cuando ya era una celebridad casi intocable. Comparti\u00f3 transmisiones de f\u00fatbol y automovilismo con Alfredo Curcu y form\u00f3 con Mu\u00f1oz y Enzo Ardig\u00f3 en Radio Rivadavia, tal vez la mejor cabina de la historia de las transmisiones de f\u00fatbol. En 1968, con Cafarelli y Cherquis Bialo, fue el locutor de una transmisi\u00f3n para la historia: Locche y Fuji a borde del ring desde el Kuramae Sumo de Tokio con auspicio de Bodegas y Vi\u00f1edos Pe\u00f1aflor. Recuerdo la m\u00fasica y la entrada de la voz de Fontana y se me eriza la piel.<\/div>\n<div dir=\"auto\"><\/div>\n<div dir=\"auto\">Su presencia impactante en los avisos de la Tv era tan importante como el mismo producto. Dec\u00eda estupendamente las frases que le escrib\u00edan los excepcionales creativos publicitarios de los a\u00f1os 60 y 70. Nadie como \u00e9l para afirmar &#8220;Con Seguridad&#8221; &#8220;Digale si a Lincoln (o a Tita y Rhodesia), digale si a Terrabusi&#8221; &#8220;Dellepiane cumple con su beber&#8221;. Fue el conductor de exitazos como Odol Pregunta, La Campana de Cristal, Videoshow entre tantos otros programas y el impulsor de las tristemente c\u00e9lebres &#8220;24 Horas de las Malvinas&#8221;. La voz y la imagen de firmas como Odol, YPF, La Seren\u00edsima. Terrabusi, Pe\u00f1aflor, Bodegas Dellepiane, Nobleza-Piccardo, Alguien que lo vio en su apogeo dijo: &#8220;Este tipo es la Argentina&#8221;. Y si, mas o menos fue as\u00ed: Fue la voz y la estampa de un pa\u00eds que ya no es mas y que se fue mucho antes de que Cacho cerrara este mediod\u00eda, a la hora en la que tantas veces estuvo al aire, el \u00faltimo programa de su vida.<\/div>\n<\/div>\n<\/div>\n<\/div>\n<\/div>\n<\/div>\n<\/div>\n<div class=\"cwj9ozl2 l6v480f0 maa8sdkg s1tcr66n aypy0576 ue3kfks5 pw54ja7n uo3d90p7 l82x9zwi tvfksri0 ozuftl9m\">\n<div class=\"\">\n<div class=\"dati1w0a f10w8fjw hv4rvrfc pybr56ya\">\n<div class=\"kbf60n1y btwxx1t3 j83agx80 cwj9ozl2\">\n<div class=\"oi9244e8 do00u71z j83agx80\">\n<div class=\"q676j6op qypqp5cg\"><\/div>\n<\/div>\n<\/div>\n<\/div>\n<\/div>\n<\/div>\n<\/div>\n<\/div>\n<\/div>\n<\/div>\n<\/div>\n<\/div>\n","protected":false},"excerpt":{"rendered":"<p>MERECE SER COMPARTIDA.<\/p>\n","protected":false},"author":3,"featured_media":16682,"comment_status":"open","ping_status":"open","sticky":false,"template":"","format":"standard","meta":{"footnotes":"","jetpack_publicize_message":"","jetpack_publicize_feature_enabled":true,"jetpack_social_post_already_shared":false,"jetpack_social_options":{"image_generator_settings":{"template":"highway","default_image_id":0,"font":"","enabled":false},"version":2}},"categories":[12],"tags":[1927,1928],"class_list":["post-16680","post","type-post","status-publish","format-standard","has-post-thumbnail","hentry","category-espectaculos","tag-fontana","tag-guinazu"],"jetpack_publicize_connections":[],"jetpack_featured_media_url":"https:\/\/revistaepocadigital.com.ar\/wp-content\/uploads\/2022\/07\/fontana-cachc.jpg","jetpack_likes_enabled":true,"_links":{"self":[{"href":"https:\/\/revistaepocadigital.com.ar\/index.php?rest_route=\/wp\/v2\/posts\/16680","targetHints":{"allow":["GET"]}}],"collection":[{"href":"https:\/\/revistaepocadigital.com.ar\/index.php?rest_route=\/wp\/v2\/posts"}],"about":[{"href":"https:\/\/revistaepocadigital.com.ar\/index.php?rest_route=\/wp\/v2\/types\/post"}],"author":[{"embeddable":true,"href":"https:\/\/revistaepocadigital.com.ar\/index.php?rest_route=\/wp\/v2\/users\/3"}],"replies":[{"embeddable":true,"href":"https:\/\/revistaepocadigital.com.ar\/index.php?rest_route=%2Fwp%2Fv2%2Fcomments&post=16680"}],"version-history":[{"count":0,"href":"https:\/\/revistaepocadigital.com.ar\/index.php?rest_route=\/wp\/v2\/posts\/16680\/revisions"}],"wp:featuredmedia":[{"embeddable":true,"href":"https:\/\/revistaepocadigital.com.ar\/index.php?rest_route=\/wp\/v2\/media\/16682"}],"wp:attachment":[{"href":"https:\/\/revistaepocadigital.com.ar\/index.php?rest_route=%2Fwp%2Fv2%2Fmedia&parent=16680"}],"wp:term":[{"taxonomy":"category","embeddable":true,"href":"https:\/\/revistaepocadigital.com.ar\/index.php?rest_route=%2Fwp%2Fv2%2Fcategories&post=16680"},{"taxonomy":"post_tag","embeddable":true,"href":"https:\/\/revistaepocadigital.com.ar\/index.php?rest_route=%2Fwp%2Fv2%2Ftags&post=16680"}],"curies":[{"name":"wp","href":"https:\/\/api.w.org\/{rel}","templated":true}]}}