{"id":16718,"date":"2022-08-05T11:19:17","date_gmt":"2022-08-05T14:19:17","guid":{"rendered":"https:\/\/revistaepocadigital.com.ar\/?p=16718"},"modified":"2022-08-09T01:30:30","modified_gmt":"2022-08-09T04:30:30","slug":"mireya-un-musical-de-tango","status":"publish","type":"post","link":"https:\/\/revistaepocadigital.com.ar\/?p=16718","title":{"rendered":"MIREYA, \u00a1A SALA LLENA!, EL MUSICAL DE TANGO UN \u00c9XITO"},"content":{"rendered":"<div class=\"dati1w0a hv4rvrfc osnr6wyh\">\n<div class=\"btwxx1t3 j83agx80 cwj9ozl2\">\n<div class=\"j83agx80 cbu4d94t ew0dbk1b irj2b8pg\">\n<div class=\"qzhwtbm6 knvmm38d\">\n<h6><strong>OTRO ESPECT\u00c1CULO DE FS PRODUCCIONES.<\/strong><\/h6>\n<div class=\"dati1w0a hv4rvrfc osnr6wyh\">\n<div class=\"btwxx1t3 j83agx80 cwj9ozl2\">\n<div class=\"j83agx80 cbu4d94t ew0dbk1b irj2b8pg\">\n<div class=\"qzhwtbm6 knvmm38d\">\n<h6><\/h6>\n<\/div>\n<\/div>\n<\/div>\n<\/div>\n<p><!--more--><\/p>\n<div class=\"\" dir=\"auto\">\n<div class=\"\" dir=\"auto\">\n<div class=\"ecm0bbzt hv4rvrfc ihqw7lf3 dati1w0a\" data-ad-comet-preview=\"message\" data-ad-preview=\"message\">\n<div class=\"j83agx80 cbu4d94t ew0dbk1b irj2b8pg\">\n<div class=\"qzhwtbm6 knvmm38d\">\n<div class=\"cxmmr5t8 oygrvhab hcukyx3x c1et5uql o9v6fnle ii04i59q\">\n<div dir=\"auto\">\n<div class=\"kvgmc6g5 cxmmr5t8 oygrvhab hcukyx3x c1et5uql ii04i59q\">\n<div dir=\"auto\">Plenamente satisfecho, el director-productor Fabi\u00e1n Scovenna, habl\u00f3 luego de la primera presentaci\u00f3n de &#8220;Mireya&#8221;,cun musical de tango. &#8220;Gracias a todos los que en la noche del s\u00e1bado 7, nos acompa\u00f1aron en esta apasionante historia en el Centro Cultural Cosmopolita de Capilla del Se\u00f1or&#8221;.<\/div>\n<\/div>\n<\/div>\n<\/div>\n<p><img loading=\"lazy\" decoding=\"async\" class=\"alignleft size-full wp-image-17201\" src=\"https:\/\/revistaepocadigital.com.ar\/wp-content\/uploads\/2022\/08\/297014014_495492452580009_5661346205608649672_n.jpg\" alt=\"\" width=\"960\" height=\"540\" srcset=\"https:\/\/revistaepocadigital.com.ar\/wp-content\/uploads\/2022\/08\/297014014_495492452580009_5661346205608649672_n.jpg 960w, https:\/\/revistaepocadigital.com.ar\/wp-content\/uploads\/2022\/08\/297014014_495492452580009_5661346205608649672_n-300x169.jpg 300w, https:\/\/revistaepocadigital.com.ar\/wp-content\/uploads\/2022\/08\/297014014_495492452580009_5661346205608649672_n-768x432.jpg 768w, https:\/\/revistaepocadigital.com.ar\/wp-content\/uploads\/2022\/08\/297014014_495492452580009_5661346205608649672_n-696x392.jpg 696w, https:\/\/revistaepocadigital.com.ar\/wp-content\/uploads\/2022\/08\/297014014_495492452580009_5661346205608649672_n-747x420.jpg 747w\" sizes=\"auto, (max-width: 960px) 100vw, 960px\" \/><\/p>\n<\/div>\n<\/div>\n<\/div>\n<\/div>\n<\/div>\n<div dir=\"auto\"><\/div>\n<div class=\"qzhwtbm6 knvmm38d\">\n<div class=\"\" dir=\"auto\">\n<div class=\"\" dir=\"auto\">\n<div class=\"ecm0bbzt hv4rvrfc ihqw7lf3 dati1w0a\" data-ad-comet-preview=\"message\" data-ad-preview=\"message\">\n<div class=\"j83agx80 cbu4d94t ew0dbk1b irj2b8pg\">\n<div class=\"qzhwtbm6 knvmm38d\">\n<div class=\"cxmmr5t8 oygrvhab hcukyx3x c1et5uql o9v6fnle ii04i59q\">\n<div dir=\"auto\">\n<div class=\"cxmmr5t8 oygrvhab hcukyx3x c1et5uql o9v6fnle ii04i59q\">\n<div dir=\"auto\"><\/div>\n<div dir=\"auto\"><\/div>\n<div dir=\"auto\"><\/div>\n<div dir=\"auto\">El espect\u00e1culo vuelve al escenario este pr\u00f3ximo s\u00e1bado &#8220;<em>nos encontraremos nuevamente para celebrar los 15 a\u00f1os de FS PRODUCCIONES con una nueva y \u00faltima funci\u00f3n de la RUBIA MIREYA&#8221;.<\/em> se\u00f1al\u00f3 Scovenna.<\/div>\n<\/div>\n<div dir=\"auto\"><\/div>\n<\/div>\n<\/div>\n<\/div>\n<\/div>\n<div dir=\"auto\"><img loading=\"lazy\" decoding=\"async\" class=\"alignleft size-full wp-image-17204\" src=\"https:\/\/revistaepocadigital.com.ar\/wp-content\/uploads\/2022\/08\/297462243_494588882670366_2473334315954833769_n.jpg\" alt=\"\" width=\"960\" height=\"640\" srcset=\"https:\/\/revistaepocadigital.com.ar\/wp-content\/uploads\/2022\/08\/297462243_494588882670366_2473334315954833769_n.jpg 960w, https:\/\/revistaepocadigital.com.ar\/wp-content\/uploads\/2022\/08\/297462243_494588882670366_2473334315954833769_n-300x200.jpg 300w, https:\/\/revistaepocadigital.com.ar\/wp-content\/uploads\/2022\/08\/297462243_494588882670366_2473334315954833769_n-768x512.jpg 768w, https:\/\/revistaepocadigital.com.ar\/wp-content\/uploads\/2022\/08\/297462243_494588882670366_2473334315954833769_n-696x464.jpg 696w, https:\/\/revistaepocadigital.com.ar\/wp-content\/uploads\/2022\/08\/297462243_494588882670366_2473334315954833769_n-630x420.jpg 630w\" sizes=\"auto, (max-width: 960px) 100vw, 960px\" \/><\/div>\n<div class=\"j83agx80 cbu4d94t ew0dbk1b irj2b8pg\">\n<div class=\"qzhwtbm6 knvmm38d\">\n<div class=\"cxmmr5t8 oygrvhab hcukyx3x c1et5uql o9v6fnle ii04i59q\">\n<div dir=\"auto\">\n<div class=\"cxmmr5t8 oygrvhab hcukyx3x c1et5uql o9v6fnle ii04i59q\">\n<div dir=\"auto\"><img loading=\"lazy\" decoding=\"async\" class=\"alignleft size-full wp-image-17203\" src=\"https:\/\/revistaepocadigital.com.ar\/wp-content\/uploads\/2022\/08\/296831756_494589079337013_3945443436647808011_n.jpg\" alt=\"\" width=\"960\" height=\"640\" srcset=\"https:\/\/revistaepocadigital.com.ar\/wp-content\/uploads\/2022\/08\/296831756_494589079337013_3945443436647808011_n.jpg 960w, https:\/\/revistaepocadigital.com.ar\/wp-content\/uploads\/2022\/08\/296831756_494589079337013_3945443436647808011_n-300x200.jpg 300w, https:\/\/revistaepocadigital.com.ar\/wp-content\/uploads\/2022\/08\/296831756_494589079337013_3945443436647808011_n-768x512.jpg 768w, https:\/\/revistaepocadigital.com.ar\/wp-content\/uploads\/2022\/08\/296831756_494589079337013_3945443436647808011_n-696x464.jpg 696w, https:\/\/revistaepocadigital.com.ar\/wp-content\/uploads\/2022\/08\/296831756_494589079337013_3945443436647808011_n-630x420.jpg 630w\" sizes=\"auto, (max-width: 960px) 100vw, 960px\" \/><\/div>\n<div dir=\"auto\"><img loading=\"lazy\" decoding=\"async\" class=\"alignleft size-full wp-image-17202\" src=\"https:\/\/revistaepocadigital.com.ar\/wp-content\/uploads\/2022\/08\/297812963_494589042670350_5735745573455182349_n.jpg\" alt=\"\" width=\"960\" height=\"640\" srcset=\"https:\/\/revistaepocadigital.com.ar\/wp-content\/uploads\/2022\/08\/297812963_494589042670350_5735745573455182349_n.jpg 960w, https:\/\/revistaepocadigital.com.ar\/wp-content\/uploads\/2022\/08\/297812963_494589042670350_5735745573455182349_n-300x200.jpg 300w, https:\/\/revistaepocadigital.com.ar\/wp-content\/uploads\/2022\/08\/297812963_494589042670350_5735745573455182349_n-768x512.jpg 768w, https:\/\/revistaepocadigital.com.ar\/wp-content\/uploads\/2022\/08\/297812963_494589042670350_5735745573455182349_n-696x464.jpg 696w, https:\/\/revistaepocadigital.com.ar\/wp-content\/uploads\/2022\/08\/297812963_494589042670350_5735745573455182349_n-630x420.jpg 630w\" sizes=\"auto, (max-width: 960px) 100vw, 960px\" \/><\/div>\n<div dir=\"auto\"><\/div>\n<div dir=\"auto\">Entradas disponibles aqu\u00ed <span class=\"pq6dq46d tbxw36s4 knj5qynh kvgmc6g5 ditlmg2l oygrvhab nvdbi5me sf5mxxl7 gl3lb2sf hhz5lgdu\"><img loading=\"lazy\" decoding=\"async\" src=\"https:\/\/static.xx.fbcdn.net\/images\/emoji.php\/v9\/t4f\/1\/16\/1f447.png\" alt=\"\ud83d\udc47\" width=\"16\" height=\"16\" \/><\/span><\/div>\n<div dir=\"auto\"><a class=\"oajrlxb2 g5ia77u1 qu0x051f esr5mh6w e9989ue4 r7d6kgcz rq0escxv nhd2j8a9 nc684nl6 p7hjln8o kvgmc6g5 cxmmr5t8 oygrvhab hcukyx3x jb3vyjys rz4wbd8a qt6c0cv9 a8nywdso i1ao9s8h esuyzwwr f1sip0of lzcic4wl gpro0wi8 py34i1dx\" tabindex=\"0\" role=\"link\" href=\"https:\/\/wa.me\/message\/ZL2DITEWEZ5FB1?fbclid=IwAR0oiZPH9oRQgoMVuot7CWe1E7VN9gLXs_vBqc_yj409j-9SMPHTx2hDWH8\" target=\"_blank\" rel=\"nofollow noopener\">https:\/\/wa.me\/message\/ZL2DITEWEZ5FB1<\/a><\/div>\n<\/div>\n<\/div>\n<\/div>\n<\/div>\n<\/div>\n<\/div>\n<\/div>\n<\/div>\n<h6><\/h6>\n<h6><\/h6>\n<h6><\/h6>\n<h6 class=\"gmql0nx0 l94mrbxd p1ri9a11 lzcic4wl aahdfvyu hzawbc8m\"><strong>&#8220;Mireya&#8221;,<\/strong> el musical dirigido por Fabi\u00e1n Scovenna, presentado en el Centro Cultural Cosmopolita de Capilla del Se\u00f1or, Estrada 553.<\/h6>\n<\/div>\n<figure id=\"attachment_16722\" aria-describedby=\"caption-attachment-16722\" style=\"width: 960px\" class=\"wp-caption aligncenter\"><img loading=\"lazy\" decoding=\"async\" class=\"size-full wp-image-16722\" src=\"https:\/\/revistaepocadigital.com.ar\/wp-content\/uploads\/2022\/07\/sco1.jpg\" alt=\"\" width=\"960\" height=\"640\" srcset=\"https:\/\/revistaepocadigital.com.ar\/wp-content\/uploads\/2022\/07\/sco1.jpg 960w, https:\/\/revistaepocadigital.com.ar\/wp-content\/uploads\/2022\/07\/sco1-300x200.jpg 300w, https:\/\/revistaepocadigital.com.ar\/wp-content\/uploads\/2022\/07\/sco1-768x512.jpg 768w, https:\/\/revistaepocadigital.com.ar\/wp-content\/uploads\/2022\/07\/sco1-696x464.jpg 696w, https:\/\/revistaepocadigital.com.ar\/wp-content\/uploads\/2022\/07\/sco1-630x420.jpg 630w\" sizes=\"auto, (max-width: 960px) 100vw, 960px\" \/><figcaption id=\"caption-attachment-16722\" class=\"wp-caption-text\">Los ultimos ensayos.<\/figcaption><\/figure>\n<div class=\"qzhwtbm6 knvmm38d\">\n<h6 class=\"gmql0nx0 l94mrbxd p1ri9a11 lzcic4wl aahdfvyu hzawbc8m\">Las funciones a realizarse el 6 y 13 de agosto a partir de las 19.30 horas.<\/h6>\n<h6 class=\"gmql0nx0 l94mrbxd p1ri9a11 lzcic4wl aahdfvyu hzawbc8m\"><strong>Pod\u00e9s comprar tus entradas en este link:<\/strong><\/h6>\n<div dir=\"auto\"><\/div>\n<div dir=\"auto\"><a class=\"oajrlxb2 g5ia77u1 qu0x051f esr5mh6w e9989ue4 r7d6kgcz rq0escxv nhd2j8a9 nc684nl6 p7hjln8o kvgmc6g5 cxmmr5t8 oygrvhab hcukyx3x jb3vyjys rz4wbd8a qt6c0cv9 a8nywdso i1ao9s8h esuyzwwr f1sip0of lzcic4wl gpro0wi8 py34i1dx\" tabindex=\"0\" role=\"link\" href=\"https:\/\/wa.me\/message\/ZL2DITEWEZ5FB1?fbclid=IwAR39VK45bXkLgVQu4W3XGnfFKSbJ0krkNUY_4V6ID-dO0nFB8NT8qETQzi0\" target=\"_blank\" rel=\"nofollow noopener\">https:\/\/wa.me\/message\/ZL2DITEWEZ5FB1<\/a><\/div>\n<h6><\/h6>\n<h6>\u00a0Fotos: gentileza Andrea Sosa.<\/h6>\n<\/div>\n<\/div>\n<\/div>\n<\/div>\n<\/div>\n","protected":false},"excerpt":{"rendered":"<p>OTRO ESPECT\u00c1CULO DE FS PRODUCCIONES.<\/p>\n","protected":false},"author":3,"featured_media":17200,"comment_status":"open","ping_status":"open","sticky":false,"template":"","format":"standard","meta":{"footnotes":"","jetpack_publicize_message":"","jetpack_publicize_feature_enabled":true,"jetpack_social_post_already_shared":false,"jetpack_social_options":{"image_generator_settings":{"template":"highway","default_image_id":0,"font":"","enabled":false},"version":2}},"categories":[12],"tags":[1932,83],"class_list":["post-16718","post","type-post","status-publish","format-standard","has-post-thumbnail","hentry","category-espectaculos","tag-mireya","tag-scovenna"],"jetpack_publicize_connections":[],"jetpack_featured_media_url":"https:\/\/revistaepocadigital.com.ar\/wp-content\/uploads\/2022\/08\/297330617_495492389246682_3270180419329396727_n.jpg","jetpack_likes_enabled":true,"_links":{"self":[{"href":"https:\/\/revistaepocadigital.com.ar\/index.php?rest_route=\/wp\/v2\/posts\/16718","targetHints":{"allow":["GET"]}}],"collection":[{"href":"https:\/\/revistaepocadigital.com.ar\/index.php?rest_route=\/wp\/v2\/posts"}],"about":[{"href":"https:\/\/revistaepocadigital.com.ar\/index.php?rest_route=\/wp\/v2\/types\/post"}],"author":[{"embeddable":true,"href":"https:\/\/revistaepocadigital.com.ar\/index.php?rest_route=\/wp\/v2\/users\/3"}],"replies":[{"embeddable":true,"href":"https:\/\/revistaepocadigital.com.ar\/index.php?rest_route=%2Fwp%2Fv2%2Fcomments&post=16718"}],"version-history":[{"count":0,"href":"https:\/\/revistaepocadigital.com.ar\/index.php?rest_route=\/wp\/v2\/posts\/16718\/revisions"}],"wp:featuredmedia":[{"embeddable":true,"href":"https:\/\/revistaepocadigital.com.ar\/index.php?rest_route=\/wp\/v2\/media\/17200"}],"wp:attachment":[{"href":"https:\/\/revistaepocadigital.com.ar\/index.php?rest_route=%2Fwp%2Fv2%2Fmedia&parent=16718"}],"wp:term":[{"taxonomy":"category","embeddable":true,"href":"https:\/\/revistaepocadigital.com.ar\/index.php?rest_route=%2Fwp%2Fv2%2Fcategories&post=16718"},{"taxonomy":"post_tag","embeddable":true,"href":"https:\/\/revistaepocadigital.com.ar\/index.php?rest_route=%2Fwp%2Fv2%2Ftags&post=16718"}],"curies":[{"name":"wp","href":"https:\/\/api.w.org\/{rel}","templated":true}]}}