{"id":16732,"date":"2022-07-11T11:55:39","date_gmt":"2022-07-11T14:55:39","guid":{"rendered":"https:\/\/revistaepocadigital.com.ar\/?p=16732"},"modified":"2022-07-11T11:55:39","modified_gmt":"2022-07-11T14:55:39","slug":"lectora-de-patentes-en-la-ruta-6","status":"publish","type":"post","link":"https:\/\/revistaepocadigital.com.ar\/?p=16732","title":{"rendered":"LECTORA DE PATENTES EN LA RUTA 6"},"content":{"rendered":"<div class=\"kvgmc6g5 cxmmr5t8 oygrvhab hcukyx3x c1et5uql ii04i59q\">\n<div dir=\"auto\"><strong>INSTALADA.<\/strong><\/div>\n<div dir=\"auto\"><\/div>\n<\/div>\n<p><!--more--><\/p>\n<div class=\"cxmmr5t8 oygrvhab hcukyx3x c1et5uql o9v6fnle ii04i59q\">\n<div dir=\"auto\">La direcci\u00f3n de tr\u00e1nsito inform\u00f3 que se instal\u00f3 una nueva lectora de patentes en Los Cardales, en el km. 180 de la ruta 6.<\/div>\n<div dir=\"auto\">Permite monitorear, en tiempo real, a todos los veh\u00edculos que transiten en ese sector, contar con un registro de su placa patente, y tener una alerta inmediata en caso de que alguno posea pedido de secuestro, permitiendo el r\u00e1pido accionar de nuestras fuerzas de seguridad.<\/div>\n<\/div>\n<div class=\"cxmmr5t8 oygrvhab hcukyx3x c1et5uql o9v6fnle ii04i59q\">\n<div dir=\"auto\">Se suma a las ya instaladas en Los Cardales, Capilla del Se\u00f1or y Ruta 8, un nuevo aporte en materia de seguridad<\/div>\n<\/div>\n","protected":false},"excerpt":{"rendered":"<p>INSTALADA.<\/p>\n","protected":false},"author":3,"featured_media":16734,"comment_status":"open","ping_status":"open","sticky":false,"template":"","format":"standard","meta":{"footnotes":"","jetpack_publicize_message":"","jetpack_publicize_feature_enabled":true,"jetpack_social_post_already_shared":false,"jetpack_social_options":{"image_generator_settings":{"template":"highway","default_image_id":0,"font":"","enabled":false},"version":2}},"categories":[14],"tags":[1933],"class_list":["post-16732","post","type-post","status-publish","format-standard","has-post-thumbnail","hentry","category-la-gente","tag-lectora-de-patentes"],"jetpack_publicize_connections":[],"jetpack_featured_media_url":"https:\/\/revistaepocadigital.com.ar\/wp-content\/uploads\/2022\/07\/pat.jpg","jetpack_likes_enabled":true,"_links":{"self":[{"href":"https:\/\/revistaepocadigital.com.ar\/index.php?rest_route=\/wp\/v2\/posts\/16732","targetHints":{"allow":["GET"]}}],"collection":[{"href":"https:\/\/revistaepocadigital.com.ar\/index.php?rest_route=\/wp\/v2\/posts"}],"about":[{"href":"https:\/\/revistaepocadigital.com.ar\/index.php?rest_route=\/wp\/v2\/types\/post"}],"author":[{"embeddable":true,"href":"https:\/\/revistaepocadigital.com.ar\/index.php?rest_route=\/wp\/v2\/users\/3"}],"replies":[{"embeddable":true,"href":"https:\/\/revistaepocadigital.com.ar\/index.php?rest_route=%2Fwp%2Fv2%2Fcomments&post=16732"}],"version-history":[{"count":0,"href":"https:\/\/revistaepocadigital.com.ar\/index.php?rest_route=\/wp\/v2\/posts\/16732\/revisions"}],"wp:featuredmedia":[{"embeddable":true,"href":"https:\/\/revistaepocadigital.com.ar\/index.php?rest_route=\/wp\/v2\/media\/16734"}],"wp:attachment":[{"href":"https:\/\/revistaepocadigital.com.ar\/index.php?rest_route=%2Fwp%2Fv2%2Fmedia&parent=16732"}],"wp:term":[{"taxonomy":"category","embeddable":true,"href":"https:\/\/revistaepocadigital.com.ar\/index.php?rest_route=%2Fwp%2Fv2%2Fcategories&post=16732"},{"taxonomy":"post_tag","embeddable":true,"href":"https:\/\/revistaepocadigital.com.ar\/index.php?rest_route=%2Fwp%2Fv2%2Ftags&post=16732"}],"curies":[{"name":"wp","href":"https:\/\/api.w.org\/{rel}","templated":true}]}}