{"id":1674,"date":"2019-02-15T00:14:53","date_gmt":"2019-02-15T03:14:53","guid":{"rendered":"https:\/\/revistaepocadigital.com.ar\/?p=1674"},"modified":"2019-02-15T00:30:46","modified_gmt":"2019-02-15T03:30:46","slug":"en-contacto-directo-con-el-same","status":"publish","type":"post","link":"https:\/\/revistaepocadigital.com.ar\/?p=1674","title":{"rendered":"EN CONTACTO DIRECTO CON EL SAME"},"content":{"rendered":"<p><strong>CON LA ENTREGA.<\/strong><\/p>\n<p><!--more--><br \/>\nDe una<strong> ambulancia 0Km,<\/strong> equipada con instrumental de \u00faltima generaci\u00f3n y apta para casos de alta complejidad, el municipio de<strong> Exaltaci\u00f3n de la Cruz<\/strong> formaliz\u00f3 el acuerdo con el <strong>SAME<\/strong> para instrumentar acciones tendientes al cuidado y atenci\u00f3n de la salud p\u00fablica, y en especial en casos de accidentes o episodios imprevistos.<\/p>\n<p><strong>Federico Pupillo<\/strong>, director provincial del <strong>SAME<\/strong>, (sistema de emergencias m\u00e9dicas de la provincia de Buenos Aires), hizo entrega de la ambulancia al intendente <strong>Adri\u00e1n S\u00e1nchez,<\/strong> en un acto llevado a cabo frente al edificio municipal, al que tambi\u00e9n asistieron el presidente del Concejo Deliberante, <strong>Ra\u00fal Sancho,<\/strong> el secretario de coordinaci\u00f3n general <strong>Guillermo Flores<\/strong>, el secretario de salud <strong>Dr. Ricardo Algranatt<\/strong>i, el director de emergencias m\u00e9dicas local <strong>Dr. Ivan Gambra,<\/strong> la directora del Hospital Municipal San Jos\u00e9, <strong>Dra. Paola Garc\u00eda<\/strong>, la licenciada <strong>Guadalupe Bravo,<\/strong> miembros de la asociaci\u00f3n cooperadora del hospital y personal (foto portada).<\/p>\n<p>La firma del<strong> convenio<\/strong> entre Exaltaci\u00f3n de la Cruz y el SAME, implica la transferencia de recursos para contrataci\u00f3n de profesionales y la ambulancia entregada con equipamiento para reforzar el sistema de salud municipal.\u00a0\u00a0La nueva ambulancia se suma a dos existentes, todas identificadas como parte del SAME.<\/p>\n<figure id=\"attachment_1684\" aria-describedby=\"caption-attachment-1684\" style=\"width: 960px\" class=\"wp-caption alignnone\"><img loading=\"lazy\" decoding=\"async\" class=\"size-full wp-image-1684\" src=\"https:\/\/revistaepocadigital.com.ar\/wp-content\/uploads\/2019\/02\/same-ambulan-1.jpg\" alt=\"\" width=\"960\" height=\"484\" srcset=\"https:\/\/revistaepocadigital.com.ar\/wp-content\/uploads\/2019\/02\/same-ambulan-1.jpg 960w, https:\/\/revistaepocadigital.com.ar\/wp-content\/uploads\/2019\/02\/same-ambulan-1-300x151.jpg 300w, https:\/\/revistaepocadigital.com.ar\/wp-content\/uploads\/2019\/02\/same-ambulan-1-768x387.jpg 768w, https:\/\/revistaepocadigital.com.ar\/wp-content\/uploads\/2019\/02\/same-ambulan-1-696x351.jpg 696w, https:\/\/revistaepocadigital.com.ar\/wp-content\/uploads\/2019\/02\/same-ambulan-1-833x420.jpg 833w\" sizes=\"auto, (max-width: 960px) 100vw, 960px\" \/><figcaption id=\"caption-attachment-1684\" class=\"wp-caption-text\">La nueva ambulancia (Foto Facebook R. Sancho)<\/figcaption><\/figure>\n<figure id=\"attachment_1678\" aria-describedby=\"caption-attachment-1678\" style=\"width: 960px\" class=\"wp-caption alignnone\"><img loading=\"lazy\" decoding=\"async\" class=\"size-full wp-image-1678\" src=\"https:\/\/revistaepocadigital.com.ar\/wp-content\/uploads\/2019\/02\/same3.jpg\" alt=\"\" width=\"960\" height=\"540\" srcset=\"https:\/\/revistaepocadigital.com.ar\/wp-content\/uploads\/2019\/02\/same3.jpg 960w, https:\/\/revistaepocadigital.com.ar\/wp-content\/uploads\/2019\/02\/same3-300x169.jpg 300w, https:\/\/revistaepocadigital.com.ar\/wp-content\/uploads\/2019\/02\/same3-768x432.jpg 768w, https:\/\/revistaepocadigital.com.ar\/wp-content\/uploads\/2019\/02\/same3-696x392.jpg 696w, https:\/\/revistaepocadigital.com.ar\/wp-content\/uploads\/2019\/02\/same3-747x420.jpg 747w\" sizes=\"auto, (max-width: 960px) 100vw, 960px\" \/><figcaption id=\"caption-attachment-1678\" class=\"wp-caption-text\">Una vista del interior equipado de la nueva ambulancia.<\/figcaption><\/figure>\n<figure id=\"attachment_1679\" aria-describedby=\"caption-attachment-1679\" style=\"width: 960px\" class=\"wp-caption alignnone\"><img loading=\"lazy\" decoding=\"async\" class=\"size-full wp-image-1679\" src=\"https:\/\/revistaepocadigital.com.ar\/wp-content\/uploads\/2019\/02\/same2.jpg\" alt=\"\" width=\"960\" height=\"540\" srcset=\"https:\/\/revistaepocadigital.com.ar\/wp-content\/uploads\/2019\/02\/same2.jpg 960w, https:\/\/revistaepocadigital.com.ar\/wp-content\/uploads\/2019\/02\/same2-300x169.jpg 300w, https:\/\/revistaepocadigital.com.ar\/wp-content\/uploads\/2019\/02\/same2-768x432.jpg 768w, https:\/\/revistaepocadigital.com.ar\/wp-content\/uploads\/2019\/02\/same2-696x392.jpg 696w, https:\/\/revistaepocadigital.com.ar\/wp-content\/uploads\/2019\/02\/same2-747x420.jpg 747w\" sizes=\"auto, (max-width: 960px) 100vw, 960px\" \/><figcaption id=\"caption-attachment-1679\" class=\"wp-caption-text\">El director del SAME brinda detalles de la nueva ambulancia ante el intendente, la directora del hospital y otros funcionarios.<\/figcaption><\/figure>\n<p>El citado convenio incluye el dictado de <strong>capacitaciones<\/strong> al personal del Hospital y personal del C.A.V y Bomberos Voluntarios como las que se han llevado a cabo en el <strong>Centro Cultural Cosmopolita<\/strong>, junto a la realizaci\u00f3n de simulacros de situaciones de emergencia. El acuerdo adem\u00e1s implic\u00f3 adem\u00e1s <strong>incorporar a Exaltaci\u00f3n de la Cruz a\u00a0 sistema de SAME<\/strong>, para agilizar las comunicaciones y la asistencia frente a diferentes situaciones de emergencia cuando los recursos locales se vean excedidos en casos de accidentes, traslados, asistencia en emergencias como pueden resultar inundaciones, entre otros. Adem\u00e1s, permite contar con la utilizaci\u00f3n de un helic\u00f3ptero sanitario para traslados en casos de suma urgencia.<\/p>\n<p><em>&#8220;Luego <\/em><span id=\"fbPhotoSnowliftCaption\" class=\"fbPhotosPhotoCaption\" tabindex=\"0\" aria-live=\"polite\" data-ft=\"{&quot;tn&quot;:&quot;K&quot;}\"><span class=\"hasCaption\"><em>de meses de coordinaci\u00f3n y capacitaci\u00f3n brindadas por la provincia y que nutre el sistema de salud de nuestro distrito, se lanz\u00f3 el SAME en Exaltaci\u00f3n de la Cruz. Se entreg\u00f3 una nueva ambulancia completamente equipada, y comenz\u00f3 a funcionar formalmente el n\u00famero telef\u00f3nico 107 para emergencias en salud&#8221;<\/em>, coment\u00f3 el titular del HCD.<\/span><\/span><\/p>\n<p><strong>EL CASO LUNA<\/strong><\/p>\n<p>Consultados por EPOCA, la<strong> directora del hospital as\u00ed como el secretario de salud<\/strong> acerca del doloroso caso del fallecimiento de la peque\u00f1a <strong>Luna<\/strong>, caso que provoc\u00f3 conmoci\u00f3n y dolor, ambos funcionarios fueron cautos. <em>&#8220;El tema muy doloroso desde ya para la familia y por supuesto para todos nosotros, m\u00e1s a\u00fan trat\u00e1ndose de una ni\u00f1a tan peque\u00f1a, est\u00e1 siendo investigado por la justicia y existe secreto de sumario; desde la direcci\u00f3n del hospital hemos provisto a la justicia de todos los requerimientos efectuados; deseamos por cierto que la justicia investigue y luego se expida&#8221;, <\/em>sostuvo la Dra Garc\u00eda. &#8220;Desde ya que entendemos el dolor causado a familiares por semejante hecho, deseamos, confiamos en que la justicia que se encuentra investigando, se pronuncie&#8221;, apunt\u00f3 el secretario de salud.<\/p>\n<p>Fotos: Prensa municipalidad.<\/p>\n","protected":false},"excerpt":{"rendered":"<p>CON LA ENTREGA.<\/p>\n","protected":false},"author":4,"featured_media":1676,"comment_status":"open","ping_status":"open","sticky":false,"template":"","format":"standard","meta":{"footnotes":"","jetpack_publicize_message":"","jetpack_publicize_feature_enabled":true,"jetpack_social_post_already_shared":false,"jetpack_social_options":{"image_generator_settings":{"template":"highway","default_image_id":0,"font":"","enabled":false},"version":2}},"categories":[13],"tags":[37,216],"class_list":["post-1674","post","type-post","status-publish","format-standard","has-post-thumbnail","hentry","category-interes-general","tag-destacada","tag-same"],"jetpack_publicize_connections":[],"jetpack_featured_media_url":"https:\/\/revistaepocadigital.com.ar\/wp-content\/uploads\/2019\/02\/Same-Aa.jpg","jetpack_likes_enabled":true,"_links":{"self":[{"href":"https:\/\/revistaepocadigital.com.ar\/index.php?rest_route=\/wp\/v2\/posts\/1674","targetHints":{"allow":["GET"]}}],"collection":[{"href":"https:\/\/revistaepocadigital.com.ar\/index.php?rest_route=\/wp\/v2\/posts"}],"about":[{"href":"https:\/\/revistaepocadigital.com.ar\/index.php?rest_route=\/wp\/v2\/types\/post"}],"author":[{"embeddable":true,"href":"https:\/\/revistaepocadigital.com.ar\/index.php?rest_route=\/wp\/v2\/users\/4"}],"replies":[{"embeddable":true,"href":"https:\/\/revistaepocadigital.com.ar\/index.php?rest_route=%2Fwp%2Fv2%2Fcomments&post=1674"}],"version-history":[{"count":0,"href":"https:\/\/revistaepocadigital.com.ar\/index.php?rest_route=\/wp\/v2\/posts\/1674\/revisions"}],"wp:featuredmedia":[{"embeddable":true,"href":"https:\/\/revistaepocadigital.com.ar\/index.php?rest_route=\/wp\/v2\/media\/1676"}],"wp:attachment":[{"href":"https:\/\/revistaepocadigital.com.ar\/index.php?rest_route=%2Fwp%2Fv2%2Fmedia&parent=1674"}],"wp:term":[{"taxonomy":"category","embeddable":true,"href":"https:\/\/revistaepocadigital.com.ar\/index.php?rest_route=%2Fwp%2Fv2%2Fcategories&post=1674"},{"taxonomy":"post_tag","embeddable":true,"href":"https:\/\/revistaepocadigital.com.ar\/index.php?rest_route=%2Fwp%2Fv2%2Ftags&post=1674"}],"curies":[{"name":"wp","href":"https:\/\/api.w.org\/{rel}","templated":true}]}}