{"id":16757,"date":"2022-07-14T01:37:05","date_gmt":"2022-07-14T04:37:05","guid":{"rendered":"https:\/\/revistaepocadigital.com.ar\/?p=16757"},"modified":"2022-07-14T11:10:51","modified_gmt":"2022-07-14T14:10:51","slug":"estamos-podridos-de-pagar-impuestos-y-que-se-afanen-la-guita-fuerte-reclamo-del-campo-en-la-jornada-de-paro-nacional","status":"publish","type":"post","link":"https:\/\/revistaepocadigital.com.ar\/?p=16757","title":{"rendered":"&#8220;Estamos podridos de pagar impuestos y que se afanen la guita\u201d: Fuerte reclamo del campo en la jornada de paro nacional"},"content":{"rendered":"<header class=\"article-header-wrapper\">\n<div class=\"article-header\">\n<h5 class=\"article-headline\"><strong>EL RECLAMO DEL CAMPO.<\/strong><\/h5>\n<h5 class=\"article-headline\"><strong>Entre las entidades representadas estuvo la Sociedad Rural de Exaltacion de la Cruz, Campana y Z\u00e1rate<!--more--><\/strong><\/h5>\n<h6 class=\"article-subheadline\">La frase del presidente de Confederaciones Rurales Argentinas, Jorge Chemes, resumi\u00f3 el esp\u00edritu de la jornada. El mensaje del sector al Gobierno y tambi\u00e9n al resto de la clase pol\u00edtica. Movilizaciones en diferentes lugares del pa\u00eds, con el epicentro en Entre R\u00edos<\/h6>\n<div class=\"byline\">\n<div class=\"author-image\"><\/div>\n<\/div>\n<\/div>\n<div class=\"nd-buttons-container\">\n<div class=\"Print social-share\"><\/div>\n<\/div>\n<\/header>\n<article class=\"article\">\n<div class=\"nd-body-article\">\n<p class=\"paragraph\"><a href=\"https:\/\/www.infobae.com\/economia\/campo\/2022\/07\/13\/paro-del-campo-la-mesa-de-enlace-reclama-en-el-emblematico-cruce-de-las-rutas-que-fue-epicentro-de-la-protesta-de-2008\/\" target=\"_blank\" rel=\"noopener\"><mark class=\"hl_yellow\"><b>El campo realiz\u00f3 su cuarto paro nacional al Gobierno de Alberto Fern\u00e1ndez<\/b><\/mark><\/a><mark class=\"hl_yellow\"><b>, en el marco de la denominada \u201cJornada federal de demanda\u201d. Se registraron movilizaciones en diferentes puntos del pa\u00eds, y con un mensaje que reiter\u00f3 muchas veces: \u201cBasta\u201d. Y un reclam\u00f3 que se repiti\u00f3 varias veces en boca de los productores y dirigentes: \u201cUrgente cambio de rumbo\u201d.<\/b><\/mark><\/p>\n<p class=\"paragraph\">La actividad incluy\u00f3 numerosas manifestaciones, volantadas, actos y actividades en plazas y al costa de las rutas en Chaco, Mendoza, Santa Fe, Formosa, Corrientes, C\u00f3rdoba, Buenos Aires y La Pampa.\u00a0<b>El epicentro de la protesta estuvo en Entre R\u00edos, donde con la presencia de los integrantes de la Mesa de Enlace se realiz\u00f3 una caravana por la Ruta Nacional 14 desde el km 83 hasta el cruce con la RN 16, donde se llev\u00f3 adelante una asamblea que cont\u00f3 con la presencia de m\u00e1s de 500 productores.<\/b><\/p>\n<div class=\"teads-inread sm-screen\">\n<div class=\"teads-ui-components-adchoices\"><\/div>\n<div id=\"teads0\" class=\"teads-player\"><\/div>\n<\/div>\n<div class=\"visual__image\"><img loading=\"lazy\" decoding=\"async\" class=\"\" src=\"https:\/\/cloudfront-us-east-1.images.arcpublishing.com\/infobae\/7TAGIE3WYFBC3IVSWC4DRZGNGE.JPG\" sizes=\"auto, (min-width: 800px) 50vw, 90vw\" srcset=\"https:\/\/www.infobae.com\/new-resizer\/swPGdqUllrplYZJwy8AIWxOIOyk=\/420x280\/filters:format(webp):quality(85)\/cloudfront-us-east-1.images.arcpublishing.com\/infobae\/7TAGIE3WYFBC3IVSWC4DRZGNGE.JPG 420w,https:\/\/www.infobae.com\/new-resizer\/ROeuWf0JJv5eCSs7fxaafMf-Fi4=\/768x512\/filters:format(webp):quality(85)\/cloudfront-us-east-1.images.arcpublishing.com\/infobae\/7TAGIE3WYFBC3IVSWC4DRZGNGE.JPG 768w,https:\/\/www.infobae.com\/new-resizer\/rRjgD5rI8U-7RotMWhLDhcpZRAI=\/992x661\/filters:format(webp):quality(85)\/cloudfront-us-east-1.images.arcpublishing.com\/infobae\/7TAGIE3WYFBC3IVSWC4DRZGNGE.JPG 992w,https:\/\/www.infobae.com\/new-resizer\/1XoNz2uZqf5YD9MHMeWzZCjTNYQ=\/1200x800\/filters:format(webp):quality(85)\/cloudfront-us-east-1.images.arcpublishing.com\/infobae\/7TAGIE3WYFBC3IVSWC4DRZGNGE.JPG 1200w,https:\/\/www.infobae.com\/new-resizer\/5CoWuZZZSoAOghCQv6__9wQ4bVA=\/1440x960\/filters:format(webp):quality(85)\/cloudfront-us-east-1.images.arcpublishing.com\/infobae\/7TAGIE3WYFBC3IVSWC4DRZGNGE.JPG 1440w\" alt=\"\" width=\"1616\" height=\"1080\" \/><\/div>\n<div class=\"inline ad-wrapper\">\n<div class=\"dfpAd display_inline_block ad_margin_wrapper\">\n<div id=\"infobae\/economia\/campo\/nota\/inline\" class=\"infobae\/economia\/campo\/nota\/inline arcad\" data-google-query-id=\"CMDtmOW19_gCFQMNuQYdMvEGHA\">\n<div id=\"google_ads_iframe_\/1058609\/infobae\/economia\/campo\/nota\/inline_0__container__\"><iframe id=\"google_ads_iframe_\/1058609\/infobae\/economia\/campo\/nota\/inline_0\" tabindex=\"0\" title=\"3rd party ad content\" role=\"region\" name=\"google_ads_iframe_\/1058609\/infobae\/economia\/campo\/nota\/inline_0\" width=\"1\" height=\"1\" frameborder=\"0\" marginwidth=\"0\" marginheight=\"0\" scrolling=\"no\" aria-label=\"Advertisement\" data-google-container-id=\"6\" data-load-complete=\"true\" data-mce-fragment=\"1\"><\/iframe><\/div>\n<\/div>\n<\/div>\n<\/div>\n<p class=\"paragraph\"><b>El lugar de la asamblea fue el emblem\u00e1tico cruce de rutas que muchos recordaron por la relevancia que tuvo durante el conflicto por la resoluci\u00f3n 125.\u00a0<\/b>\u201cAl estar ac\u00e1 siento una alegr\u00eda de ver a todos los productores que se hacen presentes y gente que por ah\u00ed no tiene nada que ver con la producci\u00f3n y que tambi\u00e9n acompa\u00f1a y entiende. Y a la vez\u00a0<b>uno siente una profunda tristeza de tener que hacer estos actos y que por ah\u00ed parece que estuvi\u00e9ramos montando una escenograf\u00eda\u2026 y se encuentra con que la pol\u00edtica \u2018no sabe por qu\u00e9 estamos haciendo esto\u2019<\/b>\u201d, dijo el titular de la Federaci\u00f3n Agraria,\u00a0<b>Carlos Achetoni<\/b>, quien advirti\u00f3 tambi\u00e9n sobre la elevada incertidumbre que hay en el pa\u00eds.\u201c<\/p>\n<p class=\"paragraph\">Entre los manifestantes hubo coincidencia en resaltar los graves problemas que afectan a los productores agropecuarios de todo el pa\u00eds, tales como la falta o sobreprecios en los combustibles, la creciente inflaci\u00f3n, el cambio de reglas de juego, la falta de financiamiento, falta de pol\u00edticas de estado para que el productor tenga previsibilidad para poder producir m\u00e1s, entre otras, as\u00ed como tambi\u00e9n a todos los argentinos, como el incremento de las cifras de la pobreza, la incertidumbre pol\u00edtica y econ\u00f3mica y la p\u00e9rdida del poder adquisitivo, entre otros.<\/p>\n<div class=\"visual__image\"><img loading=\"lazy\" decoding=\"async\" class=\"\" src=\"https:\/\/cloudfront-us-east-1.images.arcpublishing.com\/infobae\/LPUEHN7RQRB63AOA7ELDEWDM44.JPG\" sizes=\"auto, (min-width: 800px) 50vw, 90vw\" srcset=\"https:\/\/www.infobae.com\/new-resizer\/UjCVYPotD27rOJkC-S9cfQEzO8U=\/420x280\/filters:format(webp):quality(85)\/cloudfront-us-east-1.images.arcpublishing.com\/infobae\/LPUEHN7RQRB63AOA7ELDEWDM44.JPG 420w,https:\/\/www.infobae.com\/new-resizer\/8XJM9SDWQ_oo_LKPLfF33s3P_Ig=\/768x512\/filters:format(webp):quality(85)\/cloudfront-us-east-1.images.arcpublishing.com\/infobae\/LPUEHN7RQRB63AOA7ELDEWDM44.JPG 768w,https:\/\/www.infobae.com\/new-resizer\/DXidrrJntJL4CCpAeXhAzHdCM7c=\/992x661\/filters:format(webp):quality(85)\/cloudfront-us-east-1.images.arcpublishing.com\/infobae\/LPUEHN7RQRB63AOA7ELDEWDM44.JPG 992w,https:\/\/www.infobae.com\/new-resizer\/IusWOoji4vv4eSpVoPYcJIRg8uM=\/1200x800\/filters:format(webp):quality(85)\/cloudfront-us-east-1.images.arcpublishing.com\/infobae\/LPUEHN7RQRB63AOA7ELDEWDM44.JPG 1200w,https:\/\/www.infobae.com\/new-resizer\/PFvC3CkUPd2E9KYhHxJRnCq7lno=\/1440x960\/filters:format(webp):quality(85)\/cloudfront-us-east-1.images.arcpublishing.com\/infobae\/LPUEHN7RQRB63AOA7ELDEWDM44.JPG 1440w\" alt=\"La Mesa de Enlace estuvo en Entre R\u00edos\" width=\"1616\" height=\"1080\" \/>La Mesa de Enlace estuvo en Entre R\u00edos<\/div>\n<div><\/div>\n<p class=\"paragraph\"><b>Los discursos de los dirigentes estuvieron centrados en enviar un mensaje a la administraci\u00f3n nacional, pero tambi\u00e9n a la oposici\u00f3n<\/b>. Fue al momento de reflejar la crisis por la que atraviesa el pa\u00eds, y c\u00f3mo se saldr\u00e1 de la misma para dejar atr\u00e1s los actuales niveles de pobreza e indigencia. Al respecto, una vez m\u00e1s el campo sostuvo que \u201ces parte de la soluci\u00f3n de la Argentina\u201d. En ese sentido, el presidente de la Sociedad Rural Argentina,\u00a0<b>Nicol\u00e1s Pino<\/b>, se\u00f1al\u00f3 durante la asamblea en Entre R\u00edos:\u00a0<b>\u201cVenimos a demandar porque tenemos para ofrecer\u201d.\u00a0<\/b>Adem\u00e1s, el Vicepresidente de Coninagro,\u00a0<b>Elbio Laucirica,\u00a0<\/b>agreg\u00f3:<b>\u00a0\u201cEl sector es la soluci\u00f3n pero no tenemos todas las herramientas. Esas herramientas las tienen nuestros gobernantes y pol\u00edticos\u201d.<\/b><\/p>\n<p class=\"paragraph\">Uno de los momentos de mayor cr\u00edtica al Gobierno fue cuando el titular de Confederaciones Rurales Argentinas,\u00a0<b>Jorge Chemes<\/b>, enumer\u00f3 las demandas del sector agropecuario. El dirigente dijo que \u201cno estamos ac\u00e1 par hacernos ricos, o porque queremos rentas extraordinarias.\u00a0<b>Estamos pidiendo un acto de justicia que significa que el Gobierno vea al campo como lo debe ver: como una fuente de desarrollo y crecimiento y no solamente como una fuente de recursos fiscales que cuando quiere plata le echa mano al campo. Estamos ac\u00e1 para demandar en este acto de justicia y hacerles conocer que estamos podridos de pagar impuestos y que se afanen la guita\u201d.<\/b><\/p>\n<div class=\"visual__image\"><img loading=\"lazy\" decoding=\"async\" class=\"\" src=\"https:\/\/cloudfront-us-east-1.images.arcpublishing.com\/infobae\/SLJYHAQOCZEKDCZBLWNAT2EKZQ.JPG\" sizes=\"auto, (min-width: 800px) 50vw, 90vw\" srcset=\"https:\/\/www.infobae.com\/new-resizer\/T81NUUzP43guPD7wAPyoaM_0tMY=\/420x280\/filters:format(webp):quality(85)\/cloudfront-us-east-1.images.arcpublishing.com\/infobae\/SLJYHAQOCZEKDCZBLWNAT2EKZQ.JPG 420w,https:\/\/www.infobae.com\/new-resizer\/sgbK_uDqSbcsi2oUScWIXsrN6zk=\/768x512\/filters:format(webp):quality(85)\/cloudfront-us-east-1.images.arcpublishing.com\/infobae\/SLJYHAQOCZEKDCZBLWNAT2EKZQ.JPG 768w,https:\/\/www.infobae.com\/new-resizer\/YlgJ15eo4w-m0Pg7-oP2vpDmWcQ=\/992x661\/filters:format(webp):quality(85)\/cloudfront-us-east-1.images.arcpublishing.com\/infobae\/SLJYHAQOCZEKDCZBLWNAT2EKZQ.JPG 992w,https:\/\/www.infobae.com\/new-resizer\/bSSBs0dgVsvQuNq_bu91Q7bJutM=\/1200x800\/filters:format(webp):quality(85)\/cloudfront-us-east-1.images.arcpublishing.com\/infobae\/SLJYHAQOCZEKDCZBLWNAT2EKZQ.JPG 1200w,https:\/\/www.infobae.com\/new-resizer\/YKbqIHE6VbWAMDHnHb0c-vAbDGg=\/1440x960\/filters:format(webp):quality(85)\/cloudfront-us-east-1.images.arcpublishing.com\/infobae\/SLJYHAQOCZEKDCZBLWNAT2EKZQ.JPG 1440w\" alt=\"Nicol\u00e1s Pino, presidente de la Sociedad Rural\" width=\"1616\" height=\"1080\" \/>Nicol\u00e1s Pino, presidente de la Sociedad Rural<\/div>\n<div><\/div>\n<p class=\"paragraph\"><b>El dirigente confederado pidi\u00f3 un cambio de rumbo en las pol\u00edticas para que las mismas generen previsibilidad y confianza, y de esa manera fortalecer la inversi\u00f3n y que derive en un aumento de la producci\u00f3n.<\/b>\u00a0\u201cSi no hay confianza no vamos ir a ning\u00fan lado. Son importantes las se\u00f1ales claras. Estamos cansados de transmitir esto a los funcionarios para ver si lo entienden. Estamos ac\u00e1 para que nos reconozcan que somos productores de alimentos y que somos los que producimos el 66% de los ingresos que tiene el pa\u00eds, y tambi\u00e9n para demandar de que se dejen de joder con las cuestiones ideol\u00f3gicas\u201d.<\/p>\n<p class=\"paragraph\">Adem\u00e1s, la dirigencia envi\u00f3 un mensaje a los sectores de la oposici\u00f3n, mientras en la primera fila de la Asamblea estaban presentes integrantes de Juntos por el Cambio, como\u00a0<a href=\"https:\/\/www.infobae.com\/economia\/2022\/07\/13\/quienes-son-los-politicos-que-participaron-de-la-marcha-del-campo-en-gualeguaychu\/\" target=\"_blank\" rel=\"noopener\"><b>Diego Santilli<\/b>,\u00a0<b>Carolina Losada<\/b>,\u00a0<b>Rogelio Frigerio<\/b>\u00a0y\u00a0<b>Alfredo de Angeli<\/b><\/a>.\u00a0<b>\u201cLa oposici\u00f3n deber\u00e1 hacerse cargo y dar la cara, pero tambi\u00e9n juntarse y terminar con las peleas internas\u201d, dijo Jos\u00e9 Colombatto, presidente de la Federaci\u00f3n de Asociaciones Rurales de Entre R\u00edos (FARER).<\/b><\/p>\n<p class=\"paragraph\"><b>Juan Diego Etchevehere<\/b>, Director de la Sociedad Rural Argentina, pidi\u00f3 que \u201ctodo el arco pol\u00edtico se exprese a favor del campo, y que hablen con firmeza y sin especular\u201d.<\/p>\n<div class=\"visual__image\">Jorge Chemes, de CRA<\/div>\n<p class=\"paragraph\"><b>La opini\u00f3n de los productores<\/b><\/p>\n<p class=\"paragraph\">Entre los asistentes a la asamblea de Gualeguaych\u00fa,\u00a0<b>H\u00e9ctor Toller<\/b>, productor citr\u00edcola de la zona coment\u00f3 que particip\u00f3 de la misma preocupado por el presente del pa\u00eds y tambi\u00e9n de su actividad, afectada por cuestiones clim\u00e1ticas y en un contexto de aumentos de costos y bajos precios que perciben por la producci\u00f3n. En tanto,\u00a0<b>H\u00e9ctor Raniero<\/b>, del distrito de Chajari, asegur\u00f3: \u201cLa Argentina va en un rumbo equivocado y lo peor que nos est\u00e1 pasando es que nos est\u00e1n quitando la libertad\u201d.<\/p>\n<div class=\"visual__image\">Gualeguaych\u00fa fue uno de los epicentros de la protesta del campo<\/div>\n<div><\/div>\n<p class=\"paragraph\">Por otro lado, desde la ciudad entrerriana de Gualeguay estuvo presente el productor,\u00a0<b>Juan Ortega<\/b>, quien en di\u00e1logo con este medio afirm\u00f3 que \u201csentimos mucha impotencia. Ya pasaron 14 a\u00f1os del 2008 y observamos que la cuesti\u00f3n con el sector sigue igual o peor. No queremos ser enemigos del Gobierno, necesitamos producir tranquilos y que nos saquen todas aquellas medidas que nos impiden avanzar\u201d.<\/p>\n<p class=\"paragraph\">Por \u00faltimo,<b>\u00a0\u201cTato\u201d Borro<\/b>, reclam\u00e1ndole a la administraci\u00f3n nacional que \u201cnos deje trabajar y bajen la carga tributaria, porque nos est\u00e1n asfixiando con impuestos. En caso de que los cereales vuelvan a su nivel normal de precio, pasamos a tener rentabilidad negativa. Y en nuestra zona con rendimientos marginales no podemos seguir trabajando\u201d.<\/p>\n<p class=\"paragraph\"><i><b>NOTA PUBLICADA EN INFOBAE.COM\u00a0 Fotos: Franco Fafasuli<\/b><\/i><\/p>\n<p class=\"paragraph\">\n<\/div>\n<\/article>\n","protected":false},"excerpt":{"rendered":"<p>EL RECLAMO DEL CAMPO. Entre las entidades representadas estuvo la Sociedad Rural de Exaltacion de la Cruz, Campana y Z\u00e1rate<\/p>\n","protected":false},"author":3,"featured_media":0,"comment_status":"open","ping_status":"open","sticky":false,"template":"","format":"standard","meta":{"footnotes":"","jetpack_publicize_message":"","jetpack_publicize_feature_enabled":true,"jetpack_social_post_already_shared":false,"jetpack_social_options":{"image_generator_settings":{"template":"highway","default_image_id":0,"font":"","enabled":false},"version":2}},"categories":[17],"tags":[1935],"class_list":["post-16757","post","type-post","status-publish","format-standard","hentry","category-politica","tag-paro-del-campo"],"jetpack_publicize_connections":[],"jetpack_featured_media_url":"","jetpack_likes_enabled":true,"_links":{"self":[{"href":"https:\/\/revistaepocadigital.com.ar\/index.php?rest_route=\/wp\/v2\/posts\/16757","targetHints":{"allow":["GET"]}}],"collection":[{"href":"https:\/\/revistaepocadigital.com.ar\/index.php?rest_route=\/wp\/v2\/posts"}],"about":[{"href":"https:\/\/revistaepocadigital.com.ar\/index.php?rest_route=\/wp\/v2\/types\/post"}],"author":[{"embeddable":true,"href":"https:\/\/revistaepocadigital.com.ar\/index.php?rest_route=\/wp\/v2\/users\/3"}],"replies":[{"embeddable":true,"href":"https:\/\/revistaepocadigital.com.ar\/index.php?rest_route=%2Fwp%2Fv2%2Fcomments&post=16757"}],"version-history":[{"count":0,"href":"https:\/\/revistaepocadigital.com.ar\/index.php?rest_route=\/wp\/v2\/posts\/16757\/revisions"}],"wp:attachment":[{"href":"https:\/\/revistaepocadigital.com.ar\/index.php?rest_route=%2Fwp%2Fv2%2Fmedia&parent=16757"}],"wp:term":[{"taxonomy":"category","embeddable":true,"href":"https:\/\/revistaepocadigital.com.ar\/index.php?rest_route=%2Fwp%2Fv2%2Fcategories&post=16757"},{"taxonomy":"post_tag","embeddable":true,"href":"https:\/\/revistaepocadigital.com.ar\/index.php?rest_route=%2Fwp%2Fv2%2Ftags&post=16757"}],"curies":[{"name":"wp","href":"https:\/\/api.w.org\/{rel}","templated":true}]}}