{"id":16761,"date":"2022-07-14T00:56:50","date_gmt":"2022-07-14T03:56:50","guid":{"rendered":"https:\/\/revistaepocadigital.com.ar\/?p=16761"},"modified":"2022-07-14T00:56:50","modified_gmt":"2022-07-14T03:56:50","slug":"los-motores-se-lllamaron-a-silencio-por-oscar-fuxan","status":"publish","type":"post","link":"https:\/\/revistaepocadigital.com.ar\/?p=16761","title":{"rendered":"Los motores se lllamaron a silencio por Oscar Fuxan"},"content":{"rendered":"<p><strong>F<del>IERRERO DE ALMA, CAMPE\u00d3N, CONSEJERO.<\/del><\/strong><!--more--><\/p>\n<p>A los 65 a\u00f1os muri\u00f3 <strong>Oscar Fuxan.<\/strong> El capillense quien supo destacarse en el automovilismo zonal, m\u00e1s precisamente en TC Regional donde se coron\u00f3 campe\u00f3n en 1985. Avezado, analista, pensante, el Flaco Fuxan hizo del automovilismo y de pensar en autos de carrera, su gran e inclaudicable pasi\u00f3n.<\/p>\n<p>Creador con su gran amigo y socio, Gustavo Izaguirre (fallecido en un accidente automovistico en 1997), de la c\u00e9lebre &#8220;Chupaleta&#8221;. El auto m\u00e1s ganador en casi 40 a\u00f1os de historia del TC Regional. Un coche que a\u00fan, propiedad del conocido preparador de Z\u00e1rate, Juanjo T\u00e1rtara, y con actualizaciones y avances sigue dando que hablar en la categor\u00eda, incluso que comdujera Valerio Diamante para obtener uno de sus campeonatos.<\/p>\n<p>El Flaco, un verdadero artesano, de andar pausado y tono de voz medido, fue querido y respetado. La muestra del pesar causado por su fallecimiento, se vio durante su velatorio, al que para acompa\u00f1ar a su familia, se acercaron pilotos, ex pilotos, dirigerentes, preparadores, adem\u00e1s de amigos y vecinos quienes patentizaron la val\u00eda humana de Fuxan.<\/p>\n<p>&nbsp;<\/p>\n<p><img loading=\"lazy\" decoding=\"async\" class=\"aligncenter size-full wp-image-16762\" src=\"https:\/\/revistaepocadigital.com.ar\/wp-content\/uploads\/2022\/07\/fux00.png\" alt=\"\" width=\"410\" height=\"663\" srcset=\"https:\/\/revistaepocadigital.com.ar\/wp-content\/uploads\/2022\/07\/fux00.png 410w, https:\/\/revistaepocadigital.com.ar\/wp-content\/uploads\/2022\/07\/fux00-186x300.png 186w, https:\/\/revistaepocadigital.com.ar\/wp-content\/uploads\/2022\/07\/fux00-260x420.png 260w\" sizes=\"auto, (max-width: 410px) 100vw, 410px\" \/><\/p>\n<p><img loading=\"lazy\" decoding=\"async\" class=\"aligncenter size-full wp-image-16763\" src=\"https:\/\/revistaepocadigital.com.ar\/wp-content\/uploads\/2022\/07\/fux.png\" alt=\"\" width=\"354\" height=\"370\" srcset=\"https:\/\/revistaepocadigital.com.ar\/wp-content\/uploads\/2022\/07\/fux.png 354w, https:\/\/revistaepocadigital.com.ar\/wp-content\/uploads\/2022\/07\/fux-287x300.png 287w\" sizes=\"auto, (max-width: 354px) 100vw, 354px\" \/><\/p>\n<p>El TC Regional corr\u00eda este fin de semana, seguramente el esp\u00edritu andar\u00e1 sobrevolando el Aut\u00f3dromo Mouras de La Plata<\/p>\n<p><strong>Por Oscar, por el respeto y aprecia cosechado, los motores se llamaron a silencio<\/strong>.<\/p>\n","protected":false},"excerpt":{"rendered":"<p>FIERRERO DE ALMA, CAMPE\u00d3N, CONSEJERO.<\/p>\n","protected":false},"author":4,"featured_media":16762,"comment_status":"open","ping_status":"open","sticky":false,"template":"","format":"standard","meta":{"footnotes":"","jetpack_publicize_message":"","jetpack_publicize_feature_enabled":true,"jetpack_social_post_already_shared":false,"jetpack_social_options":{"image_generator_settings":{"template":"highway","default_image_id":0,"font":"","enabled":false},"version":2}},"categories":[1081,9],"tags":[405,1934],"class_list":["post-16761","post","type-post","status-publish","format-standard","has-post-thumbnail","hentry","category-autos-en-epoca","category-deportes","tag-fallecimiento","tag-fuxan-oscar"],"jetpack_publicize_connections":[],"jetpack_featured_media_url":"https:\/\/revistaepocadigital.com.ar\/wp-content\/uploads\/2022\/07\/fux00.png","jetpack_likes_enabled":true,"_links":{"self":[{"href":"https:\/\/revistaepocadigital.com.ar\/index.php?rest_route=\/wp\/v2\/posts\/16761","targetHints":{"allow":["GET"]}}],"collection":[{"href":"https:\/\/revistaepocadigital.com.ar\/index.php?rest_route=\/wp\/v2\/posts"}],"about":[{"href":"https:\/\/revistaepocadigital.com.ar\/index.php?rest_route=\/wp\/v2\/types\/post"}],"author":[{"embeddable":true,"href":"https:\/\/revistaepocadigital.com.ar\/index.php?rest_route=\/wp\/v2\/users\/4"}],"replies":[{"embeddable":true,"href":"https:\/\/revistaepocadigital.com.ar\/index.php?rest_route=%2Fwp%2Fv2%2Fcomments&post=16761"}],"version-history":[{"count":0,"href":"https:\/\/revistaepocadigital.com.ar\/index.php?rest_route=\/wp\/v2\/posts\/16761\/revisions"}],"wp:featuredmedia":[{"embeddable":true,"href":"https:\/\/revistaepocadigital.com.ar\/index.php?rest_route=\/wp\/v2\/media\/16762"}],"wp:attachment":[{"href":"https:\/\/revistaepocadigital.com.ar\/index.php?rest_route=%2Fwp%2Fv2%2Fmedia&parent=16761"}],"wp:term":[{"taxonomy":"category","embeddable":true,"href":"https:\/\/revistaepocadigital.com.ar\/index.php?rest_route=%2Fwp%2Fv2%2Fcategories&post=16761"},{"taxonomy":"post_tag","embeddable":true,"href":"https:\/\/revistaepocadigital.com.ar\/index.php?rest_route=%2Fwp%2Fv2%2Ftags&post=16761"}],"curies":[{"name":"wp","href":"https:\/\/api.w.org\/{rel}","templated":true}]}}