{"id":16782,"date":"2022-07-14T11:06:51","date_gmt":"2022-07-14T14:06:51","guid":{"rendered":"https:\/\/revistaepocadigital.com.ar\/?p=16782"},"modified":"2022-07-14T11:06:51","modified_gmt":"2022-07-14T14:06:51","slug":"campana-visual-en-cardales","status":"publish","type":"post","link":"https:\/\/revistaepocadigital.com.ar\/?p=16782","title":{"rendered":"&#8220;Campa\u00f1a Visual&#8221; en Cardales"},"content":{"rendered":"<div dir=\"ltr\"><strong>En la Iglesia Bautista *Jes\u00fas la bendici\u00f3n de Dios*.<\/strong><\/div>\n<p><!--more--><\/p>\n<div dir=\"ltr\"><\/div>\n<div dir=\"ltr\">Ubicada eb Av. San Mart\u00edn 399 Los Cardales. (al lado Panader\u00eda Sol de Patagonia)<\/div>\n<div dir=\"ltr\">Este s\u00e1bado 16 de Julio a partir de las 10 horas.<\/div>\n<div dir=\"ltr\"><\/div>\n<div dir=\"ltr\">Atender\u00e1n oftalm\u00f3logos para ni\u00f1os y adultos.<\/div>\n<div dir=\"ltr\">*<\/div>\n<div dir=\"ltr\">MARCO + CRISTAL a partir de 2000 pesos (seg\u00fan graduaci\u00f3n del lente)<\/div>\n<div dir=\"ltr\"><\/div>\n<div dir=\"ltr\">Solicitar turnos al tel\u00e9fono 11-31837582 (tambi\u00e9n por Whatsaap)<\/div>\n<div dir=\"ltr\"><\/div>\n<div dir=\"ltr\">No se atiende sin turno.<\/div>\n<div dir=\"ltr\"><\/div>\n","protected":false},"excerpt":{"rendered":"<p>En la Iglesia Bautista *Jes\u00fas la bendici\u00f3n de Dios*.<\/p>\n","protected":false},"author":3,"featured_media":16783,"comment_status":"open","ping_status":"open","sticky":false,"template":"","format":"standard","meta":{"footnotes":"","jetpack_publicize_message":"","jetpack_publicize_feature_enabled":true,"jetpack_social_post_already_shared":false,"jetpack_social_options":{"image_generator_settings":{"template":"highway","default_image_id":0,"font":"","enabled":false},"version":2}},"categories":[4],"tags":[423,1936],"class_list":["post-16782","post","type-post","status-publish","format-standard","has-post-thumbnail","hentry","category-aqui-los-cardales","tag-cardales","tag-clinica-visual"],"jetpack_publicize_connections":[],"jetpack_featured_media_url":"https:\/\/revistaepocadigital.com.ar\/wp-content\/uploads\/2022\/07\/ant.jpeg","jetpack_likes_enabled":true,"_links":{"self":[{"href":"https:\/\/revistaepocadigital.com.ar\/index.php?rest_route=\/wp\/v2\/posts\/16782","targetHints":{"allow":["GET"]}}],"collection":[{"href":"https:\/\/revistaepocadigital.com.ar\/index.php?rest_route=\/wp\/v2\/posts"}],"about":[{"href":"https:\/\/revistaepocadigital.com.ar\/index.php?rest_route=\/wp\/v2\/types\/post"}],"author":[{"embeddable":true,"href":"https:\/\/revistaepocadigital.com.ar\/index.php?rest_route=\/wp\/v2\/users\/3"}],"replies":[{"embeddable":true,"href":"https:\/\/revistaepocadigital.com.ar\/index.php?rest_route=%2Fwp%2Fv2%2Fcomments&post=16782"}],"version-history":[{"count":0,"href":"https:\/\/revistaepocadigital.com.ar\/index.php?rest_route=\/wp\/v2\/posts\/16782\/revisions"}],"wp:featuredmedia":[{"embeddable":true,"href":"https:\/\/revistaepocadigital.com.ar\/index.php?rest_route=\/wp\/v2\/media\/16783"}],"wp:attachment":[{"href":"https:\/\/revistaepocadigital.com.ar\/index.php?rest_route=%2Fwp%2Fv2%2Fmedia&parent=16782"}],"wp:term":[{"taxonomy":"category","embeddable":true,"href":"https:\/\/revistaepocadigital.com.ar\/index.php?rest_route=%2Fwp%2Fv2%2Fcategories&post=16782"},{"taxonomy":"post_tag","embeddable":true,"href":"https:\/\/revistaepocadigital.com.ar\/index.php?rest_route=%2Fwp%2Fv2%2Ftags&post=16782"}],"curies":[{"name":"wp","href":"https:\/\/api.w.org\/{rel}","templated":true}]}}