{"id":16786,"date":"2022-07-14T11:33:59","date_gmt":"2022-07-14T14:33:59","guid":{"rendered":"https:\/\/revistaepocadigital.com.ar\/?p=16786"},"modified":"2022-07-14T11:33:59","modified_gmt":"2022-07-14T14:33:59","slug":"a-las-patadas-y-a-los-insultos-no-nos-van-a-llevar-por-delante-nunca-deberian-saberlo-el-concejal-sancho-descargo-duras-criticas","status":"publish","type":"post","link":"https:\/\/revistaepocadigital.com.ar\/?p=16786","title":{"rendered":"&#8220;A las patadas y a los insultos no nos van a llevar por delante nunca, deber\u00edan saberlo&#8221;. El concejal Sancho descarg\u00f3 duras cr\u00edticas"},"content":{"rendered":"<div>\n<div class=\"\" dir=\"auto\">\n<div id=\"jsc_c_11\" class=\"ecm0bbzt hv4rvrfc dati1w0a e5nlhep0\" data-ad-comet-preview=\"message\" data-ad-preview=\"message\">\n<div class=\"j83agx80 cbu4d94t ew0dbk1b irj2b8pg\">\n<div class=\"qzhwtbm6 knvmm38d\">\n<div class=\"kvgmc6g5 cxmmr5t8 oygrvhab hcukyx3x c1et5uql ii04i59q\">\n<div dir=\"auto\"><strong>LA ULTIMA SESI\u00d3N DEL CONCEJO DELIBERANTE, REITER\u00d3 MOMENTOS POL\u00c9MICOS Y CON FUERTES CRUCES.<!--more--><\/strong><\/div>\n<div dir=\"auto\"><\/div>\n<div dir=\"auto\">El concejal Ra\u00fal Sancho (Juntos), volvi\u00f3 a utilizar la red social Facebook para descargar fuertes cr\u00edticas hacia el oficialismo, en el marco de una pulseada pol\u00edtica a esta altura sin medias tintas ni posibilidades de alcanzar consensos.<\/div>\n<div dir=\"auto\"><\/div>\n<div dir=\"auto\"><\/div>\n<div dir=\"auto\"><img loading=\"lazy\" decoding=\"async\" class=\"alignleft size-full wp-image-16789\" src=\"https:\/\/revistaepocadigital.com.ar\/wp-content\/uploads\/2022\/07\/SANCHO-LUGARE.jpg\" alt=\"\" width=\"195\" height=\"327\" srcset=\"https:\/\/revistaepocadigital.com.ar\/wp-content\/uploads\/2022\/07\/SANCHO-LUGARE.jpg 195w, https:\/\/revistaepocadigital.com.ar\/wp-content\/uploads\/2022\/07\/SANCHO-LUGARE-179x300.jpg 179w\" sizes=\"auto, (max-width: 195px) 100vw, 195px\" \/><\/div>\n<div dir=\"auto\">Las manifestaciones de Sancho:<em> &#8220;La de anoche en el Concejo Deliberante pone en evidencia la incapacidad de construir consensos, que han tenido siempre desde el oficialismo en Exaltaci\u00f3n. Tanto hacia la oposici\u00f3n, como dentro de su propio frente. Siempre asumi\u00e9ndose due\u00f1os del pueblo y solo aceptando c\u00f3mo posible que se acaten sus designios sin discusi\u00f3n ni di\u00e1logo.<\/em><\/div>\n<div dir=\"auto\"><\/div>\n<\/div>\n<div class=\"cxmmr5t8 oygrvhab hcukyx3x c1et5uql o9v6fnle ii04i59q\">\n<div dir=\"auto\"><em>El intendente env\u00eda al HCD dos convenios por obras por 252 millones de pesos uno y 72 millones el otro. Nos piden aprobarlo sobre tablas, sin tratamiento ni debate. Sin poder preguntar c\u00f3mo se van a desarrollar las obras,y sin poder sugerir alguna modificaci\u00f3n.<\/em><\/div>\n<div dir=\"auto\"><\/div>\n<\/div>\n<div class=\"cxmmr5t8 oygrvhab hcukyx3x c1et5uql o9v6fnle ii04i59q\">\n<div dir=\"auto\"><em>El mismo oficialismo que nos rechaz\u00f3 aprobar sobre tablas arreglar una rejilla rota en la vereda del hospital (que hizo caer a varias personas), porque \u201cno se trata nada sobre tablas\u201d nos quiere llevar a aprobar a ciegas convenios millonarios.<\/em><\/div>\n<div dir=\"auto\"><\/div>\n<\/div>\n<div class=\"cxmmr5t8 oygrvhab hcukyx3x c1et5uql o9v6fnle ii04i59q\">\n<div dir=\"auto\"><em>Aclaro que SIEMPRE hemos apoyado cualquier convenio que implique obras para Exaltacion y as\u00ed lo seguiremos haciendo, pero hacer nuestro trabajo con responsabilidad implica leer lo que votamos, preguntar y proponer.<\/em><\/div>\n<div dir=\"auto\"><\/div>\n<\/div>\n<div class=\"cxmmr5t8 oygrvhab hcukyx3x c1et5uql o9v6fnle ii04i59q\">\n<div dir=\"auto\"><em>Sobretodo frente a un gobierno que se niega sistem\u00e1ticamente a dar informaci\u00f3n sobre el avance de esas mismas obras que apoyamos para que se hagan, cuando se atrasan visiblemente. As\u00ed pas\u00f3 con la obra de Sakura de agua, que lleva 7 meses de demora y nadie explica c\u00f3mo piensan terminarla (pedido que nos rechazaron), o la obra de la Av. Belgrano (Cardales) que tambi\u00e9n est\u00e1 demorada, y que un pedido de informes aprobado por el HCD hace un mes espera respuesta del Ejecutivo.<\/em><\/div>\n<div dir=\"auto\"><\/div>\n<\/div>\n<div class=\"cxmmr5t8 oygrvhab hcukyx3x c1et5uql o9v6fnle ii04i59q\">\n<div dir=\"auto\"><em>Dicen buscar di\u00e1logo pero es selectivo. Nos quieren imponer con quien hablar y con quien no. Nos pide el propio intendente que no hablemos con el presidente del HCD, pese a que es uno de los concejales del oficialismo que tiene mejor di\u00e1logo con todos. Internas propias del oficialismo que a nuestro espacio y a la comunidad poco le importan.<\/em><\/div>\n<div dir=\"auto\"><\/div>\n<\/div>\n<div class=\"cxmmr5t8 oygrvhab hcukyx3x c1et5uql o9v6fnle ii04i59q\">\n<div dir=\"auto\"><em>Ante el pedido de que el tema se trate al menos UN D\u00cdA en comisi\u00f3n la respuesta del oficialismo la da el impresentable de Mart\u00edn Real Salas, insultando desde la banca, dando un espect\u00e1culo realmente deplorable, que es lo \u00fanico que ha hecho en tantos a\u00f1os calentando una banca en el concejo.<\/em><\/div>\n<div dir=\"auto\"><\/div>\n<\/div>\n<div class=\"cxmmr5t8 oygrvhab hcukyx3x c1et5uql o9v6fnle ii04i59q\">\n<div dir=\"auto\"><em>DI\u00c1LOGO es escuchar al otro, es intercambiar opiniones, es estar abierto a propuestas, a sugerencias. Siempre hemos colaborado absolutamente en todo cuanto creemos que es mejor para nuestro pueblo, y parte de eso es tambi\u00e9n controlar que una gesti\u00f3n m\u00e1s oscura que clara haga las cosas bien.<\/em><\/div>\n<div dir=\"auto\"><\/div>\n<\/div>\n<div class=\"cxmmr5t8 oygrvhab hcukyx3x c1et5uql o9v6fnle ii04i59q\">\n<div dir=\"auto\"><em>A las patadas y a los insultos no nos van a llevar por delante nunca, ya a esta altura deber\u00edan saberlo. Quienes est\u00e1n a cargo de los gobiernos nacional, provincial y municipal tienen que salir del termo en que viven, y ver la realidad de lo que est\u00e1 pasando en la calle. La sociedad demanda soluciones, no berrinches pataletas y agresiones.<\/em><\/div>\n<\/div>\n<\/div>\n<\/div>\n<\/div>\n<\/div>\n<\/div>\n<p>&nbsp;<\/p>\n","protected":false},"excerpt":{"rendered":"<p>LA ULTIMA SESI\u00d3N DEL CONCEJO DELIBERANTE, REITER\u00d3 MOMENTOS POL\u00c9MICOS Y CON FUERTES CRUCES.<\/p>\n","protected":false},"author":3,"featured_media":16791,"comment_status":"open","ping_status":"open","sticky":false,"template":"","format":"standard","meta":{"footnotes":"","jetpack_publicize_message":"","jetpack_publicize_feature_enabled":true,"jetpack_social_post_already_shared":false,"jetpack_social_options":{"image_generator_settings":{"template":"highway","default_image_id":0,"font":"","enabled":false},"version":2}},"categories":[17],"tags":[93,1937,256],"class_list":["post-16786","post","type-post","status-publish","format-standard","has-post-thumbnail","hentry","category-politica","tag-concejo-deliberante","tag-polemicca","tag-sancho"],"jetpack_publicize_connections":[],"jetpack_featured_media_url":"https:\/\/revistaepocadigital.com.ar\/wp-content\/uploads\/2022\/07\/IMG_6004-1.jpg","jetpack_likes_enabled":true,"_links":{"self":[{"href":"https:\/\/revistaepocadigital.com.ar\/index.php?rest_route=\/wp\/v2\/posts\/16786","targetHints":{"allow":["GET"]}}],"collection":[{"href":"https:\/\/revistaepocadigital.com.ar\/index.php?rest_route=\/wp\/v2\/posts"}],"about":[{"href":"https:\/\/revistaepocadigital.com.ar\/index.php?rest_route=\/wp\/v2\/types\/post"}],"author":[{"embeddable":true,"href":"https:\/\/revistaepocadigital.com.ar\/index.php?rest_route=\/wp\/v2\/users\/3"}],"replies":[{"embeddable":true,"href":"https:\/\/revistaepocadigital.com.ar\/index.php?rest_route=%2Fwp%2Fv2%2Fcomments&post=16786"}],"version-history":[{"count":0,"href":"https:\/\/revistaepocadigital.com.ar\/index.php?rest_route=\/wp\/v2\/posts\/16786\/revisions"}],"wp:featuredmedia":[{"embeddable":true,"href":"https:\/\/revistaepocadigital.com.ar\/index.php?rest_route=\/wp\/v2\/media\/16791"}],"wp:attachment":[{"href":"https:\/\/revistaepocadigital.com.ar\/index.php?rest_route=%2Fwp%2Fv2%2Fmedia&parent=16786"}],"wp:term":[{"taxonomy":"category","embeddable":true,"href":"https:\/\/revistaepocadigital.com.ar\/index.php?rest_route=%2Fwp%2Fv2%2Fcategories&post=16786"},{"taxonomy":"post_tag","embeddable":true,"href":"https:\/\/revistaepocadigital.com.ar\/index.php?rest_route=%2Fwp%2Fv2%2Ftags&post=16786"}],"curies":[{"name":"wp","href":"https:\/\/api.w.org\/{rel}","templated":true}]}}