{"id":16796,"date":"2022-07-14T23:53:40","date_gmt":"2022-07-15T02:53:40","guid":{"rendered":"https:\/\/revistaepocadigital.com.ar\/?p=16796"},"modified":"2022-07-14T23:53:40","modified_gmt":"2022-07-15T02:53:40","slug":"juan-bocca-el-abanderado","status":"publish","type":"post","link":"https:\/\/revistaepocadigital.com.ar\/?p=16796","title":{"rendered":"Juan Bocca, el abanderado"},"content":{"rendered":"<div class=\"kvgmc6g5 cxmmr5t8 oygrvhab hcukyx3x c1et5uql ii04i59q\">\n<div dir=\"auto\"><strong>EL CHICO DE VUELTA EN CASA.<!--more--><\/strong><\/div>\n<div dir=\"auto\"><\/div>\n<div dir=\"auto\">Luego del Mundial de Basquet U17 en M\u00e1laga, Espa\u00f1a, donde integr\u00f3 el seleccionado argentino que obtuvo el 11\u00ba puesto (EE.UU el campe\u00f3n),\u00a0 Juan Bocca pasa unos d\u00edas en Capilla del Se\u00f1or, antes de retomar la actividad (se encuentra jugando en Espa\u00f1a)<\/div>\n<div dir=\"auto\"><\/div>\n<div dir=\"auto\">La valiosa actuaci\u00f3n de la Argentina, m\u00e1s la experiencia acumulada, le resultaron muy positivos para el futuro basquetbol\u00edstico del pibe capillense. Bocca visit\u00f3 al intendente Diego Nanni, y recibi\u00f3 una bandera identificatoria de nuestro municipio para que viaje con el cuando retorne a suelo espa\u00f1ol<\/div>\n<\/div>\n<div dir=\"auto\"><\/div>\n<div dir=\"auto\">Desde del municipio felicitaron a Juan Bocca, as\u00ed como a &#8220;su familia, al Club Honor y Patria&#8221;, y resaltaron que el capillense es &#8220;otro gran ejemplo de que cuando uno se esfuerza, tiene un objetivo y el entorno acompa\u00f1a, se pueden obtener grandes resultados&#8221;.<\/div>\n<div class=\"cxmmr5t8 oygrvhab hcukyx3x c1et5uql o9v6fnle ii04i59q\">\n<div dir=\"auto\"><\/div>\n<\/div>\n","protected":false},"excerpt":{"rendered":"<p>EL CHICO DE VUELTA EN CASA.<\/p>\n","protected":false},"author":3,"featured_media":16798,"comment_status":"open","ping_status":"open","sticky":false,"template":"","format":"standard","meta":{"footnotes":"","jetpack_publicize_message":"","jetpack_publicize_feature_enabled":true,"jetpack_social_post_already_shared":false,"jetpack_social_options":{"image_generator_settings":{"template":"highway","default_image_id":0,"font":"","enabled":false},"version":2}},"categories":[13],"tags":[1938,66],"class_list":["post-16796","post","type-post","status-publish","format-standard","has-post-thumbnail","hentry","category-interes-general","tag-bocca-basquet","tag-nanni"],"jetpack_publicize_connections":[],"jetpack_featured_media_url":"https:\/\/revistaepocadigital.com.ar\/wp-content\/uploads\/2022\/07\/bocca-nanni-22.jpg","jetpack_likes_enabled":true,"_links":{"self":[{"href":"https:\/\/revistaepocadigital.com.ar\/index.php?rest_route=\/wp\/v2\/posts\/16796","targetHints":{"allow":["GET"]}}],"collection":[{"href":"https:\/\/revistaepocadigital.com.ar\/index.php?rest_route=\/wp\/v2\/posts"}],"about":[{"href":"https:\/\/revistaepocadigital.com.ar\/index.php?rest_route=\/wp\/v2\/types\/post"}],"author":[{"embeddable":true,"href":"https:\/\/revistaepocadigital.com.ar\/index.php?rest_route=\/wp\/v2\/users\/3"}],"replies":[{"embeddable":true,"href":"https:\/\/revistaepocadigital.com.ar\/index.php?rest_route=%2Fwp%2Fv2%2Fcomments&post=16796"}],"version-history":[{"count":0,"href":"https:\/\/revistaepocadigital.com.ar\/index.php?rest_route=\/wp\/v2\/posts\/16796\/revisions"}],"wp:featuredmedia":[{"embeddable":true,"href":"https:\/\/revistaepocadigital.com.ar\/index.php?rest_route=\/wp\/v2\/media\/16798"}],"wp:attachment":[{"href":"https:\/\/revistaepocadigital.com.ar\/index.php?rest_route=%2Fwp%2Fv2%2Fmedia&parent=16796"}],"wp:term":[{"taxonomy":"category","embeddable":true,"href":"https:\/\/revistaepocadigital.com.ar\/index.php?rest_route=%2Fwp%2Fv2%2Fcategories&post=16796"},{"taxonomy":"post_tag","embeddable":true,"href":"https:\/\/revistaepocadigital.com.ar\/index.php?rest_route=%2Fwp%2Fv2%2Ftags&post=16796"}],"curies":[{"name":"wp","href":"https:\/\/api.w.org\/{rel}","templated":true}]}}