{"id":16807,"date":"2022-07-16T01:39:59","date_gmt":"2022-07-16T04:39:59","guid":{"rendered":"https:\/\/revistaepocadigital.com.ar\/?p=16807"},"modified":"2022-07-16T01:39:59","modified_gmt":"2022-07-16T04:39:59","slug":"nanni-con-kicillof","status":"publish","type":"post","link":"https:\/\/revistaepocadigital.com.ar\/?p=16807","title":{"rendered":"NANNI CON KICILLOF"},"content":{"rendered":"<div>\n<div class=\"\" dir=\"auto\">\n<div id=\"jsc_c_1sl\" class=\"ecm0bbzt hv4rvrfc ihqw7lf3 dati1w0a\" data-ad-comet-preview=\"message\" data-ad-preview=\"message\">\n<div class=\"j83agx80 cbu4d94t ew0dbk1b irj2b8pg\">\n<div class=\"qzhwtbm6 knvmm38d\">\n<div class=\"kvgmc6g5 cxmmr5t8 oygrvhab hcukyx3x c1et5uql ii04i59q\">\n<div dir=\"auto\"><strong>EL INTENDENTE SE REUNI\u00d3 CON EL GOBERNADOR AXEL KICILLOF.<\/strong><\/div>\n<div dir=\"auto\"><\/div>\n<div dir=\"auto\">Despu\u00e9s Nanni dio detalles del encuentro en la red social Facebook.<\/div>\n<div dir=\"auto\"><\/div>\n<div dir=\"auto\">&#8220;<em>Hoy (15-7) nos reunimos con <a class=\"oajrlxb2 g5ia77u1 qu0x051f esr5mh6w e9989ue4 r7d6kgcz rq0escxv nhd2j8a9 nc684nl6 p7hjln8o kvgmc6g5 cxmmr5t8 oygrvhab hcukyx3x jb3vyjys rz4wbd8a qt6c0cv9 a8nywdso i1ao9s8h esuyzwwr f1sip0of lzcic4wl gpro0wi8 q66pz984 b1v8xokw\" tabindex=\"0\" role=\"link\" href=\"https:\/\/www.facebook.com\/kicillofok?__cft__[0]=AZVCMpmXY2F0p0C2QKm74iS7vlfmxwgVypD0xLajYmiR-skJe3h7QCqXF-MTiqesvdZxTVHQtxwjEsNp9Y8tvsuOge6NdKeuqAX02YhU25SMhvLpfodckTV8KosU2jSou7gspLro0D8L7FJXca-jkX3WQnv6E3boWGQGiw01jgvkTJXBHlPdS8zeefW_tnlQkC8&amp;__tn__=-]K-R\"><span class=\"nc684nl6\">Axel Kicillof<\/span><\/a>, gobernador de la Provincia de Buenos Aires, y mantuvimos un encuentro cara a cara en el que repasamos la gesti\u00f3n municipal, y la realidad de la Provincia y del Distrito.<\/em><\/div>\n<\/div>\n<div class=\"cxmmr5t8 oygrvhab hcukyx3x c1et5uql o9v6fnle ii04i59q\">\n<div dir=\"auto\"><em>Dialogamos sobre:<\/em><\/div>\n<\/div>\n<div class=\"cxmmr5t8 oygrvhab hcukyx3x c1et5uql o9v6fnle ii04i59q\">\n<div dir=\"auto\"><\/div>\n<div dir=\"auto\"><em>Obra Hidr\u00e1ulica Canal Aliviador terrapl\u00e9n del ferrocarril Mitre: una obra hist\u00f3rica en Capilla del Se\u00f1or, que evita las inundaciones que eran habituales en la terrenos linderos al arroyo.<\/em><\/div>\n<\/div>\n<div class=\"cxmmr5t8 oygrvhab hcukyx3x c1et5uql o9v6fnle ii04i59q\">\n<div dir=\"auto\"><\/div>\n<div dir=\"auto\"><em>\u00a0Complejo Ambiental: esta semana se renov\u00f3 el convenio para seguir utilizando la tecnolog\u00eda in\u00e9dita de Zewan, que permitir\u00e1 reducir en un futuro cercano el 100% de los residuos s\u00f3lidos urbanos.<\/em><\/div>\n<\/div>\n<div class=\"cxmmr5t8 oygrvhab hcukyx3x c1et5uql o9v6fnle ii04i59q\">\n<div dir=\"auto\"><\/div>\n<div dir=\"auto\"><em>Sistema de Salud: inversi\u00f3n en infraestructura, tecnolog\u00eda y recurso humano, para seguir ofreciendo atenci\u00f3n de calidad.<\/em><\/div>\n<\/div>\n<div class=\"cxmmr5t8 oygrvhab hcukyx3x c1et5uql o9v6fnle ii04i59q\">\n<div dir=\"auto\"><\/div>\n<div dir=\"auto\"><em>Viviendas y Lotes con Servicios: el proyecto en el barrio Esperanza contin\u00faa, con la intenci\u00f3n de seguir ampliando el acceso a la vivienda a m\u00e1s vecinos y vecinas de la comunidad.<\/em><\/div>\n<\/div>\n<div class=\"cxmmr5t8 oygrvhab hcukyx3x c1et5uql o9v6fnle ii04i59q\">\n<div dir=\"auto\"><\/div>\n<div dir=\"auto\"><em>Hospital Modular Cardales: en poco tiempo se inaugurar\u00e1 el Hospital Modular de Los Cardales, en lo que ser\u00e1 un hito para Exaltaci\u00f3n y la regi\u00f3n.<\/em><\/div>\n<\/div>\n<div class=\"cxmmr5t8 oygrvhab hcukyx3x c1et5uql o9v6fnle ii04i59q\">\n<div dir=\"auto\"><\/div>\n<div dir=\"auto\"><em>Redes conexas y mejoramiento de calles: pavimentaci\u00f3n y recuperado asf\u00e1ltico en el corredor de la 8, que se suma a la mejora de calles en barrios de todo el distrito.<\/em><\/div>\n<\/div>\n<div class=\"cxmmr5t8 oygrvhab hcukyx3x c1et5uql o9v6fnle ii04i59q\">\n<div dir=\"auto\"><\/div>\n<div dir=\"auto\"><em>Educaci\u00f3n: Obras con lo que ser\u00e1 el CDI y la escuela 4 de Parada Robles, la ampliaci\u00f3n en Etchegoyen, la construcci\u00f3n del Abrojito, inaugurada junto al Gobernador, y la inversi\u00f3n en Escuelas de todo el Distrito, como as\u00ed tambi\u00e9n la Casa de Estudios Universitarios.<\/em><\/div>\n<\/div>\n<div class=\"cxmmr5t8 oygrvhab hcukyx3x c1et5uql o9v6fnle ii04i59q\">\n<div dir=\"auto\"><\/div>\n<div dir=\"auto\"><em>Desarrollo industrial en el Distrito: la promoci\u00f3n y atracci\u00f3n de empresas a los distintos parques industriales de Exaltaci\u00f3n de la Cruz, siempre respetando el medioambiente y el paisaje del pueblo.<\/em><\/div>\n<\/div>\n<div class=\"cxmmr5t8 oygrvhab hcukyx3x c1et5uql o9v6fnle ii04i59q\">\n<div dir=\"auto\"><\/div>\n<div dir=\"auto\"><em>Caminos Rurales y Sala de Faena: luego de la consolidaci\u00f3n del camino Capilla-Cardales, contin\u00faan los trabajos en Capilla-Gaynor, y siguen las mejoras en Chenaut, Etchegoyen y Camino a las dos hermanas, entre otros. Adem\u00e1s, ya iniciaron los movimientos de suelo para construir la sala de faena en Diego Gaynor.<\/em><\/div>\n<div dir=\"auto\"><\/div>\n<\/div>\n<div class=\"cxmmr5t8 oygrvhab hcukyx3x c1et5uql o9v6fnle ii04i59q\">\n<div dir=\"auto\"><em>Tambi\u00e9n conversamos acerca de la nueva econom\u00eda que necesitan los bonaerenses, y los desaf\u00edos de la gesti\u00f3n para el pr\u00f3ximo a\u00f1o, luego de la salida definitiva de la pandemia.<\/em><\/div>\n<\/div>\n<div class=\"cxmmr5t8 oygrvhab hcukyx3x c1et5uql o9v6fnle ii04i59q\">\n<div dir=\"auto\"><em>Exaltaci\u00f3n de la Cruz se encuentra gestionando activamente, para encontrar soluciones a la vida diaria de nuestros vecinos, y permitir el desarrollo de las familias exaltacrucenses&#8221;.<\/em><\/div>\n<\/div>\n<\/div>\n<\/div>\n<\/div>\n<\/div>\n<div id=\"jsc_c_1sm\" class=\"l9j0dhe7\">\n<div class=\"l9j0dhe7\">\n<div class=\"bp9cbjyn cwj9ozl2 j83agx80 cbu4d94t ni8dbmo4 stjgntxs l9j0dhe7 k4urcfbm\">\n<div class=\"do00u71z ni8dbmo4 stjgntxs l9j0dhe7\">\n<div class=\"pmk7jnqg kr520xx4\"><\/div>\n<\/div>\n<\/div>\n<div class=\"linmgsc8 opwvks06 i09qtzwb n7fi1qx3 hzruof5a pmk7jnqg j9ispegn kr520xx4\"><\/div>\n<\/div>\n<\/div>\n<\/div>\n<div>\n<div class=\"stjgntxs ni8dbmo4 l82x9zwi uo3d90p7 h905i5nu monazrh9\" data-visualcompletion=\"ignore-dynamic\">\n<div>\n<div>\n<div>\n<div class=\"tvfksri0 ozuftl9m\">\n<div class=\"rq0escxv l9j0dhe7 du4w35lb j83agx80 pfnyh3mw i1fnvgqd gs1a9yip owycx6da btwxx1t3 ph5uu5jm b3onmgus e5nlhep0 ecm0bbzt nkwizq5d roh60bw9 mysgfdmx hddg9phg\">\n<div class=\"rq0escxv l9j0dhe7 du4w35lb j83agx80 cbu4d94t pfnyh3mw d2edcug0 hpfvmrgz n8tt0mok hyh9befq iuny7tx3 ipjc6fyt\">\n<div><\/div>\n<\/div>\n<\/div>\n<\/div>\n<\/div>\n<\/div>\n<\/div>\n<\/div>\n<\/div>\n","protected":false},"excerpt":{"rendered":"<p>EL INTENDENTE SE REUNI\u00d3 CON EL GOBERNADOR AXEL KICILLOF. Despu\u00e9s Nanni dio detalles del encuentro en la red social Facebook. &#8220;Hoy (15-7) nos reunimos con Axel Kicillof, gobernador de la Provincia de Buenos Aires, y mantuvimos un encuentro cara a cara en el que repasamos la gesti\u00f3n municipal, y la realidad de la Provincia y [&hellip;]<\/p>\n","protected":false},"author":3,"featured_media":16808,"comment_status":"open","ping_status":"open","sticky":false,"template":"","format":"standard","meta":{"footnotes":"","jetpack_publicize_message":"","jetpack_publicize_feature_enabled":true,"jetpack_social_post_already_shared":false,"jetpack_social_options":{"image_generator_settings":{"template":"highway","default_image_id":0,"font":"","enabled":false},"version":2}},"categories":[17],"tags":[478,66],"class_list":["post-16807","post","type-post","status-publish","format-standard","has-post-thumbnail","hentry","category-politica","tag-kicillof","tag-nanni"],"jetpack_publicize_connections":[],"jetpack_featured_media_url":"https:\/\/revistaepocadigital.com.ar\/wp-content\/uploads\/2022\/07\/292098594_455203106610339_8960643866356354020_n.jpg","jetpack_likes_enabled":true,"_links":{"self":[{"href":"https:\/\/revistaepocadigital.com.ar\/index.php?rest_route=\/wp\/v2\/posts\/16807","targetHints":{"allow":["GET"]}}],"collection":[{"href":"https:\/\/revistaepocadigital.com.ar\/index.php?rest_route=\/wp\/v2\/posts"}],"about":[{"href":"https:\/\/revistaepocadigital.com.ar\/index.php?rest_route=\/wp\/v2\/types\/post"}],"author":[{"embeddable":true,"href":"https:\/\/revistaepocadigital.com.ar\/index.php?rest_route=\/wp\/v2\/users\/3"}],"replies":[{"embeddable":true,"href":"https:\/\/revistaepocadigital.com.ar\/index.php?rest_route=%2Fwp%2Fv2%2Fcomments&post=16807"}],"version-history":[{"count":0,"href":"https:\/\/revistaepocadigital.com.ar\/index.php?rest_route=\/wp\/v2\/posts\/16807\/revisions"}],"wp:featuredmedia":[{"embeddable":true,"href":"https:\/\/revistaepocadigital.com.ar\/index.php?rest_route=\/wp\/v2\/media\/16808"}],"wp:attachment":[{"href":"https:\/\/revistaepocadigital.com.ar\/index.php?rest_route=%2Fwp%2Fv2%2Fmedia&parent=16807"}],"wp:term":[{"taxonomy":"category","embeddable":true,"href":"https:\/\/revistaepocadigital.com.ar\/index.php?rest_route=%2Fwp%2Fv2%2Fcategories&post=16807"},{"taxonomy":"post_tag","embeddable":true,"href":"https:\/\/revistaepocadigital.com.ar\/index.php?rest_route=%2Fwp%2Fv2%2Ftags&post=16807"}],"curies":[{"name":"wp","href":"https:\/\/api.w.org\/{rel}","templated":true}]}}