{"id":16810,"date":"2022-07-16T01:59:02","date_gmt":"2022-07-16T04:59:02","guid":{"rendered":"https:\/\/revistaepocadigital.com.ar\/?p=16810"},"modified":"2022-07-16T01:59:02","modified_gmt":"2022-07-16T04:59:02","slug":"la-cultura-del-trabajo-y-el-esfuerzo-hecha-anicos","status":"publish","type":"post","link":"https:\/\/revistaepocadigital.com.ar\/?p=16810","title":{"rendered":"La cultura del trabajo y el esfuerzo hecha a\u00f1icos"},"content":{"rendered":"<header class=\"article-header-wrapper\">\n<div class=\"article-header\">\n<h4><strong>&#8220;Nos quieren mandar a trabajar y eso no es justo\u201d: el reclamo de una beneficiaria de un plan social que se hizo viral.<\/strong><!--more--><\/h4>\n<h6 class=\"article-subheadline\">Una mujer asisti\u00f3 a la masiva marcha de ayer para pedir que el Estado entregue m\u00e1s subsidios, y se hizo tendencia en redes sociales por una inesperada queja durante una entrevista<\/h6>\n<div class=\"byline\">\n<div class=\"byline-text-wrapper\"><\/div>\n<\/div>\n<\/div>\n<\/header>\n<p>&#8220;Nos quieren mandar a la calle a trabajar&#8221;, la queja de una beneficiaria de un plan social<\/p>\n<article class=\"article\">\n<div class=\"nd-body-article\">\n<p class=\"paragraph\">En medio de\u00a0<a href=\"https:\/\/www.infobae.com\/fotos\/2022\/07\/14\/33-fotos-de-la-masiva-protesta-piquetera-en-plaza-de-mayo\/\" target=\"_blank\" rel=\"noopener\"><b>la jornada de protestas<\/b><\/a>\u00a0contra el Gobierno nacional que se desarroll\u00f3 ayer en el Centro porte\u00f1o, un video que se volvi\u00f3 viral expuso el drama de la pobreza y los l\u00edmites de los planes sociales como herramienta de asistencia que brinda el Estado a los sectores m\u00e1s vulnerables de la sociedad. Al ser consultada por una periodista sobre el prop\u00f3sito de su presencia en el lugar, una madre se quej\u00f3 por la reducci\u00f3n en la asignaci\u00f3n de planes sociales.\u00a0<b>\u201cNos quieren mandar a trabajar a la calle y no es justo, porque toda la vida vivimos trabajando de esto\u201d<\/b>, lament\u00f3 la joven.<\/p>\n<p class=\"paragraph\">La inesperada declaraci\u00f3n de la mujer, quien se encontraba cuidando a su peque\u00f1a hija mientras dorm\u00eda sobre el asfalto y un cart\u00f3n, ocurri\u00f3 cuando la periodista Sandra Borghi (<i>TN<\/i>) se acerc\u00f3 a su posici\u00f3n para consultarle por el motivo de su reclamo. Ella, sin dar vueltas, respondi\u00f3 de inmediato.\u00a0<mark class=\"hl_yellow\"><b>\u201cLa plata no alcanza para nada, los planes sociales los est\u00e1n cerrando. \u00bfQu\u00e9 quieren, que trabajemos de 8 de la ma\u00f1ana a 5 de la tarde por la misma plata que nos pagan? Nos quieren mandar a trabajar a la calle y no es justo, porque toda la vida vivimos trabajando de esto\u201d<\/b><\/mark>, contest\u00f3. Y acto seguido, la mujer complet\u00f3: \u201cSubsistimos haciendo ollas populares y roperitos. Siempre estamos tratando de solventar los gastos para que la gente pueda llevarse un plato de comida\u201d.<\/p>\n<div class=\"inline ad-wrapper\">\n<div class=\"dfpAd display_inline_block ad_margin_wrapper\">\n<div id=\"infobae\/sociedad\/nota\/inline\" class=\"infobae\/sociedad\/nota\/inline arcad\" data-google-query-id=\"COnv4ovO_PgCFQwJuQYdrUMLpQ\">\n<div id=\"google_ads_iframe_\/1058609\/infobae\/sociedad\/nota\/inline_0__container__\">Otra particular situaci\u00f3n ocurri\u00f3 cuando un piquetero fue entrevistado por una periodista del canal <i>Cr\u00f3nica TV<\/i>. Al ser consultado por el motivo de la protesta,\u00a0<a href=\"https:\/\/www.infobae.com\/sociedad\/2022\/07\/15\/me-pagan-2000-vengo-para-comer-y-joder-un-toque-otra-insolita-respuesta-de-un-piquetero-que-marcho-ayer-por-el-centro-porteno\/\" target=\"_blank\" rel=\"noopener\"><b>el joven respondi\u00f3 que no ten\u00eda \u201cni idea\u201d y que \u00e9l estaba asistiendo a la marcha como \u201csuplente\u201d<\/b><\/a>. Ante la repregunta de la cronista, el manifestante reconoci\u00f3:\u00a0<mark class=\"hl_yellow\"><b>\u201cVengo m\u00e1s que nada para comer y joder un toque\u201d.<\/b><\/mark><\/div>\n<\/div>\n<\/div>\n<\/div>\n<div class=\"jwplayer-ctn\">\n<div>\n<div id=\"Bl5z3qDm\" class=\"jwplayer jw-reset jw-state-idle jw-stretch-uniform jw-flag-aspect-mode jw-floating-dismissible jw-flag-user-inactive jw-breakpoint-4\" tabindex=\"0\" role=\"application\" aria-label=\"Reproductor de Video\" aria-describedby=\"jw-shortcuts-tooltip-explanation\">\n<div class=\"jw-wrapper jw-reset\">\n<div class=\"jw-controls jw-reset\">\n<div class=\"jw-nextup-container jw-reset\">\n<div class=\"jw-nextup jw-background-color jw-reset jw-nextup-thumbnail-visible\"><\/div>\n<\/div>\n<\/div>\n<\/div>\n<div class=\"afs_ads ad-placement\">Joven piquetero no sab\u00eda el motivo de la marcha ni el nombre de su agrupaci\u00f3n.<\/div>\n<\/div>\n<\/div>\n<\/div>\n<p class=\"paragraph\">Durante el reportaje, el entrevistado confirm\u00f3 que recibi\u00f3\u00a0<b>\u201c2 mil pesos\u201d<\/b>\u00a0por haber asistido a la movilizaci\u00f3n como \u201csuplente\u201d. Pero luego, al ser indagado por la agrupaci\u00f3n a la que representaba durante el reclamo por el salario b\u00e1sico universal, volvi\u00f3 a demostrar una preocupante falta de conocimiento.\u00a0<mark class=\"hl_yellow\"><b>\u201cEeeeh, guerrilleros, algo as\u00ed&#8230;\u201d<\/b><\/mark>, respondi\u00f3 entre risas.<\/p>\n<p class=\"paragraph\">Ambos videos volvieron a exponer uno de los conflictos centrales que hoy enfrenta el Frente de Todos: la discusi\u00f3n por la pol\u00edtica social. La vicepresidenta\u00a0<b>Cristina Kirchner<\/b>\u00a0impuso el tema en agenda durante sus \u00faltimas apariciones p\u00fablicas y, si bien el foco qued\u00f3 en la pelea con el Movimiento Evita, su planteo abri\u00f3 un nuevo foco de discusi\u00f3n en el seno del oficialismo.<\/p>\n<p class=\"paragraph\">\u201c<b>Esperamos un decreto del presidente para resolver las cosas r\u00e1pido. Siempre hay excusas burocr\u00e1ticas, pero los problemas de los sectores de poder se resuelven de un d\u00eda para el otro\u201d<\/b>, plante\u00f3 como un ultim\u00e1tum\u00a0<b>Juan Grabois<\/b>, al finalizar el jueves de marchas.<\/p>\n<p class=\"paragraph\">Por su parte, las organizaciones afines al Gobierno y piqueteros de izquierda que marcharon por el Salario Universal y la entrega de m\u00e1s planes sociales coincidieron en que la de ayer fue una\u00a0<a href=\"https:\/\/www.infobae.com\/politica\/2022\/07\/15\/gran-jornada-el-balance-de-las-organizaciones-afines-al-gobierno-y-piqueteros-de-izquierda-que-marcharon-por-el-salario-universal-y-planes-sociales\/\" target=\"_blank\" rel=\"noopener\"><b>\u201cgran jornada\u201d.<\/b><\/a><\/p>\n<div class=\"visual__image\"><img loading=\"lazy\" decoding=\"async\" class=\"\" src=\"https:\/\/cloudfront-us-east-1.images.arcpublishing.com\/infobae\/TGUQ3SHZ7ZBSPDFA4HP4AWCITA.jpg\" sizes=\"auto, (min-width: 800px) 50vw, 90vw\" srcset=\"https:\/\/www.infobae.com\/new-resizer\/bdyJ_sUG2bvfUNt7YzAKyBx-Kco=\/420x236\/filters:format(webp):quality(85)\/cloudfront-us-east-1.images.arcpublishing.com\/infobae\/TGUQ3SHZ7ZBSPDFA4HP4AWCITA.jpg 420w,https:\/\/www.infobae.com\/new-resizer\/hvLNoySBva8DUCBhoDp5qKFfD9I=\/768x432\/filters:format(webp):quality(85)\/cloudfront-us-east-1.images.arcpublishing.com\/infobae\/TGUQ3SHZ7ZBSPDFA4HP4AWCITA.jpg 768w,https:\/\/www.infobae.com\/new-resizer\/yyupMdJ8eSHwypRIZ8flFc5uXx8=\/992x558\/filters:format(webp):quality(85)\/cloudfront-us-east-1.images.arcpublishing.com\/infobae\/TGUQ3SHZ7ZBSPDFA4HP4AWCITA.jpg 992w,https:\/\/www.infobae.com\/new-resizer\/-u0i7O8csVeeb8vXvPxFFYXga9I=\/1200x675\/filters:format(webp):quality(85)\/cloudfront-us-east-1.images.arcpublishing.com\/infobae\/TGUQ3SHZ7ZBSPDFA4HP4AWCITA.jpg 1200w,https:\/\/www.infobae.com\/new-resizer\/hrY3CwD_rMPdZ81KcyJ6nP7O3Ss=\/1440x810\/filters:format(webp):quality(85)\/cloudfront-us-east-1.images.arcpublishing.com\/infobae\/TGUQ3SHZ7ZBSPDFA4HP4AWCITA.jpg 1440w\" alt=\"Organizaciones sociales marcharon hasta Plaza de Mayo para manifestarse contra el Gobierno de Alberto Fern\u00e1ndez. (Franco Fafasuli)\" width=\"4000\" height=\"2250\" \/>Organizaciones sociales marcharon hasta Plaza de Mayo para manifestarse contra el Gobierno de Alberto Fern\u00e1ndez. (Franco Fafasuli)<\/div>\n<div><\/div>\n<p class=\"paragraph\">La Unidad piquetera, que no acamp\u00f3 frente a la Casa Rosada, pidi\u00f3 una entrevista con la flamante ministra de Econom\u00eda,\u00a0<b>Silvina Batakis<\/b>, pero la reemplazante de Mart\u00edn Guzm\u00e1n no los recibi\u00f3 en el Palacio de Hacienda. Exigen un bono de 20.000 pesos para jubilados, trabajadores informales y beneficiarios de programas sociales, adem\u00e1s del aumento del sueldo m\u00ednimo y la apertura del programa Potenciar Trabajo.<\/p>\n<p class=\"paragraph\">En tanto, las organizaciones oficialistas, nucleadas en la Uni\u00f3n Trabajadores de la Econom\u00eda Popular (UTEP), reclaman por la Ley Integral de Tierra Techo y Trabajo y el Salario B\u00e1sico Universal. Las cabezas visibles de la demanda son potentes: el ya mencionado Grabois, l\u00edder del Movimiento de Trabajadores de la Econom\u00eda Excluidos (MTE),\u00a0<b>Esteban \u201cGringo\u201d Castros<\/b>, secretario general de la UTEP y dirigente del Movimiento Evita, el diputado nacional\u00a0<b>Juan Carlos Alderete,<\/b>\u00a0l\u00edder de la Corriente Clasista y Combativa (CCC) y. entre otros,\u00a0<b>Dina S\u00e1nchez<\/b>, dirigente de la UTEP y l\u00edder del Frente Popular Dar\u00edo Santill\u00e1n.<\/p>\n<p class=\"paragraph\">Nota y fotos: gentileza Infobae.com<\/p>\n<\/div>\n<\/article>\n","protected":false},"excerpt":{"rendered":"<p>&#8220;Nos quieren mandar a trabajar y eso no es justo\u201d: el reclamo de una beneficiaria de un plan social que se hizo viral.<\/p>\n","protected":false},"author":4,"featured_media":16811,"comment_status":"open","ping_status":"open","sticky":false,"template":"","format":"standard","meta":{"footnotes":"","jetpack_publicize_message":"","jetpack_publicize_feature_enabled":true,"jetpack_social_post_already_shared":false,"jetpack_social_options":{"image_generator_settings":{"template":"highway","default_image_id":0,"font":"","enabled":false},"version":2}},"categories":[13],"tags":[1841],"class_list":["post-16810","post","type-post","status-publish","format-standard","has-post-thumbnail","hentry","category-interes-general","tag-piquetes"],"jetpack_publicize_connections":[],"jetpack_featured_media_url":"https:\/\/revistaepocadigital.com.ar\/wp-content\/uploads\/2022\/07\/multimedia.normal.9e279a32c6d4acdd.436170747572615f6e6f726d616c2e77656270.webp","jetpack_likes_enabled":true,"_links":{"self":[{"href":"https:\/\/revistaepocadigital.com.ar\/index.php?rest_route=\/wp\/v2\/posts\/16810","targetHints":{"allow":["GET"]}}],"collection":[{"href":"https:\/\/revistaepocadigital.com.ar\/index.php?rest_route=\/wp\/v2\/posts"}],"about":[{"href":"https:\/\/revistaepocadigital.com.ar\/index.php?rest_route=\/wp\/v2\/types\/post"}],"author":[{"embeddable":true,"href":"https:\/\/revistaepocadigital.com.ar\/index.php?rest_route=\/wp\/v2\/users\/4"}],"replies":[{"embeddable":true,"href":"https:\/\/revistaepocadigital.com.ar\/index.php?rest_route=%2Fwp%2Fv2%2Fcomments&post=16810"}],"version-history":[{"count":0,"href":"https:\/\/revistaepocadigital.com.ar\/index.php?rest_route=\/wp\/v2\/posts\/16810\/revisions"}],"wp:featuredmedia":[{"embeddable":true,"href":"https:\/\/revistaepocadigital.com.ar\/index.php?rest_route=\/wp\/v2\/media\/16811"}],"wp:attachment":[{"href":"https:\/\/revistaepocadigital.com.ar\/index.php?rest_route=%2Fwp%2Fv2%2Fmedia&parent=16810"}],"wp:term":[{"taxonomy":"category","embeddable":true,"href":"https:\/\/revistaepocadigital.com.ar\/index.php?rest_route=%2Fwp%2Fv2%2Fcategories&post=16810"},{"taxonomy":"post_tag","embeddable":true,"href":"https:\/\/revistaepocadigital.com.ar\/index.php?rest_route=%2Fwp%2Fv2%2Ftags&post=16810"}],"curies":[{"name":"wp","href":"https:\/\/api.w.org\/{rel}","templated":true}]}}