{"id":16813,"date":"2022-07-16T02:15:43","date_gmt":"2022-07-16T05:15:43","guid":{"rendered":"https:\/\/revistaepocadigital.com.ar\/?p=16813"},"modified":"2022-07-25T00:16:32","modified_gmt":"2022-07-25T03:16:32","slug":"y-aparecio-lamparita-haciendome-entender-que-soy-un-desagradecido","status":"publish","type":"post","link":"https:\/\/revistaepocadigital.com.ar\/?p=16813","title":{"rendered":"&#8220;Y apareci\u00f3 Lamparita haci\u00e9ndome entender que soy un desagradecido&#8230;&#8221;"},"content":{"rendered":"<div><\/div>\n<div><strong>DANIEL MEISSNER ES UN DESTACADO PERIODISTA.<\/strong><\/div>\n<p><!--more--><\/p>\n<div><\/div>\n<div>Acerca de la situaci\u00f3n actual del pa\u00eds, escribi\u00f3 en su cuenta en la red social Facebook. Lo hizo con suma crudeza, realismo y en tono severo.<\/div>\n<div><\/div>\n<div>Mir\u00e1 lo que opin\u00f3:<\/div>\n<div><\/div>\n<div>\n<figure id=\"attachment_16815\" aria-describedby=\"caption-attachment-16815\" style=\"width: 331px\" class=\"wp-caption alignleft\"><img loading=\"lazy\" decoding=\"async\" class=\"size-full wp-image-16815\" src=\"https:\/\/revistaepocadigital.com.ar\/wp-content\/uploads\/2022\/07\/meiss.jpg\" alt=\"\" width=\"331\" height=\"366\" srcset=\"https:\/\/revistaepocadigital.com.ar\/wp-content\/uploads\/2022\/07\/meiss.jpg 331w, https:\/\/revistaepocadigital.com.ar\/wp-content\/uploads\/2022\/07\/meiss-271x300.jpg 271w\" sizes=\"auto, (max-width: 331px) 100vw, 331px\" \/><figcaption id=\"caption-attachment-16815\" class=\"wp-caption-text\">D. Meissner. Talentoso y avezado periodista y escritor. Su \u00faltimo libro, sobre la vida de Carlos Reutemann<\/figcaption><\/figure>\n<\/div>\n<div><em>El d\u00f3lar a 300 mangos, la ciudad sitiada por marchas, robos y cr\u00edmenes a tres manos en cualquier sitio del conurbano, descontrol total en los precios, desaz\u00f3n general en la gente honesta, un desabastecimiento que crece a pasos agigantados en las g\u00f3ndolas y en la industria automotriz, los Pimpinela pele\u00e1ndose en la Casa Rosada.<\/em><\/div>\n<div><\/div>\n<div><em>Una justicia inm\u00f3vil que nunca va por los que se afanan la Rep\u00fablica, medio pa\u00eds sumido en la indigencia, piqueteros que ya asumieron que ese ser\u00e1 el &#8220;trabajo&#8221; de sus descendientes, el campo levantado en pie de guerra, la cultura destrozada por gobernantes que no saben ni hablar, una oposici\u00f3n que sigue durmiendo la siesta, una vocera presidencial que nos carga todos los d\u00edas, pibes con armas en los colegios, \u00e9xodo masivo de los j\u00f3venes m\u00e1s capaces que no vislumbran futuro aqu\u00ed, mentes cerradas que siguen ech\u00e1ndole la culpa a Macri, a De la R\u00faa y a Torcuato de Alvear, pero justificando la korrupci\u00f3n que votaron&#8230;<\/em><\/div>\n<p><em>Cansado, anoche quise ver que dec\u00eda la TV de todo esto.<\/em><\/p>\n<p><em> Y apareci\u00f3 Lamparita haci\u00e9ndome entender que soy un desagradecido y mostr\u00e1ndome donde est\u00e1n los verdaderos problemas&#8221;<\/em><\/p>\n","protected":false},"excerpt":{"rendered":"<p>DANIEL MEISSNER ES UN DESTACADO PERIODISTA.<\/p>\n","protected":false},"author":3,"featured_media":16814,"comment_status":"open","ping_status":"open","sticky":false,"template":"","format":"standard","meta":{"footnotes":"","jetpack_publicize_message":"","jetpack_publicize_feature_enabled":true,"jetpack_social_post_already_shared":false,"jetpack_social_options":{"image_generator_settings":{"template":"highway","default_image_id":0,"font":"","enabled":false},"version":2}},"categories":[7],"tags":[1942,1535],"class_list":["post-16813","post","type-post","status-publish","format-standard","has-post-thumbnail","hentry","category-columna-de-opinion","tag-meissner","tag-opinion"],"jetpack_publicize_connections":[],"jetpack_featured_media_url":"https:\/\/revistaepocadigital.com.ar\/wp-content\/uploads\/2022\/07\/silvestre.jpg","jetpack_likes_enabled":true,"_links":{"self":[{"href":"https:\/\/revistaepocadigital.com.ar\/index.php?rest_route=\/wp\/v2\/posts\/16813","targetHints":{"allow":["GET"]}}],"collection":[{"href":"https:\/\/revistaepocadigital.com.ar\/index.php?rest_route=\/wp\/v2\/posts"}],"about":[{"href":"https:\/\/revistaepocadigital.com.ar\/index.php?rest_route=\/wp\/v2\/types\/post"}],"author":[{"embeddable":true,"href":"https:\/\/revistaepocadigital.com.ar\/index.php?rest_route=\/wp\/v2\/users\/3"}],"replies":[{"embeddable":true,"href":"https:\/\/revistaepocadigital.com.ar\/index.php?rest_route=%2Fwp%2Fv2%2Fcomments&post=16813"}],"version-history":[{"count":0,"href":"https:\/\/revistaepocadigital.com.ar\/index.php?rest_route=\/wp\/v2\/posts\/16813\/revisions"}],"wp:featuredmedia":[{"embeddable":true,"href":"https:\/\/revistaepocadigital.com.ar\/index.php?rest_route=\/wp\/v2\/media\/16814"}],"wp:attachment":[{"href":"https:\/\/revistaepocadigital.com.ar\/index.php?rest_route=%2Fwp%2Fv2%2Fmedia&parent=16813"}],"wp:term":[{"taxonomy":"category","embeddable":true,"href":"https:\/\/revistaepocadigital.com.ar\/index.php?rest_route=%2Fwp%2Fv2%2Fcategories&post=16813"},{"taxonomy":"post_tag","embeddable":true,"href":"https:\/\/revistaepocadigital.com.ar\/index.php?rest_route=%2Fwp%2Fv2%2Ftags&post=16813"}],"curies":[{"name":"wp","href":"https:\/\/api.w.org\/{rel}","templated":true}]}}