{"id":16820,"date":"2022-07-18T16:01:19","date_gmt":"2022-07-18T19:01:19","guid":{"rendered":"https:\/\/revistaepocadigital.com.ar\/?p=16820"},"modified":"2022-07-18T17:10:00","modified_gmt":"2022-07-18T20:10:00","slug":"juan-carlos-rodriguez-tiene-el-camion-scania-de-maradona","status":"publish","type":"post","link":"https:\/\/revistaepocadigital.com.ar\/?p=16820","title":{"rendered":"Juan Carlos Rodr\u00edguez tiene el cami\u00f3n Scania de Maradona"},"content":{"rendered":"<div class=\"pre-center breadcrumbs-area \">\n<h4 class=\"preview\"><strong>Es uno de los dos camiones que el Diez us\u00f3 en sus \u00e9pocas de jugador, para ir a los entrenamientos de Boca. Motor1.com, el sitio web m\u00e1s importante de la Argentina, entrevist\u00f3 a Juan Carlos Rodr\u00edguez. Empresario, de Capilla del Se\u00f1or, 57 a\u00f1os, es uno de los socios de la empresa Agro Cereales Capilla. Al cami\u00f3n, un Scania AVP115, se lo vio haciendo pruebas de drifting en el reciente evento DriftMode que tuvo lugar en el predio de ALCAM sobre la ruta 8 en las inmediaciones de Capilla del Se\u00f1or. Ac\u00e1 la nota completa de Carlos Crist\u00f3falo, director de Motor1 Argentina:<\/strong><\/h4>\n<\/div>\n<p><strong><!--more--><\/strong><\/p>\n<div id=\"post_box\" class=\"pre-center padding b-padding-skin pre-center-feature\">\n<div id=\"article_box\" class=\"content-area \">\n<div class=\"content-area-box\">\n<div class=\"postTopInfo \">\n<div class=\"clear\"><\/div>\n<\/div>\n<div class=\"postContent content-wrapper\">\n<div class=\"postBody description e-content\">\n<p>En 1997, cuando jugaba en\u00a0<strong>Boca Juniors<\/strong>, lo que m\u00e1s odiaba\u00a0<strong>Diego Maradona<\/strong>\u00a0era la rutina diaria de entrar y salir de los entrenamientos: una horda de periodistas se abalanzaba sobre su auto para obtener una foto, una declaraci\u00f3n o un gesto del\u00a0<em>Diez<\/em>. Maradona le hab\u00eda declarado la guerra a la prensa: en 1994 le hab\u00eda disparado con un rifle de aire comprimido a un grupo de periodistas y, a la salida de esos entrenamientos, m\u00e1s de un reportero se hab\u00eda quejado por haber sido\u00a0<em>\u201catropellado\u201d<\/em>\u00a0o\u00a0<em>\u201cempujado\u201d<\/em>\u00a0por el auto del jugador.<\/p>\n<figure id=\"attachment_16827\" aria-describedby=\"caption-attachment-16827\" style=\"width: 672px\" class=\"wp-caption alignleft\"><img loading=\"lazy\" decoding=\"async\" class=\"size-full wp-image-16827\" src=\"https:\/\/revistaepocadigital.com.ar\/wp-content\/uploads\/2022\/07\/scania-maradona-13.jpg\" alt=\"\" width=\"672\" height=\"378\" srcset=\"https:\/\/revistaepocadigital.com.ar\/wp-content\/uploads\/2022\/07\/scania-maradona-13.jpg 672w, https:\/\/revistaepocadigital.com.ar\/wp-content\/uploads\/2022\/07\/scania-maradona-13-300x169.jpg 300w\" sizes=\"auto, (max-width: 672px) 100vw, 672px\" \/><figcaption id=\"caption-attachment-16827\" class=\"wp-caption-text\">El Scania haciendo drifting en el evento.<\/figcaption><\/figure>\n<p>As\u00ed fue como Maradona tuvo una idea:\u00a0<em>\u201c\u00a1Quiero comprarme un cami\u00f3n!\u201d<\/em>, le dijo a su representante\u00a0<strong>Guillermo Coppola<\/strong>, famoso por confundir una\u00a0<strong>Ferrari F40<\/strong>\u00a0roja con una\u00a0<strong>Testarossa<\/strong> negra.<\/p>\n<p><em>\u201c\u00a1Vieron qu\u00e9 linda maquinita! Ahora va a ser dif\u00edcil hacerme notas: ning\u00fan periodista se va a poder colgar\u201d<\/em>, exclam\u00f3 Diego el d\u00eda en que recibi\u00f3 su\u00a0<strong>Scania 360 Topline<\/strong>. El debut no estuvo exento de\u00a0<em>problemas maradonianos<\/em>: el cami\u00f3n se par\u00f3 en la puerta de la entrada del campo de entrenamiento, justo frente a un enjambre de periodistas. Diego le hab\u00eda cargado combustible en el tanque equivocado.<\/p>\n<p>Ese Scania, con patente\u00a0<strong>AZW765<\/strong>\u00a0tuvo algunos problemas mec\u00e1nicos, as\u00ed que poco despu\u00e9s la empresa\u00a0<strong>LoJack <\/strong>le\u00a0consigui\u00f3 a Maradona un segundo cami\u00f3n sueco, a cambio de un canje publicitario: era un 360 Topline del mismo color celeste, pero con la patente\u00a0<strong>AVP115<\/strong>. El AZW765 fue tuneado y pintado de negro. El AVP115, en cambio, mantuvo su color original y fue utilizado por la empresa de transporte\u00a0<strong>Magnone<\/strong>\u00a0hasta agosto de 2010, cuando fue puesto a la venta por\u00a0<strong>295 mil<\/strong> pesos.<\/p>\n<p>Su actual propietario es\u00a0<strong>Juan Carlos Rodr\u00edguez<\/strong>, un empresario de 57 a\u00f1os. Rodr\u00edguez es socio de la empresa\u00a0<strong>Agro Cereales Capilla<\/strong> y exhibi\u00f3 el fin de semana (16-17\/7) el Scania AVP115 en el evento <strong>#DriftMode<\/strong>, de Capilla del Se\u00f1or.<\/p>\n<\/div>\n<\/div>\n<figure id=\"attachment_16829\" aria-describedby=\"caption-attachment-16829\" style=\"width: 576px\" class=\"wp-caption alignleft\"><img loading=\"lazy\" decoding=\"async\" class=\"size-full wp-image-16829\" src=\"https:\/\/revistaepocadigital.com.ar\/wp-content\/uploads\/2022\/07\/scania-maradona-2.jpg\" alt=\"\" width=\"576\" height=\"324\" srcset=\"https:\/\/revistaepocadigital.com.ar\/wp-content\/uploads\/2022\/07\/scania-maradona-2.jpg 576w, https:\/\/revistaepocadigital.com.ar\/wp-content\/uploads\/2022\/07\/scania-maradona-2-300x169.jpg 300w\" sizes=\"auto, (max-width: 576px) 100vw, 576px\" \/><figcaption id=\"caption-attachment-16829\" class=\"wp-caption-text\">El cami\u00f3n tiene muy poco uso.<\/figcaption><\/figure>\n<div class=\"postContent content-wrapper\">\n<div class=\"postBody description e-content\">\n<div class=\"item m1-ap-native \">\n<div class=\"ap\" data-place=\"22\" data-dfp-code=\"M1\/ar\/Native\" data-sizes=\"fluid,1x1\" data-width=\"1\" data-height=\"1\" data-dfp-attrs=\"{&quot;m1_native&quot;:&quot;2&quot;,&quot;msnt_env&quot;:&quot;production&quot;,&quot;m1_banner_place&quot;:&quot;native&quot;,&quot;m1_edition&quot;:&quot;ar&quot;,&quot;m1_article_type&quot;:&quot;news&quot;,&quot;m1_page_content_id&quot;:598859,&quot;m1_page_type&quot;:&quot;detail&quot;,&quot;m1_page_content_type&quot;:&quot;article&quot;,&quot;m1_makes&quot;:[&quot;scania&quot;],&quot;m1_categories&quot;:[&quot;curiosidad&quot;],&quot;m1_tags&quot;:[&quot;diego maradona&quot;,&quot;Juan Carlos Rodr\\u00edguez&quot;,&quot;driftmode&quot;],&quot;m1_banner_position&quot;:&quot;native&quot;}\" data-ready=\"true\">\n<div id=\"apd_1658168866654_760\" class=\"apSlotBox\" data-google-query-id=\"CPK1pI2Ig_kCFSUFuQYdNUwAXQ\">\n<div id=\"google_ads_iframe_\/6122441\/M1\/ar\/Native_0__container__\"><em>\u201cEl cami\u00f3n tiene muy poco uso, apenas 20 mil kil\u00f3metros. Lo que pasa es que estuvo mucho tiempo a la intemperie en Ushuaia y no fue bien cuidado. Ahora lo vamos a cuidar bien\u201d<\/em>, le cont\u00f3 Rodr\u00edguez a\u00a0<strong>Motor1 Argentina<\/strong>.<\/div>\n<\/div>\n<div><\/div>\n<div id=\"apd_1658168866654_760\" class=\"apSlotBox\" data-google-query-id=\"CPK1pI2Ig_kCFSUFuQYdNUwAXQ\">\n<div><\/div>\n<\/div>\n<\/div>\n<\/div>\n<p><em>\u201cEn la documentaci\u00f3n original del cami\u00f3n figura que perteneci\u00f3 a Diego Maradona Producciones y, desde que lo compramos, intentamos varias veces reunir a Diego con su cami\u00f3n. Pero no tuvimos suerte, lo intentamos mil veces de contactar por medio de Mat\u00edas Morla\u201d<\/em>, cont\u00f3 Rodr\u00edguez.<\/p>\n<p><em>\u201cYo soy transportista y amo los camiones. En la flota de nuestra empresa llegamos a tener m\u00e1s de 50 camiones. Pero me cans\u00e9 de renegar con el pa\u00eds y me fui desprendiendo de todos de a poco. Pero el Scania no lo vendo\u201d<\/em>, agreg\u00f3.<\/p>\n<\/div>\n<\/div>\n<figure id=\"attachment_16830\" aria-describedby=\"caption-attachment-16830\" style=\"width: 696px\" class=\"wp-caption aligncenter\"><img loading=\"lazy\" decoding=\"async\" class=\"size-large wp-image-16830\" src=\"https:\/\/revistaepocadigital.com.ar\/wp-content\/uploads\/2022\/07\/scania-maradona-5-1200x675.webp\" alt=\"\" width=\"696\" height=\"392\" srcset=\"https:\/\/revistaepocadigital.com.ar\/wp-content\/uploads\/2022\/07\/scania-maradona-5-1200x675.webp 1200w, https:\/\/revistaepocadigital.com.ar\/wp-content\/uploads\/2022\/07\/scania-maradona-5-300x169.webp 300w, https:\/\/revistaepocadigital.com.ar\/wp-content\/uploads\/2022\/07\/scania-maradona-5-768x432.webp 768w, https:\/\/revistaepocadigital.com.ar\/wp-content\/uploads\/2022\/07\/scania-maradona-5-1536x864.webp 1536w, https:\/\/revistaepocadigital.com.ar\/wp-content\/uploads\/2022\/07\/scania-maradona-5-696x392.webp 696w, https:\/\/revistaepocadigital.com.ar\/wp-content\/uploads\/2022\/07\/scania-maradona-5-1068x601.webp 1068w, https:\/\/revistaepocadigital.com.ar\/wp-content\/uploads\/2022\/07\/scania-maradona-5-747x420.webp 747w, https:\/\/revistaepocadigital.com.ar\/wp-content\/uploads\/2022\/07\/scania-maradona-5-1493x840.webp 1493w, https:\/\/revistaepocadigital.com.ar\/wp-content\/uploads\/2022\/07\/scania-maradona-5.webp 1920w\" sizes=\"auto, (max-width: 696px) 100vw, 696px\" \/><figcaption id=\"caption-attachment-16830\" class=\"wp-caption-text\">La cabina.<\/figcaption><\/figure>\n<div class=\"postContent content-wrapper\">\n<div class=\"postBody description e-content\">\n<p><em>\u201cEs un cami\u00f3n que genera mucho entusiasmo y buena onda. La gente se pone loca cuando lo ve. Es que Diego fue un verdadero \u00eddolo. Le dio muchas alegr\u00edas a los argentinos y nos dej\u00f3 los mejores recuerdos\u201d<\/em>, complet\u00f3.<\/p>\n<p><strong>-\u00bfY por qu\u00e9 decidi\u00f3 exhibirlo en este evento?<\/strong><\/p>\n<p>-Porque lo traje para hacer drifiting.<\/p>\n<p>As\u00ed fue: en el predio de\u00a0<strong>Alcam<\/strong>, el piloto cordob\u00e9s\u00a0<strong>Leito Drift<\/strong> se encarg\u00f3 de hacer derrapar el Scania m\u00e1s famoso de la Argentina. Mir\u00e1 este video abajo.<\/p>\n<\/div>\n<\/div>\n<\/div>\n<\/div>\n<\/div>\n<p><iframe loading=\"lazy\" title=\"DIEGO MARADONA MANEJANDO EL CAMION SCANIA 113 TOPLINE 1997\" width=\"696\" height=\"392\" src=\"https:\/\/www.youtube.com\/embed\/av-DX-Lb_eo?feature=oembed\" frameborder=\"0\" allow=\"accelerometer; autoplay; clipboard-write; encrypted-media; gyroscope; picture-in-picture\" allowfullscreen><\/iframe><\/p>\n<p>Fotos gentileza: Motor 1 Argentina.<\/p>\n","protected":false},"excerpt":{"rendered":"<p>Es uno de los dos camiones que el Diez us\u00f3 en sus \u00e9pocas de jugador, para ir a los entrenamientos de Boca. Motor1.com, el sitio web m\u00e1s importante de la Argentina, entrevist\u00f3 a Juan Carlos Rodr\u00edguez. Empresario, de Capilla del Se\u00f1or, 57 a\u00f1os, es uno de los socios de la empresa Agro Cereales Capilla. Al [&hellip;]<\/p>\n","protected":false},"author":3,"featured_media":16825,"comment_status":"open","ping_status":"open","sticky":false,"template":"","format":"standard","meta":{"footnotes":"","jetpack_publicize_message":"","jetpack_publicize_feature_enabled":true,"jetpack_social_post_already_shared":false,"jetpack_social_options":{"image_generator_settings":{"template":"highway","default_image_id":0,"font":"","enabled":false},"version":2}},"categories":[1081],"tags":[37,1943,1087],"class_list":["post-16820","post","type-post","status-publish","format-standard","has-post-thumbnail","hentry","category-autos-en-epoca","tag-destacada","tag-juan-carlos-rodriguez","tag-maradona"],"jetpack_publicize_connections":[],"jetpack_featured_media_url":"https:\/\/revistaepocadigital.com.ar\/wp-content\/uploads\/2022\/07\/RODRIGUE-Zscania-maradona-1.webp","jetpack_likes_enabled":true,"_links":{"self":[{"href":"https:\/\/revistaepocadigital.com.ar\/index.php?rest_route=\/wp\/v2\/posts\/16820","targetHints":{"allow":["GET"]}}],"collection":[{"href":"https:\/\/revistaepocadigital.com.ar\/index.php?rest_route=\/wp\/v2\/posts"}],"about":[{"href":"https:\/\/revistaepocadigital.com.ar\/index.php?rest_route=\/wp\/v2\/types\/post"}],"author":[{"embeddable":true,"href":"https:\/\/revistaepocadigital.com.ar\/index.php?rest_route=\/wp\/v2\/users\/3"}],"replies":[{"embeddable":true,"href":"https:\/\/revistaepocadigital.com.ar\/index.php?rest_route=%2Fwp%2Fv2%2Fcomments&post=16820"}],"version-history":[{"count":0,"href":"https:\/\/revistaepocadigital.com.ar\/index.php?rest_route=\/wp\/v2\/posts\/16820\/revisions"}],"wp:featuredmedia":[{"embeddable":true,"href":"https:\/\/revistaepocadigital.com.ar\/index.php?rest_route=\/wp\/v2\/media\/16825"}],"wp:attachment":[{"href":"https:\/\/revistaepocadigital.com.ar\/index.php?rest_route=%2Fwp%2Fv2%2Fmedia&parent=16820"}],"wp:term":[{"taxonomy":"category","embeddable":true,"href":"https:\/\/revistaepocadigital.com.ar\/index.php?rest_route=%2Fwp%2Fv2%2Fcategories&post=16820"},{"taxonomy":"post_tag","embeddable":true,"href":"https:\/\/revistaepocadigital.com.ar\/index.php?rest_route=%2Fwp%2Fv2%2Ftags&post=16820"}],"curies":[{"name":"wp","href":"https:\/\/api.w.org\/{rel}","templated":true}]}}