{"id":16836,"date":"2022-07-18T16:55:42","date_gmt":"2022-07-18T19:55:42","guid":{"rendered":"https:\/\/revistaepocadigital.com.ar\/?p=16836"},"modified":"2022-07-18T16:55:42","modified_gmt":"2022-07-18T19:55:42","slug":"para-vos-flaco-valerio-diamante-gano-en-tc-regional-y-le-dedico-la-victoria-a-oscar-fuxan","status":"publish","type":"post","link":"https:\/\/revistaepocadigital.com.ar\/?p=16836","title":{"rendered":"&#8220;PARA VOS FLACO&#8221;. VALERIO DIAMANTE GAN\u00d3 EN TC REGIONAL Y LE DEDIC\u00d3 LA VICTORIA A OSCAR FUXAN"},"content":{"rendered":"<div class=\"\" dir=\"auto\">\n<div id=\"jsc_c_1bl\" class=\"ecm0bbzt hv4rvrfc ihqw7lf3 dati1w0a\" data-ad-comet-preview=\"message\" data-ad-preview=\"message\">\n<div class=\"j83agx80 cbu4d94t ew0dbk1b irj2b8pg\">\n<div class=\"qzhwtbm6 knvmm38d\">\n<div class=\"kvgmc6g5 cxmmr5t8 oygrvhab hcukyx3x c1et5uql ii04i59q\">\n<div dir=\"auto\"><strong>OSCAR FUXAN, DESAPARECIDO HACE POCO, DEJ\u00d3 SU HUELA EN LA CATEGOR\u00cdA<\/strong>.<!--more--><\/div>\n<div dir=\"auto\"><\/div>\n<\/div>\n<div class=\"cxmmr5t8 oygrvhab hcukyx3x c1et5uql o9v6fnle ii04i59q\">\n<div dir=\"auto\">Por eso el TC Regional en pleno, en ocasi\u00f3n de la quinta fecha de la Clase A, corrida en el Mouras de La Plata lo record\u00f3 y lo homenaje\u00f3. Se vivieron momentos emotivos, recordando al Flaco quien falleci\u00f3 d\u00edas atr\u00e1s.<\/div>\n<\/div>\n<\/div>\n<div dir=\"auto\">\n<figure id=\"attachment_16840\" aria-describedby=\"caption-attachment-16840\" style=\"width: 551px\" class=\"wp-caption aligncenter\"><img loading=\"lazy\" decoding=\"async\" class=\"size-full wp-image-16840\" src=\"https:\/\/revistaepocadigital.com.ar\/wp-content\/uploads\/2022\/07\/dia-ffux-7-22-1.jpg\" alt=\"\" width=\"551\" height=\"538\" srcset=\"https:\/\/revistaepocadigital.com.ar\/wp-content\/uploads\/2022\/07\/dia-ffux-7-22-1.jpg 551w, https:\/\/revistaepocadigital.com.ar\/wp-content\/uploads\/2022\/07\/dia-ffux-7-22-1-300x293.jpg 300w, https:\/\/revistaepocadigital.com.ar\/wp-content\/uploads\/2022\/07\/dia-ffux-7-22-1-430x420.jpg 430w\" sizes=\"auto, (max-width: 551px) 100vw, 551px\" \/><figcaption id=\"caption-attachment-16840\" class=\"wp-caption-text\">Diamante y Fuxan, en tiempos pasados, la misma pasi\u00f3n<\/figcaption><\/figure>\n<figure id=\"attachment_16841\" aria-describedby=\"caption-attachment-16841\" style=\"width: 696px\" class=\"wp-caption aligncenter\"><img loading=\"lazy\" decoding=\"async\" class=\"size-large wp-image-16841\" src=\"https:\/\/revistaepocadigital.com.ar\/wp-content\/uploads\/2022\/07\/dia3-1200x800.jpg\" alt=\"\" width=\"696\" height=\"464\" srcset=\"https:\/\/revistaepocadigital.com.ar\/wp-content\/uploads\/2022\/07\/dia3-1200x800.jpg 1200w, https:\/\/revistaepocadigital.com.ar\/wp-content\/uploads\/2022\/07\/dia3-300x200.jpg 300w, https:\/\/revistaepocadigital.com.ar\/wp-content\/uploads\/2022\/07\/dia3-768x512.jpg 768w, https:\/\/revistaepocadigital.com.ar\/wp-content\/uploads\/2022\/07\/dia3-1536x1024.jpg 1536w, https:\/\/revistaepocadigital.com.ar\/wp-content\/uploads\/2022\/07\/dia3-696x464.jpg 696w, https:\/\/revistaepocadigital.com.ar\/wp-content\/uploads\/2022\/07\/dia3-1068x712.jpg 1068w, https:\/\/revistaepocadigital.com.ar\/wp-content\/uploads\/2022\/07\/dia3-630x420.jpg 630w, https:\/\/revistaepocadigital.com.ar\/wp-content\/uploads\/2022\/07\/dia3-1260x840.jpg 1260w, https:\/\/revistaepocadigital.com.ar\/wp-content\/uploads\/2022\/07\/dia3.jpg 1599w\" sizes=\"auto, (max-width: 696px) 100vw, 696px\" \/><figcaption id=\"caption-attachment-16841\" class=\"wp-caption-text\">Los saludos para el ganador<\/figcaption><\/figure>\n<\/div>\n<div class=\"qzhwtbm6 knvmm38d\">\n<div class=\"cxmmr5t8 oygrvhab hcukyx3x c1et5uql o9v6fnle ii04i59q\">\n<div dir=\"auto\">Valerio Diamante, el capillense, gan\u00f3 el Gran Premio Ama Lubricantes y le dedic\u00f3 la victoria a Oscar, quien fuera campe\u00f3n en 1985. Diamante prosigui\u00f3 su gran temporada y se afirm\u00f3 en la puntra del campeonato de la Clase A en el Roberto Mouras; Juany Pierce y Ale Pereyra fueron sus escoltas.<\/div>\n<div dir=\"auto\"><\/div>\n<\/div>\n<div class=\"cxmmr5t8 oygrvhab hcukyx3x c1et5uql o9v6fnle ii04i59q\">\n<div dir=\"auto\">Final vibrante se vivi\u00f3 en el trazado platense, Diamante y Lautaro Miranda se tocaeon en la curva uno, y se retrasaron en el clasificador, as\u00ed tom\u00f3 la punta Gast\u00f3n Fern\u00e1ndez, quien mantendria un interesante duelo con Alejandro Pereyra. Diamante y Pierce escalaron con el correr de las vueltas, mientras Fern\u00e1ndez tom\u00f3 una leve distancia con de San Isidro.<\/div>\n<div dir=\"auto\"><\/div>\n<\/div>\n<div dir=\"auto\">Como est\u00e1n los campeonatos.<img loading=\"lazy\" decoding=\"async\" class=\"aligncenter size-medium wp-image-16843\" src=\"https:\/\/revistaepocadigital.com.ar\/wp-content\/uploads\/2022\/07\/tcr-cam-1-300x262.jpg\" alt=\"\" width=\"300\" height=\"262\" srcset=\"https:\/\/revistaepocadigital.com.ar\/wp-content\/uploads\/2022\/07\/tcr-cam-1-300x262.jpg 300w, https:\/\/revistaepocadigital.com.ar\/wp-content\/uploads\/2022\/07\/tcr-cam-1-481x420.jpg 481w, https:\/\/revistaepocadigital.com.ar\/wp-content\/uploads\/2022\/07\/tcr-cam-1.jpg 609w\" sizes=\"auto, (max-width: 300px) 100vw, 300px\" \/><\/p>\n<\/div>\n<div class=\"cxmmr5t8 oygrvhab hcukyx3x c1et5uql o9v6fnle ii04i59q\">\n<div dir=\"auto\"><\/div>\n<div dir=\"auto\">Promediando la competencia, Fern\u00e1ndez, Pierce y Diamante llegaron juntos al frenaje de la curva uno, prevaleciendo el actual campe\u00f3n. Pierce busc\u00f3 el lugar para superar a Valerio, mientras que Fern\u00e1ndez conten\u00eda el asedio de Ale Pereyra. M\u00e1s atr\u00e1s Facundo Delorenzo avanz\u00f3 en el clasificador junto a Poto D\u00edaz, Lautaro Miranda, Valdez, Gugliermo, Somoza y Osvaldo Miranda.<\/div>\n<\/div>\n<div class=\"cxmmr5t8 oygrvhab hcukyx3x c1et5uql o9v6fnle ii04i59q\">\n<div dir=\"auto\"><\/div>\n<div dir=\"auto\">Valerio estir\u00f3 diferencias con Pierce, ambos con los autos da\u00f1ados tras el golpe en el arranque, Pereyra super\u00f3 a Gast\u00f3n Fern\u00e1ndez quien se pas\u00f3 de largo junto a Facundo Delorenzo. La bandera a cuadros tras doce intensos giros cay\u00f3 sobre el chasis #1 de Diamante elaborado por los T\u00e1rtara, escoltado por Pierce y Pereyra. En la Copa Senior Clase A la victoria fue para Alberto Somoza, escoltado por Osvaldo Miranda.<\/div>\n<\/div>\n<div class=\"cxmmr5t8 oygrvhab hcukyx3x c1et5uql o9v6fnle ii04i59q\">\n<div dir=\"auto\"><\/div>\n<div dir=\"auto\"><\/div>\n<\/div>\n<\/div>\n<\/div>\n<\/div>\n<\/div>\n<div id=\"jsc_c_1bm\" class=\"l9j0dhe7\">\n<div class=\"l9j0dhe7\">\n<div>\n<div>\n<div class=\"l9j0dhe7\">\n<div class=\"l9j0dhe7\">\n<div class=\"ni8dbmo4 stjgntxs pmk7jnqg\"><\/div>\n<\/div>\n<\/div>\n<\/div>\n<\/div>\n<\/div>\n<\/div>\n","protected":false},"excerpt":{"rendered":"<p>OSCAR FUXAN, DESAPARECIDO HACE POCO, DEJ\u00d3 SU HUELA EN LA CATEGOR\u00cdA.<\/p>\n","protected":false},"author":4,"featured_media":16838,"comment_status":"open","ping_status":"open","sticky":false,"template":"","format":"standard","meta":{"footnotes":"","jetpack_publicize_message":"","jetpack_publicize_feature_enabled":true,"jetpack_social_post_already_shared":false,"jetpack_social_options":{"image_generator_settings":{"template":"highway","default_image_id":0,"font":"","enabled":false},"version":2}},"categories":[9],"tags":[333,1944,334],"class_list":["post-16836","post","type-post","status-publish","format-standard","has-post-thumbnail","hentry","category-deportes","tag-diamante","tag-fuxan","tag-tc-regional"],"jetpack_publicize_connections":[],"jetpack_featured_media_url":"https:\/\/revistaepocadigital.com.ar\/wp-content\/uploads\/2022\/07\/dia1.jpg","jetpack_likes_enabled":true,"_links":{"self":[{"href":"https:\/\/revistaepocadigital.com.ar\/index.php?rest_route=\/wp\/v2\/posts\/16836","targetHints":{"allow":["GET"]}}],"collection":[{"href":"https:\/\/revistaepocadigital.com.ar\/index.php?rest_route=\/wp\/v2\/posts"}],"about":[{"href":"https:\/\/revistaepocadigital.com.ar\/index.php?rest_route=\/wp\/v2\/types\/post"}],"author":[{"embeddable":true,"href":"https:\/\/revistaepocadigital.com.ar\/index.php?rest_route=\/wp\/v2\/users\/4"}],"replies":[{"embeddable":true,"href":"https:\/\/revistaepocadigital.com.ar\/index.php?rest_route=%2Fwp%2Fv2%2Fcomments&post=16836"}],"version-history":[{"count":0,"href":"https:\/\/revistaepocadigital.com.ar\/index.php?rest_route=\/wp\/v2\/posts\/16836\/revisions"}],"wp:featuredmedia":[{"embeddable":true,"href":"https:\/\/revistaepocadigital.com.ar\/index.php?rest_route=\/wp\/v2\/media\/16838"}],"wp:attachment":[{"href":"https:\/\/revistaepocadigital.com.ar\/index.php?rest_route=%2Fwp%2Fv2%2Fmedia&parent=16836"}],"wp:term":[{"taxonomy":"category","embeddable":true,"href":"https:\/\/revistaepocadigital.com.ar\/index.php?rest_route=%2Fwp%2Fv2%2Fcategories&post=16836"},{"taxonomy":"post_tag","embeddable":true,"href":"https:\/\/revistaepocadigital.com.ar\/index.php?rest_route=%2Fwp%2Fv2%2Ftags&post=16836"}],"curies":[{"name":"wp","href":"https:\/\/api.w.org\/{rel}","templated":true}]}}