{"id":16848,"date":"2022-07-18T23:40:33","date_gmt":"2022-07-19T02:40:33","guid":{"rendered":"https:\/\/revistaepocadigital.com.ar\/?p=16848"},"modified":"2022-07-18T23:40:33","modified_gmt":"2022-07-19T02:40:33","slug":"cepral-informa","status":"publish","type":"post","link":"https:\/\/revistaepocadigital.com.ar\/?p=16848","title":{"rendered":"Cepral Informa"},"content":{"rendered":"<p><strong>LA INFORMACI\u00d3N DESDE LA COOPERATIVA.<\/strong><!--more--><\/p>\n<p><img loading=\"lazy\" decoding=\"async\" class=\"aligncenter size-full wp-image-16853\" src=\"https:\/\/revistaepocadigital.com.ar\/wp-content\/uploads\/2022\/07\/cepral-logo.png\" alt=\"\" width=\"1030\" height=\"283\" srcset=\"https:\/\/revistaepocadigital.com.ar\/wp-content\/uploads\/2022\/07\/cepral-logo.png 1030w, https:\/\/revistaepocadigital.com.ar\/wp-content\/uploads\/2022\/07\/cepral-logo-300x82.png 300w, https:\/\/revistaepocadigital.com.ar\/wp-content\/uploads\/2022\/07\/cepral-logo-768x211.png 768w, https:\/\/revistaepocadigital.com.ar\/wp-content\/uploads\/2022\/07\/cepral-logo-696x191.png 696w\" sizes=\"auto, (max-width: 1030px) 100vw, 1030px\" \/><br \/>\n<img loading=\"lazy\" decoding=\"async\" class=\"aligncenter size-full wp-image-16857\" src=\"https:\/\/revistaepocadigital.com.ar\/wp-content\/uploads\/2022\/07\/gifnoticias.png\" alt=\"\" width=\"1030\" height=\"686\" srcset=\"https:\/\/revistaepocadigital.com.ar\/wp-content\/uploads\/2022\/07\/gifnoticias.png 1030w, https:\/\/revistaepocadigital.com.ar\/wp-content\/uploads\/2022\/07\/gifnoticias-300x200.png 300w, https:\/\/revistaepocadigital.com.ar\/wp-content\/uploads\/2022\/07\/gifnoticias-768x512.png 768w, https:\/\/revistaepocadigital.com.ar\/wp-content\/uploads\/2022\/07\/gifnoticias-696x464.png 696w, https:\/\/revistaepocadigital.com.ar\/wp-content\/uploads\/2022\/07\/gifnoticias-631x420.png 631w\" sizes=\"auto, (max-width: 1030px) 100vw, 1030px\" \/><strong>\u00a1En Contacto!<\/strong><\/p>\n<p>Estimados vecinos y usuarios:<\/p>\n<p>Les compartimos los avances de nuestros proyectos y de nuestra presencia Institucional:<\/p>\n<p>Continuamos con las tareas de la Primera Etapa del Proyecto Fibra \u00d3ptica en tu Hogar, para los vecinos de El Remanso 2\u00b0 y 6\u00b0 Series y Jular\u00f3.<br \/>\nSeguimos realizando migraciones y conexiones de FTTH en los barrios El Zorzal, Altos de Robles y Sakura II y III.<br \/>\nExtendimos la fecha de inscripci\u00f3n hasta el lunes 31 de julio para los vecinos del barrioparque Los Pinos para que puedan hacer posible la llegada de FTTH a su barrio.<br \/>\nEn el Sector El\u00e9ctrico, continuamos con la obra de Repotenciaci\u00f3n en el Barrio Arroyo de la Cruz y comenzamos con la \u00faltima etapa en Los Pinos.<br \/>\nTe contamos c\u00f3mo realizar la inscripci\u00f3n para continuar con el subsidio de electricidad.<br \/>\nContinuamos con la Campa\u00f1a de poda de raleo, para que mediante el saneamiento del tendido de las redes de media tensi\u00f3n prevengamos interferencias e interrupciones en los servicios.<br \/>\nA partir del 1ro. de Agosto regir\u00e1n nuevas tarifas para los Servicios de Telecomunicaciones.<\/p>\n<p>Seguimos apostando a la inversi\u00f3n y al crecimiento de nuestra Cooperativa.<\/p>\n<p style=\"text-align: right;\">Consejo de Administraci\u00f3n Cepral<\/p>\n<hr \/>\n<table border=\"0\" width=\"100%\" cellspacing=\"0\" cellpadding=\"0\" align=\"left\">\n<tbody>\n<tr>\n<td>\n<div><strong>Es importante que mantengas tus datos de contacto (mail y tel\u00e9fono celular) actualizados para que nos podamos comunicar con vos.<\/strong><\/div>\n<div><strong>Pod\u00e9s actualizar tus datos:<\/strong><\/div>\n<\/td>\n<\/tr>\n<\/tbody>\n<\/table>\n<table border=\"0\" cellspacing=\"0\" cellpadding=\"0\" align=\"center\">\n<tbody>\n<tr>\n<td align=\"center\" valign=\"middle\" bgcolor=\"#00596a\" height=\"34\"><a href=\"https:\/\/41sau.r.a.d.sendibm1.com\/mk\/cl\/f\/4QzDVajw8hsr7rV6L4RmOCQqA-kv6T998r7pHCugqRLIk4NUsQUHMypqTdqMfTjzl5Ba85Xj9V3SmJHymKYAMpX0fB9NzTcQSVwebBZ2gsjpc8wuS0E4Vy65840wDreoyOp0X8eLw26LX-4a85koeVSwQAaE612287KcQhFsqxb8dJjR9idpsTRvr6QBRPWgnTQugSLEOMQLS2CdTqWvsa6i99AAx7WuoTnll2uzqzxZ4JqbQfH63Z3Fi-tOqILzE88cKRDYrzKPA7Q9OAEets5FsDBL5LmAKhEHOc0yaHhaWWlxTreH\" target=\"_blank\" rel=\"noreferrer noopener\">Click aqu\u00ed<\/a><\/td>\n<\/tr>\n<\/tbody>\n<\/table>\n<hr \/>\n<p><img loading=\"lazy\" decoding=\"async\" class=\"aligncenter size-full wp-image-16860\" src=\"https:\/\/revistaepocadigital.com.ar\/wp-content\/uploads\/2022\/07\/presencia.png\" alt=\"\" width=\"1030\" height=\"142\" srcset=\"https:\/\/revistaepocadigital.com.ar\/wp-content\/uploads\/2022\/07\/presencia.png 1030w, https:\/\/revistaepocadigital.com.ar\/wp-content\/uploads\/2022\/07\/presencia-300x41.png 300w, https:\/\/revistaepocadigital.com.ar\/wp-content\/uploads\/2022\/07\/presencia-768x106.png 768w, https:\/\/revistaepocadigital.com.ar\/wp-content\/uploads\/2022\/07\/presencia-696x96.png 696w\" sizes=\"auto, (max-width: 1030px) 100vw, 1030px\" \/><\/p>\n<p><img loading=\"lazy\" decoding=\"async\" class=\"aligncenter size-full wp-image-16858\" src=\"https:\/\/revistaepocadigital.com.ar\/wp-content\/uploads\/2022\/07\/inaes.png\" alt=\"\" width=\"1024\" height=\"461\" srcset=\"https:\/\/revistaepocadigital.com.ar\/wp-content\/uploads\/2022\/07\/inaes.png 1024w, https:\/\/revistaepocadigital.com.ar\/wp-content\/uploads\/2022\/07\/inaes-300x135.png 300w, https:\/\/revistaepocadigital.com.ar\/wp-content\/uploads\/2022\/07\/inaes-768x346.png 768w, https:\/\/revistaepocadigital.com.ar\/wp-content\/uploads\/2022\/07\/inaes-696x313.png 696w, https:\/\/revistaepocadigital.com.ar\/wp-content\/uploads\/2022\/07\/inaes-933x420.png 933w\" sizes=\"auto, (max-width: 1024px) 100vw, 1024px\" \/><strong>NOS VISIT\u00d3 EL PRESIDENTE DEL INAES<\/strong><\/p>\n<p>El lunes 11 de julio Cepral fue sede de un encuentro en el cual estuvieron presentes El Presidente del INAES Alenxandre Roig, el Defensor del Pueblo Adjunto en Derechos Sociales de la Defensor\u00eda del Pueblo bonaerense, Eduardo Ancona, junto al secretario de Econom\u00eda Popular del organismo, Beltr\u00e1n Besada, el Intendente de Exaltaci\u00f3n de la Cruz, Diego Nanni, representantes de la Cooperativa El\u00e9ctrica de Monte y el Presidente de la Cooperativa de El\u00e9ctricidad de Z\u00e1rate, Jos\u00e9 Luis Mancini entre otras autoridades.<\/p>\n<p>Se convers\u00f3 sobre temas generales del cooperativismo y luego se hizo una recorrida para ver los avances de las obras que nuestra Cooperativa est\u00e1 llevando adelante en Arroyo de la Cruz con financiamiento del INAES.<\/p>\n<table border=\"0\" cellspacing=\"0\" cellpadding=\"0\" align=\"center\">\n<tbody>\n<tr>\n<td align=\"center\" valign=\"middle\" bgcolor=\"#ffffff\" height=\"34\"><a href=\"https:\/\/41sau.r.a.d.sendibm1.com\/mk\/cl\/f\/yVjes1bYSA8G6Lr6YQYdzFvzjK3CkGw7Frp9syvSYTfehOmzHPMoCOxhrr4MiF_vTjWTZzthhWD7SgMfQrFuNsp698eLj55UKZVy4v34e-CjmX9VAo3tGOdO1INM5P45MbHmSbxeZo35IKXN2k9u83-njQ49X4x61R7DgbZOPISu-JOernQRPPr7w8xyrxh7PubOHbwT7tWjWwCzDyoDX7ZXb95bOdol7dqDzxzFtf6IePLJ0UVoSM5DjnfGf2frrQ1keL2S9u6azJDslFV7wqnnLc0i-bzSReysWTDMkQhae0cSgjThJzgyb4O0TiNqoCCHb44CkJHPRS6Qtnno1ZolOHy0Ey29i52Xzpn3yfZunFmWYGJpsHq8W6DG_f2LNglT1I4B9oPQ1AiFt4QqQtpB3U0\" target=\"_blank\" rel=\"noreferrer noopener\">Click aqu\u00ed<\/a><\/td>\n<\/tr>\n<\/tbody>\n<\/table>\n<hr \/>\n<p><strong>SUBSIDIOS PARA EL SERVICIO EL\u00c9CTRICO<\/strong><\/p>\n<p>A partir de hoy est\u00e1 disponible el formulario online para anotarse en el Registro de Acceso a los Subsidios de Energ\u00eda (RASE) mediante el cual el Gobierno Nacional avanzar\u00e1 con la segmentaci\u00f3n de tarifas de los servicios de luz y gas.<\/p>\n<p>A trav\u00e9s del link https:\/\/www.argentina.gob.ar\/subsidios los usuarios que soliciten mantener los subsidios que hoy reciben en sus hogares podr\u00e1n completar sus datos para que el Poder Ejecutivo luego identifique cuales necesitan la asistencia del Estado. El eje de la segmentaci\u00f3n ser\u00e1n \u201clos aspectos socio-econ\u00f3micos de cada hogar\u201d.<br \/>\nLa informaci\u00f3n aportada funcionar\u00e1 como una declaraci\u00f3n jurada.<\/p>\n<p>Los datos de Nro. de medidor y el n\u00famero de usuario los encuentran en las facturas de Cepral, la que pueden bajar desde nuestra web, mi oficina virtual: https:\/\/ovcepral.sc3-app3.com.ar\/oficinavirtual\/modulos\/clientes\/ y desde Cepralbot (Agendando el contacto WhatsApp +911 2306 9604)<\/p>\n<p>Te contamos c\u00f3mo hacerlo, ingresando a nuestra WEB: https:\/\/cepral.coop\/<\/p>\n<hr \/>\n<p><img loading=\"lazy\" decoding=\"async\" class=\"aligncenter size-full wp-image-16859\" src=\"https:\/\/revistaepocadigital.com.ar\/wp-content\/uploads\/2022\/07\/lo-que-hacemos.png\" alt=\"\" width=\"1030\" height=\"142\" srcset=\"https:\/\/revistaepocadigital.com.ar\/wp-content\/uploads\/2022\/07\/lo-que-hacemos.png 1030w, https:\/\/revistaepocadigital.com.ar\/wp-content\/uploads\/2022\/07\/lo-que-hacemos-300x41.png 300w, https:\/\/revistaepocadigital.com.ar\/wp-content\/uploads\/2022\/07\/lo-que-hacemos-768x106.png 768w, https:\/\/revistaepocadigital.com.ar\/wp-content\/uploads\/2022\/07\/lo-que-hacemos-696x96.png 696w\" sizes=\"auto, (max-width: 1030px) 100vw, 1030px\" \/><br \/>\n<strong>AVANCES DE LA OBRA FIBRA \u00d3PTICA EN TU HOGAR para los Barrios El Remanso 2\u00b0 y 6\u00b0. Series y Jular\u00f3<\/strong><\/p>\n<p><img loading=\"lazy\" decoding=\"async\" class=\" wp-image-16850 alignright\" src=\"https:\/\/revistaepocadigital.com.ar\/wp-content\/uploads\/2022\/07\/avances.png\" alt=\"\" width=\"182\" height=\"259\" srcset=\"https:\/\/revistaepocadigital.com.ar\/wp-content\/uploads\/2022\/07\/avances.png 768w, https:\/\/revistaepocadigital.com.ar\/wp-content\/uploads\/2022\/07\/avances-211x300.png 211w, https:\/\/revistaepocadigital.com.ar\/wp-content\/uploads\/2022\/07\/avances-696x989.png 696w, https:\/\/revistaepocadigital.com.ar\/wp-content\/uploads\/2022\/07\/avances-296x420.png 296w, https:\/\/revistaepocadigital.com.ar\/wp-content\/uploads\/2022\/07\/avances-591x840.png 591w\" sizes=\"auto, (max-width: 182px) 100vw, 182px\" \/>Durante estas semanas avanzamos con las tareas correspondientes a la primera etapa de este importante proyecto.<\/p>\n<p>Nos encontramos trabajando sobre la calle La Baguala,que limita los barrios El Remanso y Jular\u00f3, instalando las primeras cajas que nos permitir\u00e1n ir realizando las futuras conexiones de acuerdo a los plazos convenidos.<\/p>\n<p>\u00a1Gracias a los vecinos que se siguen sumando!<\/p>\n<hr \/>\n<p><img loading=\"lazy\" decoding=\"async\" class=\"aligncenter size-full wp-image-16855\" src=\"https:\/\/revistaepocadigital.com.ar\/wp-content\/uploads\/2022\/07\/extendimos.png\" alt=\"\" width=\"1030\" height=\"482\" srcset=\"https:\/\/revistaepocadigital.com.ar\/wp-content\/uploads\/2022\/07\/extendimos.png 1030w, https:\/\/revistaepocadigital.com.ar\/wp-content\/uploads\/2022\/07\/extendimos-300x140.png 300w, https:\/\/revistaepocadigital.com.ar\/wp-content\/uploads\/2022\/07\/extendimos-768x359.png 768w, https:\/\/revistaepocadigital.com.ar\/wp-content\/uploads\/2022\/07\/extendimos-696x326.png 696w, https:\/\/revistaepocadigital.com.ar\/wp-content\/uploads\/2022\/07\/extendimos-898x420.png 898w\" sizes=\"auto, (max-width: 1030px) 100vw, 1030px\" \/><\/p>\n<hr \/>\n<p><strong>Continuamos con las obras de reestructuraci\u00f3n de Red en Media Tensi\u00f3n en las zonas del Barrio Arroyo de la Cruz y en Los Pinos.<\/strong><\/p>\n<p><img loading=\"lazy\" decoding=\"async\" class=\" wp-image-16861 alignright\" src=\"https:\/\/revistaepocadigital.com.ar\/wp-content\/uploads\/2022\/07\/repotenciacion.png\" alt=\"\" width=\"191\" height=\"351\" srcset=\"https:\/\/revistaepocadigital.com.ar\/wp-content\/uploads\/2022\/07\/repotenciacion.png 709w, https:\/\/revistaepocadigital.com.ar\/wp-content\/uploads\/2022\/07\/repotenciacion-163x300.png 163w, https:\/\/revistaepocadigital.com.ar\/wp-content\/uploads\/2022\/07\/repotenciacion-652x1200.png 652w, https:\/\/revistaepocadigital.com.ar\/wp-content\/uploads\/2022\/07\/repotenciacion-696x1280.png 696w, https:\/\/revistaepocadigital.com.ar\/wp-content\/uploads\/2022\/07\/repotenciacion-228x420.png 228w, https:\/\/revistaepocadigital.com.ar\/wp-content\/uploads\/2022\/07\/repotenciacion-457x840.png 457w\" sizes=\"auto, (max-width: 191px) 100vw, 191px\" \/>En Arroyo de la Cruz, finalizamos la primera etapa de trabajo relacionada con las 30 fundaciones para instalar las nuevas columnas que sostendr\u00e1n la red.<\/p>\n<p>Esta obra est\u00e1 proyectada para poder readecuar la instalaci\u00f3n de la mencionada red acorde a la demanda dada en la zona.<\/p>\n<p>En cuanto a la obra de repotenciaci\u00f3n en los Barrios Los Pinos y Sakura, iniciamos la \u00faltima etapa. Comenzamos con el montaje y conexi\u00f3n del nuevo conductor de la red de media tensi\u00f3n.<\/p>\n<p>Para poder finalizar esta \u00faltima etapa, ser\u00e1 necesario coordinar nuevos cortes del servicio de manera escalonada para no perjudicar a los vecinos de ambos barrios.<\/p>\n<hr \/>\n<p><img loading=\"lazy\" decoding=\"async\" class=\" wp-image-16852 alignleft\" src=\"https:\/\/revistaepocadigital.com.ar\/wp-content\/uploads\/2022\/07\/campana.png\" alt=\"\" width=\"208\" height=\"383\" srcset=\"https:\/\/revistaepocadigital.com.ar\/wp-content\/uploads\/2022\/07\/campana.png 709w, https:\/\/revistaepocadigital.com.ar\/wp-content\/uploads\/2022\/07\/campana-163x300.png 163w, https:\/\/revistaepocadigital.com.ar\/wp-content\/uploads\/2022\/07\/campana-652x1200.png 652w, https:\/\/revistaepocadigital.com.ar\/wp-content\/uploads\/2022\/07\/campana-696x1280.png 696w, https:\/\/revistaepocadigital.com.ar\/wp-content\/uploads\/2022\/07\/campana-228x420.png 228w, https:\/\/revistaepocadigital.com.ar\/wp-content\/uploads\/2022\/07\/campana-457x840.png 457w\" sizes=\"auto, (max-width: 208px) 100vw, 208px\" \/>Continuamos con nuestra Campa\u00f1a de Poda, la que consiste en el raleo de \u00e1rboles y ramas con el objetivo de dejar la red el\u00e9ctrica de media tensi\u00f3n libre de las interferencias que puedan ocasionar.<\/p>\n<p>Ya finalizamos en la zona de El Solar de Capilla y comenzamos con el barrio El Remanso y las zonas rurales.<\/p>\n<p>Para realizar estas tareas se requiere efectuar cortes de energ\u00eda que se ir\u00e1n coordinando y dando aviso a los usuarios afectados a la maniobra.<\/p>\n<p><strong>Recordamos a los vecinos que es fundamental mantener m\u00ednimamente a 3 metros de distancia toda vegetaci\u00f3n cercana a la red el\u00e9ctrica sobre veredas y lindantes a la l\u00ednea medianera.<\/strong><\/p>\n<hr \/>\n<p><img loading=\"lazy\" decoding=\"async\" class=\"aligncenter size-full wp-image-16851\" src=\"https:\/\/revistaepocadigital.com.ar\/wp-content\/uploads\/2022\/07\/banner.png\" alt=\"\" width=\"984\" height=\"1024\" srcset=\"https:\/\/revistaepocadigital.com.ar\/wp-content\/uploads\/2022\/07\/banner.png 984w, https:\/\/revistaepocadigital.com.ar\/wp-content\/uploads\/2022\/07\/banner-288x300.png 288w, https:\/\/revistaepocadigital.com.ar\/wp-content\/uploads\/2022\/07\/banner-768x799.png 768w, https:\/\/revistaepocadigital.com.ar\/wp-content\/uploads\/2022\/07\/banner-696x724.png 696w, https:\/\/revistaepocadigital.com.ar\/wp-content\/uploads\/2022\/07\/banner-404x420.png 404w, https:\/\/revistaepocadigital.com.ar\/wp-content\/uploads\/2022\/07\/banner-807x840.png 807w\" sizes=\"auto, (max-width: 984px) 100vw, 984px\" \/><\/p>\n<hr \/>\n<p><strong>RECIBIMOS A LOS ALUMNOS DE LA ESCUELA PRIMARIA NRO. 4 DE PARADA ROBLES<\/strong><\/p>\n<p>En reciprocidad a la charla sobre cooperativismo que nuestro Gerente, Jos\u00e9 Luis Hermida, les brind\u00f3 a los alumnos de 5to. grado del turno ma\u00f1ana de la Escuela N\u00b0 4 &#8220;General Jos\u00e9 de San Mart\u00edn &#8220;, el martes 12 de julio los recibimos junto a sus docentes en nuestra Cooperativa.<\/p>\n<p>En esta oportunidad les hicimos una \u201cvisita guiada\u201d donde les contamos a qu\u00e9 se dedicaba cada sector de la Cooperativa.<\/p>\n<p>Tomaron notas en sus cuadernos, desayunaron y luego de haber recorrido nuestras instalaciones, regresaron a la escuela.<\/p>\n<p><strong>En Cepral estamos orgullosos de poder presentarles a nuestros j\u00f3venes todo lo que estamos haciendo y al mismo tiempo les transmitimos los valores del Cooperativismo.<\/strong><\/p>\n<p><strong>Continuamos nuestra gesti\u00f3n apuntando al desarrollo de la comunidad de la que somos parte.<\/strong><\/p>\n<p><img loading=\"lazy\" decoding=\"async\" class=\"aligncenter size-full wp-image-16849\" src=\"https:\/\/revistaepocadigital.com.ar\/wp-content\/uploads\/2022\/07\/alumnos.png\" alt=\"\" width=\"1030\" height=\"482\" srcset=\"https:\/\/revistaepocadigital.com.ar\/wp-content\/uploads\/2022\/07\/alumnos.png 1030w, https:\/\/revistaepocadigital.com.ar\/wp-content\/uploads\/2022\/07\/alumnos-300x140.png 300w, https:\/\/revistaepocadigital.com.ar\/wp-content\/uploads\/2022\/07\/alumnos-768x359.png 768w, https:\/\/revistaepocadigital.com.ar\/wp-content\/uploads\/2022\/07\/alumnos-696x326.png 696w, https:\/\/revistaepocadigital.com.ar\/wp-content\/uploads\/2022\/07\/alumnos-898x420.png 898w\" sizes=\"auto, (max-width: 1030px) 100vw, 1030px\" \/><\/p>\n<hr \/>\n<p style=\"text-align: center;\"><strong>\u00c9poca de Poda:<\/strong><br \/>\n\u00a1Mantener libre de ramas las l\u00edneas de cableado previene accidentes que pueden da\u00f1ar a personas o electrodom\u00e9sticos y contribuye a una mejor calidad de servicio!<\/p>\n<hr \/>\n<p>A partir del 1\u00b0 de Agosto rigen nuevas tarifas para los Servicios de Telefon\u00eda e Internet.<\/p>\n<table border=\"0\" width=\"550\" cellspacing=\"0\" cellpadding=\"0\" align=\"center\">\n<tbody>\n<tr>\n<td valign=\"top\">\n<table border=\"0\" cellspacing=\"0\" cellpadding=\"0\" align=\"center\">\n<tbody>\n<tr>\n<td align=\"center\" valign=\"middle\" bgcolor=\"#ffffff\" height=\"34\"><a href=\"https:\/\/41sau.r.a.d.sendibm1.com\/mk\/cl\/f\/sFG1-TClFzzS0xu03jWxZvEi5vGeTrP-nIeBuUj76H4ZDDVJsGIHoluYHRzAvSgKmj2mIOXZ4si0d3hu6qUsYs0JanclR9ojwtGfJXnup-w0XzPZ0ZqnBnZsyPZryUGKZZyio9Mm8iI80SIB3r9Jx9ANLLcsKNWx_ducesJI0MlbOASJgAUgC8oY4t7f1q8zmtH2tEsm0LNq99tmDaB1zdzORb5OHcdPO8HWxmtr1Y0F6DF6Gxve3WTS_W4V0ikbNsZq3GZI1nv353L4ppysx3hGT1YVQYetXRsSfukcxleiToBV1lHS9LZGzCYH1pix\" target=\"_blank\" rel=\"noreferrer noopener\"><strong>Consultar aqu\u00ed<\/strong><\/a><\/td>\n<\/tr>\n<\/tbody>\n<\/table>\n<\/td>\n<\/tr>\n<\/tbody>\n<\/table>\n<hr \/>\n<p style=\"text-align: center;\"><strong>INTERNET<\/strong><br \/>\n<strong>FTTH Fibra \u00d3ptica en Tu Hogar<\/strong><\/p>\n<p><strong><img loading=\"lazy\" decoding=\"async\" class=\" wp-image-16856 alignleft\" src=\"https:\/\/revistaepocadigital.com.ar\/wp-content\/uploads\/2022\/07\/fibra.png\" alt=\"\" width=\"195\" height=\"277\" srcset=\"https:\/\/revistaepocadigital.com.ar\/wp-content\/uploads\/2022\/07\/fibra.png 768w, https:\/\/revistaepocadigital.com.ar\/wp-content\/uploads\/2022\/07\/fibra-211x300.png 211w, https:\/\/revistaepocadigital.com.ar\/wp-content\/uploads\/2022\/07\/fibra-696x989.png 696w, https:\/\/revistaepocadigital.com.ar\/wp-content\/uploads\/2022\/07\/fibra-296x420.png 296w, https:\/\/revistaepocadigital.com.ar\/wp-content\/uploads\/2022\/07\/fibra-591x840.png 591w\" sizes=\"auto, (max-width: 195px) 100vw, 195px\" \/>Continuamos con las migraciones a FTTH en El Zorzal, Altos de Robles, Sakura II y III!<\/strong><\/p>\n<p>Seguimos conectando a nuevos usuarios y migrando a quienes tenian el Servicio ADSL, para que puedan disfrutar de Fibra \u00d3ptica en Tu Hogar en los barrios El Zorzal, Altos de Robles, Sakura II y III.<\/p>\n<p>\u00a1Gracias al trabajo conjunto entre la cooperativa y los vecinos que se comprometieron, apoyando con su contribuci\u00f3n econ\u00f3mica, estamos llevando adelante estas obras!<\/p>\n<hr \/>\n<p><strong>CEPRALARTE quedan pocos d\u00edas para visitar la muestra.<\/strong><\/p>\n<p><img loading=\"lazy\" decoding=\"async\" class=\" wp-image-16854 alignright\" src=\"https:\/\/revistaepocadigital.com.ar\/wp-content\/uploads\/2022\/07\/cepralarte.png\" alt=\"\" width=\"258\" height=\"348\" srcset=\"https:\/\/revistaepocadigital.com.ar\/wp-content\/uploads\/2022\/07\/cepralarte.png 652w, https:\/\/revistaepocadigital.com.ar\/wp-content\/uploads\/2022\/07\/cepralarte-223x300.png 223w, https:\/\/revistaepocadigital.com.ar\/wp-content\/uploads\/2022\/07\/cepralarte-312x420.png 312w, https:\/\/revistaepocadigital.com.ar\/wp-content\/uploads\/2022\/07\/cepralarte-623x840.png 623w\" sizes=\"auto, (max-width: 258px) 100vw, 258px\" \/>&#8220;Lavado y Secado&#8221; es el nombre de esta muestra fotogr\u00e1fica que se puede visitar en el hall de la Cooperativa hasta el viernes 22 de julio.<\/p>\n<p>Esta exposici\u00f3n est\u00e1 respaldada por una instalaci\u00f3n muy particular en la vitrina de Las Cuatro Estaciones de CepralArte que nos ense\u00f1a c\u00f3mo es un Cuarto Oscuro en el que se revelan las fotos en papel.<\/p>\n<p>Los art\u00edculos y muebles son propiedad del fot\u00f3grafo Guillermo Jos\u00e9 Garc\u00eda del R\u00edo, vecino de Jular\u00f3.<\/p>\n<p>Agradecemos por la curadur\u00eda de esta muestra a la artista Alicia Fontana.<\/p>\n<p>Los invitamos a recorrerla de lunes a viernes de 8 a 13.30 hs.<\/p>\n<hr \/>\n<p>&nbsp;<\/p>\n<p><img loading=\"lazy\" decoding=\"async\" class=\"aligncenter size-full wp-image-16862\" src=\"https:\/\/revistaepocadigital.com.ar\/wp-content\/uploads\/2022\/07\/visitanos.png\" alt=\"\" width=\"1030\" height=\"142\" srcset=\"https:\/\/revistaepocadigital.com.ar\/wp-content\/uploads\/2022\/07\/visitanos.png 1030w, https:\/\/revistaepocadigital.com.ar\/wp-content\/uploads\/2022\/07\/visitanos-300x41.png 300w, https:\/\/revistaepocadigital.com.ar\/wp-content\/uploads\/2022\/07\/visitanos-768x106.png 768w, https:\/\/revistaepocadigital.com.ar\/wp-content\/uploads\/2022\/07\/visitanos-696x96.png 696w\" sizes=\"auto, (max-width: 1030px) 100vw, 1030px\" \/><\/p>\n","protected":false},"excerpt":{"rendered":"<p>LA INFORMACI\u00d3N DESDE LA COOPERATIVA.<\/p>\n","protected":false},"author":3,"featured_media":16873,"comment_status":"open","ping_status":"open","sticky":false,"template":"","format":"standard","meta":{"footnotes":"","jetpack_publicize_message":"","jetpack_publicize_feature_enabled":true,"jetpack_social_post_already_shared":false,"jetpack_social_options":{"image_generator_settings":{"template":"highway","default_image_id":0,"font":"","enabled":false},"version":2}},"categories":[5],"tags":[29,1849],"class_list":["post-16848","post","type-post","status-publish","format-standard","has-post-thumbnail","hentry","category-aqui-parada-robles","tag-cepral","tag-info"],"jetpack_publicize_connections":[],"jetpack_featured_media_url":"https:\/\/revistaepocadigital.com.ar\/wp-content\/uploads\/2022\/07\/lo-que-hacemos-1.png","jetpack_likes_enabled":true,"_links":{"self":[{"href":"https:\/\/revistaepocadigital.com.ar\/index.php?rest_route=\/wp\/v2\/posts\/16848","targetHints":{"allow":["GET"]}}],"collection":[{"href":"https:\/\/revistaepocadigital.com.ar\/index.php?rest_route=\/wp\/v2\/posts"}],"about":[{"href":"https:\/\/revistaepocadigital.com.ar\/index.php?rest_route=\/wp\/v2\/types\/post"}],"author":[{"embeddable":true,"href":"https:\/\/revistaepocadigital.com.ar\/index.php?rest_route=\/wp\/v2\/users\/3"}],"replies":[{"embeddable":true,"href":"https:\/\/revistaepocadigital.com.ar\/index.php?rest_route=%2Fwp%2Fv2%2Fcomments&post=16848"}],"version-history":[{"count":0,"href":"https:\/\/revistaepocadigital.com.ar\/index.php?rest_route=\/wp\/v2\/posts\/16848\/revisions"}],"wp:featuredmedia":[{"embeddable":true,"href":"https:\/\/revistaepocadigital.com.ar\/index.php?rest_route=\/wp\/v2\/media\/16873"}],"wp:attachment":[{"href":"https:\/\/revistaepocadigital.com.ar\/index.php?rest_route=%2Fwp%2Fv2%2Fmedia&parent=16848"}],"wp:term":[{"taxonomy":"category","embeddable":true,"href":"https:\/\/revistaepocadigital.com.ar\/index.php?rest_route=%2Fwp%2Fv2%2Fcategories&post=16848"},{"taxonomy":"post_tag","embeddable":true,"href":"https:\/\/revistaepocadigital.com.ar\/index.php?rest_route=%2Fwp%2Fv2%2Ftags&post=16848"}],"curies":[{"name":"wp","href":"https:\/\/api.w.org\/{rel}","templated":true}]}}