{"id":16867,"date":"2022-07-18T23:37:35","date_gmt":"2022-07-19T02:37:35","guid":{"rendered":"https:\/\/revistaepocadigital.com.ar\/?p=16867"},"modified":"2022-07-20T10:25:06","modified_gmt":"2022-07-20T13:25:06","slug":"anses-paga-haberes-a-jubilados-y-pensionados-quienes-cobra","status":"publish","type":"post","link":"https:\/\/revistaepocadigital.com.ar\/?p=16867","title":{"rendered":"ANSES. MORATORIA PREVISIONAL: SE EXTIENDE EL PLAZO HASTA LA SANCI\u00d3N DE UNA NUEVA LEY"},"content":{"rendered":"<header class=\"site-header sticky-header\">\n<div class=\"desktop-inner-container\">\n<div class=\"top-part\">\n<div class=\"inner-sticky-desktop-holder flex-container align-center justify-between\">\n<div class=\"left-part flex-container align-center\">\n<p class=\"font-700 uppercase hide-mobile\"><strong>INFO \u00daTIL.<\/strong><\/p>\n<\/div>\n<\/div>\n<\/div>\n<\/div>\n<\/header>\n<p><!--more--><\/p>\n<div class=\"msg-body P_wpofO mq_AS\" data-test-id=\"message-view-body-content\">\n<div class=\"jb_0 X_6MGW N_6Fd5\">\n<div id=\"yiv2841085933\">\n<div class=\"yiv2841085933WordSection1\">\n<p class=\"yiv2841085933MsoNormal\"><span lang=\"ES\">El presidente de la Naci\u00f3n,\u00a0<b>Alberto Fern\u00e1ndez<\/b>, junto a la directora ejecutiva de ANSES,\u00a0<b>Fernanda Raverta<\/b>, anunciaron la pr\u00f3rroga de la Ley 26.970.<\/span><\/p>\n<p class=\"yiv2841085933MsoNormal\"><span lang=\"ES\">Al respecto, el Presidente expres\u00f3: \u201c<i>Tomamos la decisi\u00f3n de extender el plazo de la moratoria previsional que fuera sancionada en 2014, pol\u00edtica indispensable para garantizar que millones de mujeres puedan acceder a una jubilaci\u00f3n, hasta que el Congreso sancione una nueva Ley. En nuestro gobierno tenemos el compromiso de garantizar que todas las personas mayores sean incluidas en el sistema previsional despu\u00e9s de toda una vida de trabajo<\/i>\u201d.<\/span><\/p>\n<p class=\"yiv2841085933MsoNormal\"><span lang=\"ES\">Por su parte, la titular de ANSES agreg\u00f3: \u201c<i>Como Estado nacional tenemos la convicci\u00f3n de que esta extensi\u00f3n era necesaria, mientras se trabaja en el Congreso en una nueva ley, para poder garantizar que todas las argentinas y argentinos en un futuro puedan estar incluidos en el sistema previsional<\/i>\u201d.<\/span><\/p>\n<p class=\"yiv2841085933MsoNormal\"><span lang=\"ES\">A trav\u00e9s de esta medida, el Gobierno nacional extiende el plazo de adhesi\u00f3n al R\u00e9gimen Especial de Regularizaci\u00f3n de Deudas Previsionales establecido por la Ley N\u00b0 26.970 y prorrogado por ANSES mediante la Resoluci\u00f3n N\u00ba 158 del a\u00f1o 2019, para las mujeres que cumplan la edad jubilatoria de 60 a\u00f1os y fueran menores de 65 a\u00f1os.<\/span><\/p>\n<p class=\"yiv2841085933MsoNormal\"><span lang=\"ES\">De este modo, se busca evitar que la interrupci\u00f3n de dicho r\u00e9gimen durante el tr\u00e1mite parlamentario ponga en riesgo la prestaci\u00f3n alimentaria que se deriva de los beneficios previsionales.<\/span><\/p>\n<p class=\"yiv2841085933MsoNormal\"><span lang=\"ES\">Cabe aclarar que la extensi\u00f3n del plazo establecido quedar\u00e1 sin efecto en caso de entrar en vigencia un nuevo r\u00e9gimen para el acceso a las prestaciones previsionales, a trav\u00e9s de un Plan de Regularizaci\u00f3n de Deuda Previsional.<\/span><\/p>\n<p class=\"yiv2841085933MsoNormal\"><span lang=\"ES\">\u00a0<\/span><b><\/b><\/p>\n<\/div>\n<\/div>\n<\/div>\n<\/div>\n<div class=\"jb_0 X_6MGW N_6Fd5\">\n<div class=\"P_0 je_fq7\">\n<div class=\"W_3n93F p_R\" data-test-id=\"attachment-item\">\n<div class=\"I_Z1gjdlg k_w H_7yHc p_R o_h\" data-test-id=\"attachment-container\"><\/div>\n<\/div>\n<\/div>\n<\/div>\n<hr \/>\n<p>&nbsp;<\/p>\n<h3><strong>Pago de hberes a jubilados y pensionados<\/strong><\/h3>\n<div class=\"nota-desktop-flex-container\">\n<article id=\"mainArticle\" class=\"main-article\">\n<section class=\"nota-top-part has-sm-mobile-gutter\">\n<h4 class=\"nota-bajada\">La ANSES inform\u00f3 las fechas de cobro correspondientes a julio 2022 para jubilados y pensionados, de acuerdo a su \u00faltimo n\u00famero de DNI. Consult\u00e1 cu\u00e1ndo cobr\u00e1s.<\/h4>\n<h2 class=\"nota-bajada\"><strong style=\"font-family: Verdana, Geneva, sans-serif; font-size: 15px; color: #222222;\">La Administraci\u00f3n Nacional de la Seguridad Social <\/strong><span style=\"font-family: Verdana, Geneva, sans-serif; font-size: 15px; color: #222222;\">(<\/span><strong style=\"font-family: Verdana, Geneva, sans-serif; font-size: 15px; color: #222222;\">ANSES<\/strong><span style=\"font-family: Verdana, Geneva, sans-serif; font-size: 15px; color: #222222;\">) confirm\u00f3 las\u00a0<\/span><strong style=\"font-family: Verdana, Geneva, sans-serif; font-size: 15px; color: #222222;\"><a href=\"https:\/\/www.cronica.com.ar\/sociedad\/ANSES-julio-2022-todas-las-fechas-de-cobro-para-jubilados-pensionados-AUH-AUE-y-otras-asignaciones-20220630-0130.html\" target=\"_blank\" rel=\"noopener\">fechas de cobro de julio\u00a02022 para\u00a0jubilados y pensionados<\/a>\u00a0<\/strong><span style=\"font-family: Verdana, Geneva, sans-serif; font-size: 15px; color: #222222;\">de acuerdo a\u00a0su\u00a0<\/span><strong style=\"font-family: Verdana, Geneva, sans-serif; font-size: 15px; color: #222222;\">\u00faltimo n\u00famero de Documento de Identidad<\/strong><span style=\"font-family: Verdana, Geneva, sans-serif; font-size: 15px; color: #222222;\">\u00a0(<\/span><strong style=\"font-family: Verdana, Geneva, sans-serif; font-size: 15px; color: #222222;\">DNI<\/strong><span style=\"font-family: Verdana, Geneva, sans-serif; font-size: 15px; color: #222222;\">).<\/span><\/h2>\n<\/section>\n<div class=\"article-body has-sm-mobile-gutter\">\n<div class=\"notabody\">\n<div class=\"banner-box\">\n<div id=\"div-gpt-ad-1634935363466-1\"><\/div>\n<\/div>\n<p>Es as\u00ed que el<strong>\u00a0lunes 18 de julio\u00a0<\/strong>continu\u00f3 <strong>el pago para aquellos jubilados y pensionados con haberes que no superen los $42.178 y que tengan DNI finalizado en 6<\/strong>,\u00a0informo\u00a0<strong>MI ANSES<\/strong>, a trav\u00e9s de su sitio<strong><em>\u00a0anses.gob.ar<\/em><\/strong>.<\/p>\n<p>Quienes perciben montos\u00a0por<strong>\u00a0Pensiones No Contributivas<\/strong>\u00a0(<strong>PNC<\/strong>), por su parte, ya finalizaron su calendario de pagos, y\u00a0<strong>aquellos jubilados y pensionados con la m\u00e1xima comenzar\u00e1n sus cobros\u00a0el viernes 22<\/strong>.<\/p>\n<p>Las\u00a0<strong>Asignaciones Familiares de Pensiones No Contributivas<\/strong>\u00a0comenzaron a ser acreditadas a los titulares entre el viernes 8 de julio y se pagar\u00e1n\u00a0hasta el jueves 11 de agosto inclusive.<\/p>\n<p>Estos beneficiarios recibieron en junio pasado\u00a0<a href=\"https:\/\/www.cronica.com.ar\/politica\/ANSES-pagos-extraordinarios-de-junio-para-jubilados-pensionados-y-monotributistas-en-detalle-20220630-0145.html\" target=\"_blank\" rel=\"noopener\"><strong>el segundo\u00a0aumento\u00a0trimestral\u00a0del 2022 en los montos<\/strong><\/a>,\u00a0sumado al\u00a0<strong>medio\u00a0aguinaldo\u00a0para\u00a0jubilaciones, pensiones y asignaciones,\u00a0<\/strong>que\u00a0equivale\u00a0al 50% del ingreso mensual.<\/p>\n<p>Con este incremento,\u00a0<strong>la jubilaci\u00f3n m\u00ednima\u00a0ascender\u00e1 a\u00a0$37.524,96<\/strong>, hab\u00eda anunciado\u00a0la directora ejecutiva de la ANSES,\u00a0<strong>Fernanda Raverta<\/strong>.<\/p>\n<p>La\u00a0<strong>ANSES\u00a0<\/strong>record\u00f3 que, si bien los titulares no tienen que solicitar turno previo para cobrar los haberes,\u00a0<strong>deben acercarse a la sucursal bancaria \u00fanicamente en las fechas que corresponden seg\u00fan la terminaci\u00f3n del DNI<\/strong>.<\/p>\n<p>&nbsp;<\/p>\n<p>&nbsp;<\/p>\n<\/div>\n<\/div>\n<\/article>\n<\/div>\n<p>&nbsp;<\/p>\n","protected":false},"excerpt":{"rendered":"<p>INFO \u00daTIL.<\/p>\n","protected":false},"author":3,"featured_media":16869,"comment_status":"open","ping_status":"open","sticky":false,"template":"","format":"standard","meta":{"footnotes":"","jetpack_publicize_message":"","jetpack_publicize_feature_enabled":true,"jetpack_social_post_already_shared":false,"jetpack_social_options":{"image_generator_settings":{"template":"highway","default_image_id":0,"font":"","enabled":false},"version":2}},"categories":[81],"tags":[142],"class_list":["post-16867","post","type-post","status-publish","format-standard","has-post-thumbnail","hentry","category-anses","tag-pagos"],"jetpack_publicize_connections":[],"jetpack_featured_media_url":"https:\/\/revistaepocadigital.com.ar\/wp-content\/uploads\/2022\/07\/jubilados_crop1658075707359_crop1658075743080.jpg_1833193316.webp","jetpack_likes_enabled":true,"_links":{"self":[{"href":"https:\/\/revistaepocadigital.com.ar\/index.php?rest_route=\/wp\/v2\/posts\/16867","targetHints":{"allow":["GET"]}}],"collection":[{"href":"https:\/\/revistaepocadigital.com.ar\/index.php?rest_route=\/wp\/v2\/posts"}],"about":[{"href":"https:\/\/revistaepocadigital.com.ar\/index.php?rest_route=\/wp\/v2\/types\/post"}],"author":[{"embeddable":true,"href":"https:\/\/revistaepocadigital.com.ar\/index.php?rest_route=\/wp\/v2\/users\/3"}],"replies":[{"embeddable":true,"href":"https:\/\/revistaepocadigital.com.ar\/index.php?rest_route=%2Fwp%2Fv2%2Fcomments&post=16867"}],"version-history":[{"count":0,"href":"https:\/\/revistaepocadigital.com.ar\/index.php?rest_route=\/wp\/v2\/posts\/16867\/revisions"}],"wp:featuredmedia":[{"embeddable":true,"href":"https:\/\/revistaepocadigital.com.ar\/index.php?rest_route=\/wp\/v2\/media\/16869"}],"wp:attachment":[{"href":"https:\/\/revistaepocadigital.com.ar\/index.php?rest_route=%2Fwp%2Fv2%2Fmedia&parent=16867"}],"wp:term":[{"taxonomy":"category","embeddable":true,"href":"https:\/\/revistaepocadigital.com.ar\/index.php?rest_route=%2Fwp%2Fv2%2Fcategories&post=16867"},{"taxonomy":"post_tag","embeddable":true,"href":"https:\/\/revistaepocadigital.com.ar\/index.php?rest_route=%2Fwp%2Fv2%2Ftags&post=16867"}],"curies":[{"name":"wp","href":"https:\/\/api.w.org\/{rel}","templated":true}]}}