{"id":1689,"date":"2019-02-16T15:46:48","date_gmt":"2019-02-16T18:46:48","guid":{"rendered":"https:\/\/revistaepocadigital.com.ar\/?p=1689"},"modified":"2019-02-16T15:46:48","modified_gmt":"2019-02-16T18:46:48","slug":"carcel-modelo-para-jovenes-de-18-a-21-anos-en-campana","status":"publish","type":"post","link":"https:\/\/revistaepocadigital.com.ar\/?p=1689","title":{"rendered":"C\u00c1RCEL MODELO PARA J\u00d3VENES DE 18 A 21 A\u00d1OS EN CAMPANA"},"content":{"rendered":"<p><strong>LA INAUGUR\u00d3 LA GOBERNADORA MAR\u00cdA EUGENIA VIDAL.<\/strong><!--more--><\/p>\n<p><em>\u201cEs la primera c\u00e1rcel que se construye en veinte a\u00f1os en la provincia, cuando llegamos, esta obra estaba paralizada desde 2014: solamente se hab\u00eda ejecutado en un veinte por ciento; nosotros la tomamos, la terminamos y la convertimos en esta unidad modelo porque la reinserci\u00f3n social es posible, y este es un camino de dignidad para no volver a cometer un delito&#8221;,<\/em> sostuvo <strong>Vidal<\/strong>.<\/p>\n<p>El nuevo penal en las cercan\u00edas de <strong>Campana, sobre la autov\u00eda 6<\/strong>, est\u00e1 destinado a<strong> j\u00f3venes de 18 a 21 a\u00f1os,<\/strong> y apunta a promover la reinserci\u00f3n social de los detenidos mediante la educaci\u00f3n y el desarrollo de talleres laborales.<\/p>\n<p>&#8220;<em>Este es un desaf\u00edo, es el camino de la dignidad para los que estamos afuera, de sentirnos m\u00e1s protegidos, y para los que est\u00e1n adentro, de encontrar un camino para no volver a cometer un delito&#8221;<\/em>, asever\u00f3 Vidal y agreg\u00f3 <em>\u201ccuando asumimos encontramos un sistema penitenciario donde se hablaba mucho de derechos humanos pero la mayor parte de los detenidos no ten\u00eda nada que hacer durante el d\u00eda, ni estudiar ni trabajar\u201d.<\/em><\/p>\n<p>Luego agreg\u00f3 <strong>Vidal,<\/strong> <em>\u201clo que suceda durante el tiempo de detenci\u00f3n, va a ser clave para que no vuelvan a cometer delitos. Queremos mostrar que la reinserci\u00f3n es posible: lo que pasa dentro de las c\u00e1rceles tiene que ver con la seguridad. Cuando el trabajo de resinserci\u00f3n no se hace bien, viene la reincidencia, y eso contribuye al delito&#8221;.<\/em><\/p>\n<figure id=\"attachment_1693\" aria-describedby=\"caption-attachment-1693\" style=\"width: 696px\" class=\"wp-caption alignnone\"><img loading=\"lazy\" decoding=\"async\" class=\"size-large wp-image-1693\" src=\"https:\/\/revistaepocadigital.com.ar\/wp-content\/uploads\/2019\/02\/vidal.carcel19-1024x653.jpg\" alt=\"\" width=\"696\" height=\"444\" srcset=\"https:\/\/revistaepocadigital.com.ar\/wp-content\/uploads\/2019\/02\/vidal.carcel19-1024x653.jpg 1024w, https:\/\/revistaepocadigital.com.ar\/wp-content\/uploads\/2019\/02\/vidal.carcel19-300x191.jpg 300w, https:\/\/revistaepocadigital.com.ar\/wp-content\/uploads\/2019\/02\/vidal.carcel19-768x490.jpg 768w, https:\/\/revistaepocadigital.com.ar\/wp-content\/uploads\/2019\/02\/vidal.carcel19-696x444.jpg 696w, https:\/\/revistaepocadigital.com.ar\/wp-content\/uploads\/2019\/02\/vidal.carcel19-1068x681.jpg 1068w, https:\/\/revistaepocadigital.com.ar\/wp-content\/uploads\/2019\/02\/vidal.carcel19-658x420.jpg 658w, https:\/\/revistaepocadigital.com.ar\/wp-content\/uploads\/2019\/02\/vidal.carcel19-1317x840.jpg 1317w, https:\/\/revistaepocadigital.com.ar\/wp-content\/uploads\/2019\/02\/vidal.carcel19-1920x1225.jpg 1920w\" sizes=\"auto, (max-width: 696px) 100vw, 696px\" \/><figcaption id=\"caption-attachment-1693\" class=\"wp-caption-text\">La gobernadora recorri\u00f3 la nueva c\u00e1rcel.<\/figcaption><\/figure>\n<p>Seg\u00fan la mandataria provincial, <em>&#8220;muchos miraron para otro lado durante muchos a\u00f1os, pensando que lo que pasaba adentro no lo miraba nadie. Nosotros lo vimos: vimos la corrupci\u00f3n y el delito que se comet\u00edan dentro de las c\u00e1rceles, y vimos el estado de abandono en el que estaban. Todav\u00eda no son las c\u00e1rceles que queremos, pero estamos mucho m\u00e1s cerca que cuando llegamos&#8221;. &#8220;Adem\u00e1s<\/em> \u2013continu\u00f3-, <em>no transamos con la corrupci\u00f3n carcelaria, removimos a toda la c\u00fapula penitenciaria, mejoramos la capacitaci\u00f3n&#8221;.<\/em><\/p>\n<p>La<strong> Unidad Penitenciaria 57<\/strong> permite el alojamiento de unos<strong> 600 j\u00f3venes de entre 18 y 21 a\u00f1os,<\/strong> los que tendr\u00e1n la posibilidad de completar estudios secundarios, terciarios y capacitarse en talleres laborales, para facilitar su reinserci\u00f3n social al momento de que se cumplan sus condenas. Estuvo acompa\u00f1ada la gobernadora en la inauguraci\u00f3n por el ministro de Justicia, Gustavo Ferrari; el secretario de Derechos Humanos provincial, Santiago Cant\u00f3n; el intendente de Campana, Sebasti\u00e1n Abella; el director de la nueva unidad, Manuel Gast\u00f3n Collado; y Fernando Manzanares, asesor del Ministerio de Justicia que coordin\u00f3 el proyecto de la Unidad Modelo. La mandataria acot\u00f3 que la c\u00e1rcel ser\u00e1 destinada a alojar a muchachos que<em> &#8220;han cometido su primer delito, en muchos casos, que no son homicidas, no son violadores, no han secuestrado&#8221;.<\/em><\/p>\n<p>El proyecto, impulsado por la gobernadora y el ministro Ferrari, prev\u00e9 la plena ocupaci\u00f3n de los internos a trav\u00e9s de la educaci\u00f3n, el trabajo, el deporte y el abordaje asistencial intensivo, enfocado en la salud y las adicciones. <strong>Ferrari<\/strong> destac\u00f3 que <em>\u201cen este penal va a ser obligatorio estudiar, aprender un oficio y seguir un r\u00e9gimen de pautas de disciplina y de convivencia\u201d,<\/em> y resalt\u00f3<em> \u201cla primera reforma del Sistema Penitenciario en democracia impulsadapor la gobernadora, Mar\u00eda Eugenia Vidal, con la que logramos una mejor profesionalizaci\u00f3n del Servicio para que las personas que cometieron delitos y est\u00e1n detenidas, se puedan rehabilitar y no vuelvan a cometerlos cuando salgan\u201d.<\/em><\/p>\n<p>Desde el inicio de la gesti\u00f3n de Vidal, el ejecutivo bonaerense promovi\u00f3 un cambio de paradigma en la lucha contra la inseguridad, que abarca cuatro aspectos fundamentales: la <strong>Polic\u00eda, la Ley y la Justicia, la Inclusi\u00f3n Social y el Servicio Penitenciario.<\/strong> En este \u00faltimo punto, se inici\u00f3 una reforma destinada a transparentar el sistema, mejorar la capacitaci\u00f3n de los agentes, garantizar las condiciones de habitabilidad y la reinserci\u00f3n social de los detenidos, y contribuir a la seguridad en la Provincia.<\/p>\n<p>La <strong>Unidad Modelo de Campana<\/strong> permite alojar a 616 j\u00f3venes de sexo masculino, que est\u00e9n cumpliendo una pena menor a los cinco a\u00f1os de reclusi\u00f3n, relacionada con delitos como robos, hurtos o encubrimientos. Para ingresar al programa desarrollado en el nuevo penal, los internos deber\u00e1n firmar un \u201cacta de conformidad\u201d con la que se comprometer\u00e1n a cumplir pautas de convivencia como el respeto de horarios y tareas del pabell\u00f3n, la asistencia a las actividades educativas, laborales, de capacitaci\u00f3n y deportivas, m\u00e1s las reglas relacionadas al aseo personal, limpieza de los lugares comunes y cuidado edilicio.<\/p>\n<p>La unidad ofrece a sus internos las herramientas necesarias para que<em> &#8220;puedan empezar una vida lejos del delito&#8221;,<\/em> desde sus cuatro m\u00f3dulos que incluir\u00e1n celdas, aulas, talleres y un polideportivo central. Las salas de clase conforman una escuela con capacidad para 480 internos -la m\u00e1s grande del Servicio Penitenciario Bonaerense- y un aula taller m\u00f3vil donde se dictar\u00e1n cursos de alfabetizaci\u00f3n digital. Los talleres de trabajo, en tanto, ocupan m\u00e1s de 800 metros cuadrados y tendr\u00e1n una capacidad para 200 j\u00f3venes.<\/p>\n<p>Al inicio de la gesti\u00f3n, las <strong>55 c\u00e1rceles<\/strong> de la provincia de Buenos Aires ten\u00edan problemas edilicios graves y estaban en estado de abandono. No contaban con los elementos b\u00e1sicos para garantizar la seguridad del personal penitenciario y los internos. No hab\u00eda candados suficientes para el cierre de rejas, puertas y portones, y los agentes no pose\u00edan los insumos m\u00ednimos para cumplir sus funciones y proteger su seguridad.<\/p>\n<p>En 2015 s\u00f3lo hab\u00eda 51 talleres en funcionamiento. Las 28 panader\u00edas instaladas mostraban falta de mantenimiento, las maquinarias estaban fuera de servicio o en desuso. Los quince talleres textiles estaban cerrados y hab\u00eda 37 talleres de chapa, pintura y mec\u00e1nica inactivos.<\/p>\n<p>Foto: Secretar\u00eda de Medios, provincia de Buenos Aires.<\/p>\n","protected":false},"excerpt":{"rendered":"<p>LA INAUGUR\u00d3 LA GOBERNADORA MAR\u00cdA EUGENIA VIDAL.<\/p>\n","protected":false},"author":4,"featured_media":1692,"comment_status":"open","ping_status":"open","sticky":false,"template":"","format":"standard","meta":{"footnotes":"","jetpack_publicize_message":"","jetpack_publicize_feature_enabled":true,"jetpack_social_post_already_shared":false,"jetpack_social_options":{"image_generator_settings":{"template":"highway","default_image_id":0,"font":"","enabled":false},"version":2}},"categories":[17],"tags":[217,146],"class_list":["post-1689","post","type-post","status-publish","format-standard","has-post-thumbnail","hentry","category-politica","tag-carcel-campana","tag-vidal"],"jetpack_publicize_connections":[],"jetpack_featured_media_url":"https:\/\/revistaepocadigital.com.ar\/wp-content\/uploads\/2019\/02\/vidal-19..jpg","jetpack_likes_enabled":true,"_links":{"self":[{"href":"https:\/\/revistaepocadigital.com.ar\/index.php?rest_route=\/wp\/v2\/posts\/1689","targetHints":{"allow":["GET"]}}],"collection":[{"href":"https:\/\/revistaepocadigital.com.ar\/index.php?rest_route=\/wp\/v2\/posts"}],"about":[{"href":"https:\/\/revistaepocadigital.com.ar\/index.php?rest_route=\/wp\/v2\/types\/post"}],"author":[{"embeddable":true,"href":"https:\/\/revistaepocadigital.com.ar\/index.php?rest_route=\/wp\/v2\/users\/4"}],"replies":[{"embeddable":true,"href":"https:\/\/revistaepocadigital.com.ar\/index.php?rest_route=%2Fwp%2Fv2%2Fcomments&post=1689"}],"version-history":[{"count":0,"href":"https:\/\/revistaepocadigital.com.ar\/index.php?rest_route=\/wp\/v2\/posts\/1689\/revisions"}],"wp:featuredmedia":[{"embeddable":true,"href":"https:\/\/revistaepocadigital.com.ar\/index.php?rest_route=\/wp\/v2\/media\/1692"}],"wp:attachment":[{"href":"https:\/\/revistaepocadigital.com.ar\/index.php?rest_route=%2Fwp%2Fv2%2Fmedia&parent=1689"}],"wp:term":[{"taxonomy":"category","embeddable":true,"href":"https:\/\/revistaepocadigital.com.ar\/index.php?rest_route=%2Fwp%2Fv2%2Fcategories&post=1689"},{"taxonomy":"post_tag","embeddable":true,"href":"https:\/\/revistaepocadigital.com.ar\/index.php?rest_route=%2Fwp%2Fv2%2Ftags&post=1689"}],"curies":[{"name":"wp","href":"https:\/\/api.w.org\/{rel}","templated":true}]}}