{"id":16893,"date":"2022-07-18T09:07:57","date_gmt":"2022-07-18T12:07:57","guid":{"rendered":"https:\/\/revistaepocadigital.com.ar\/?p=16893"},"modified":"2022-07-23T14:53:02","modified_gmt":"2022-07-23T17:53:02","slug":"el-tren-de-capilla-a-diego-gaynor-canta-volver","status":"publish","type":"post","link":"https:\/\/revistaepocadigital.com.ar\/?p=16893","title":{"rendered":"EL TREN DE CAPILLA A DIEGO GAYNOR Y SAN ANTONIO DE ARECO CANTA &#8220;VOLVER&#8221;"},"content":{"rendered":"<div dir=\"ltr\"><strong>20 DE JULIO. LA PRUEBA.<\/strong><\/div>\n<p><!--more--><\/p>\n<div dir=\"ltr\"><\/div>\n<div dir=\"ltr\">El mi\u00e9rcoles 20 de julio se realiza la primera prueba del Tren que unir\u00e1 nuevamente Capilla del Se\u00f1or con San Antonio de Areco, con el paso previo con detenci\u00f3n incl\u00edda en la estaci\u00f3n de Diego Gaynor.<\/div>\n<div dir=\"ltr\"><\/div>\n<div dir=\"ltr\">A\u00f1os de olvido, de sentimienrtos, frustraciones e idas y vueltas, comenzaron a quedar atr\u00e1s. La vuelta del recordado servicios de trenes del Ferrocarril Mitre entre Capilla del Se\u00f1or, Diego Gaynor y San Antonio de Areco dio un paso de gran significaci\u00f3n, previo al reestablacimiento del servicio de gran necesidad para pobladores.<\/div>\n<div dir=\"ltr\"><\/div>\n<div dir=\"ltr\">El emotivo evento centrado en la estaci\u00f3n de Gaynor estaba acompa\u00f1ado por diversas actividades comunitarias, asistiendo autoridadades municipales y del ferrocarril.<\/div>\n<div dir=\"ltr\">.<\/div>\n<div dir=\"ltr\">Adem\u00e1s, en el marco de las vacaciones de invierno, se realizabauna actividad dedicada a los m\u00e1s chicos y sus familias, con m\u00fasica, juegos y actividades recreativas.<\/div>\n<div dir=\"ltr\"><\/div>\n","protected":false},"excerpt":{"rendered":"<p>20 DE JULIO. LA PRUEBA.<\/p>\n","protected":false},"author":3,"featured_media":16916,"comment_status":"open","ping_status":"open","sticky":false,"template":"","format":"standard","meta":{"footnotes":"","jetpack_publicize_message":"","jetpack_publicize_feature_enabled":true,"jetpack_social_post_already_shared":false,"jetpack_social_options":{"image_generator_settings":{"template":"highway","default_image_id":0,"font":"","enabled":false},"version":2}},"categories":[13],"tags":[],"class_list":["post-16893","post","type-post","status-publish","format-standard","has-post-thumbnail","hentry","category-interes-general"],"jetpack_publicize_connections":[],"jetpack_featured_media_url":"https:\/\/revistaepocadigital.com.ar\/wp-content\/uploads\/2022\/07\/tren-gaynor21-1.jpg","jetpack_likes_enabled":true,"_links":{"self":[{"href":"https:\/\/revistaepocadigital.com.ar\/index.php?rest_route=\/wp\/v2\/posts\/16893","targetHints":{"allow":["GET"]}}],"collection":[{"href":"https:\/\/revistaepocadigital.com.ar\/index.php?rest_route=\/wp\/v2\/posts"}],"about":[{"href":"https:\/\/revistaepocadigital.com.ar\/index.php?rest_route=\/wp\/v2\/types\/post"}],"author":[{"embeddable":true,"href":"https:\/\/revistaepocadigital.com.ar\/index.php?rest_route=\/wp\/v2\/users\/3"}],"replies":[{"embeddable":true,"href":"https:\/\/revistaepocadigital.com.ar\/index.php?rest_route=%2Fwp%2Fv2%2Fcomments&post=16893"}],"version-history":[{"count":0,"href":"https:\/\/revistaepocadigital.com.ar\/index.php?rest_route=\/wp\/v2\/posts\/16893\/revisions"}],"wp:featuredmedia":[{"embeddable":true,"href":"https:\/\/revistaepocadigital.com.ar\/index.php?rest_route=\/wp\/v2\/media\/16916"}],"wp:attachment":[{"href":"https:\/\/revistaepocadigital.com.ar\/index.php?rest_route=%2Fwp%2Fv2%2Fmedia&parent=16893"}],"wp:term":[{"taxonomy":"category","embeddable":true,"href":"https:\/\/revistaepocadigital.com.ar\/index.php?rest_route=%2Fwp%2Fv2%2Fcategories&post=16893"},{"taxonomy":"post_tag","embeddable":true,"href":"https:\/\/revistaepocadigital.com.ar\/index.php?rest_route=%2Fwp%2Fv2%2Ftags&post=16893"}],"curies":[{"name":"wp","href":"https:\/\/api.w.org\/{rel}","templated":true}]}}