{"id":16924,"date":"2022-07-20T10:11:09","date_gmt":"2022-07-20T13:11:09","guid":{"rendered":"https:\/\/revistaepocadigital.com.ar\/?p=16924"},"modified":"2022-07-20T10:11:09","modified_gmt":"2022-07-20T13:11:09","slug":"kicillof-anuncio-la-vacunacion-libre-con-tercera-dosis-para-trabajadores-de-la-educacion-y-mayores-de-50-anos","status":"publish","type":"post","link":"https:\/\/revistaepocadigital.com.ar\/?p=16924","title":{"rendered":"Kicillof anunci\u00f3 la vacunaci\u00f3n libre con tercera dosis para trabajadores de la educaci\u00f3n y mayores de 50 a\u00f1os"},"content":{"rendered":"<div class=\"I_ZkbNhI D_FY W_6D6F\" data-test-id=\"message-view-body\">\n<div class=\"msg-body P_wpofO mq_AS\" data-test-id=\"message-view-body-content\">\n<div class=\"jb_0 X_6MGW N_6Fd5\">\n<div>\n<div dir=\"ltr\">\n<p><strong><strong>VERANO EN LA PROVINCIA.<\/strong><\/strong><\/p>\n<div class=\"I_ZkbNhI D_FY W_6D6F\" data-test-id=\"message-view-body\">\n<div class=\"msg-body P_wpofO mq_AS\" data-test-id=\"message-view-body-content\">\n<div class=\"jb_0 X_6MGW N_6Fd5\">\n<div>\n<div dir=\"ltr\"><\/div>\n<\/div>\n<\/div>\n<\/div>\n<\/div>\n<p><!--more--><\/p>\n<\/div>\n<div dir=\"ltr\"><\/div>\n<div dir=\"ltr\">El Gobernador inform\u00f3 tambi\u00e9n la implementaci\u00f3n de jornadas itinerantes de vacunaci\u00f3n en 2.600 escuelas bonaerenses.<\/div>\n<div dir=\"ltr\"><\/div>\n<div dir=\"ltr\">\u201cEl programa de vacunaci\u00f3n libre y federal con tercera dosis se extiende a las y los trabajadores de la educaci\u00f3n y a todas las personas mayores de 50 a\u00f1os, siempre que hayan completado sus esquemas primarios hace al menos cuatro meses\u201d, anunci\u00f3 el gobernador de la provincia de Buenos Aires, Axel Kicillof, al encabezar de forma virtual una conferencia que se llev\u00f3 a cabo en la ciudad de Santa Teresita.<\/div>\n<div dir=\"ltr\"><\/div>\n<div dir=\"ltr\">Estuvieron presentes la vicegobernadora Ver\u00f3nica Magario; los ministros de Producci\u00f3n, Ciencia e Innovaci\u00f3n Tecnol\u00f3gica, Augusto Costa; y de Salud, Nicol\u00e1s Kreplak; el director general de Cultura y Educaci\u00f3n, Alberto Sileoni; el director ejecutivo de ARBA, Cristian Girard; y el intendente de La Costa, Cristian Cardozo.<\/div>\n<div dir=\"ltr\"><\/div>\n<div dir=\"ltr\">\u201cAs\u00ed como esta temporada hist\u00f3rica es posible gracias a la preparaci\u00f3n y el avance de la campa\u00f1a de vacunaci\u00f3n, estamos planificando tambi\u00e9n el ciclo lectivo 2022: queremos tener una vuelta al colegio cuidada\u201d, asegur\u00f3 Kicillof, al tiempo que valor\u00f3 \u201cel esfuerzo que han hecho las y los docentes para ir a buscar casa por casa a quienes hab\u00edan perdido el v\u00ednculo, demostrando que en la Provincia no vamos a dejar a nadie atr\u00e1s\u201d.<\/div>\n<div dir=\"ltr\"><\/div>\n<div dir=\"ltr\">El programa Buenos Aires Vacunate ya super\u00f3 las 5,5 millones de aplicaciones en ni\u00f1os, ni\u00f1as y adolescentes, alcanzando una cobertura del 76% con primera dosis y 54% con el segundo componente. En tanto, 526 mil docentes ya completaron sus esquemas primarios y m\u00e1s de 178 mil fueron inoculados tambi\u00e9n con la dosis de refuerzo. En ese sentido, el Gobernador anunci\u00f3 tambi\u00e9n que \u201cde cara al comienzo del ciclo lectivo, en febrero vamos a realizar nuevas jornadas itinerantes de vacunaci\u00f3n en escuelas bonaerenses\u201d. \u201cSe trata de un programa que ya hemos puesto en marcha en 815 instituciones, permitiendo alcanzar a 100 mil chicos y chicas, y que ahora va a sumar postas en 2.600 establecimientos educativos para seguir protegiendo a los estudiantes y a sus familias\u201d, a\u00f1adi\u00f3.<\/div>\n<div dir=\"ltr\"><\/div>\n<div dir=\"ltr\">En tanto, Magario subray\u00f3 que \u201cel descenso en el n\u00famero de internaciones tiene que ver con que la poblaci\u00f3n est\u00e1 vacunada, fruto del esfuerzo de un Gobierno que estuvo presente en los 135 distritos\u201d, al tiempo que inst\u00f3 a \u201cvacunar a los ni\u00f1os para que comiencen las clases y podamos garantizar que durante todo el ciclo lectivo la escuela sea un espacio social, de aprendizaje y conocimiento\u201d. \u201cFrente a la pandemia, la Provincia ha realizado un trabajo inmenso de acompa\u00f1amiento y revinculaci\u00f3n, invirtiendo para sumar un cuerpo de docentes que ayuden a recuperar los aprendizajes perdidos\u201d, sostuvo Sileoni y a\u00f1adi\u00f3: \u201cPara nosotros no hay chicas y chicos que est\u00e9n perdidos: en la Provincia tenemos la obligaci\u00f3n \u00e9tica y la voluntad pol\u00edtica de ir a buscarlos uno por uno\u201d.<\/div>\n<div dir=\"ltr\"><\/div>\n<div dir=\"ltr\">Respecto a la situaci\u00f3n epidemiol\u00f3gica, Kreplak indic\u00f3 que \u201choy tuvimos 42.664 casos en la Provincia, luego de una semana con un promedio de 44 mil casos diarios\u201d. \u201cEstamos en el pico de la tercera ola, empezando a notar una desaceleraci\u00f3n en el ritmo de crecimiento de los contagios y sosteniendo un desacople muy importante con los casos graves, gracias a la campa\u00f1a de vacunaci\u00f3n\u201d, remarc\u00f3.<\/div>\n<div dir=\"ltr\">El Ministro inform\u00f3 que la ocupaci\u00f3n de las camas de terapia intensiva es del 52,72%, siendo un 34,36% explicadas por causas de Covid-19. \u201cCon las medidas de cuidado y a partir de la campa\u00f1a de vacunaci\u00f3n, podemos sostener esta temporada de verano, ya que a pesar de que hay muchos casos, contamos con la capacidad de respuesta de nuestro sistema de salud\u201d, resalt\u00f3.<\/div>\n<div dir=\"ltr\"><\/div>\n<div dir=\"ltr\">M\u00e1s temprano, las autoridades provinciales mantuvieron un encuentro con empresarios del turismo, la gastronom\u00eda y la cultura en el Golf Club de Santa Teresita. Estas reuniones impulsadas por el gobernador Kicillof tienen como objetivo dar cuenta de los resultados de la temporada, as\u00ed como tambi\u00e9n el intercambio de experiencias que permitan sumar elementos de cara a la generaci\u00f3n de turismo durante todo el a\u00f1o.<\/div>\n<div dir=\"ltr\"><\/div>\n<div dir=\"ltr\">Por su parte, Costa hizo hincapi\u00e9 en que \u201cseguimos transitando una temporada r\u00e9cord, en la cual ya han visitado los diferentes destinos tur\u00edsticos de la provincia de Buenos Aires unos 5.400.000 turistas, un 18% m\u00e1s que el promedio de los \u00faltimos cinco a\u00f1os y el mayor registro de los \u00faltimos 10\u201d. \u201cVamos a seguir manteniendo reuniones de trabajo con prestadores tur\u00edsticos para escuchar sus demandas y cumplir con lo que necesita la Provincia: un Estado que acompa\u00f1a al sector privado y les brinda las condiciones para desarrollarse y crecer\u201d, manifest\u00f3.<\/div>\n<div dir=\"ltr\"><\/div>\n<div dir=\"ltr\">Girard se\u00f1al\u00f3 que \u201cen ARBA nos planteamos desde el inicio de la gesti\u00f3n hacer una campa\u00f1a de acompa\u00f1amiento con el foco puesto en combatir la evasi\u00f3n y mejorar el cumplimiento tributario\u201d. Con el objetivo de continuar acompa\u00f1ando el desarrollo de la temporada, el titular de la agencia de recaudaci\u00f3n bonaerense anunci\u00f3 \u201cuna bonificaci\u00f3n del 25% en el impuesto inmobiliario para el sector hotelero, que puede alcanzar el 45% con el pago anual; y la actualizaci\u00f3n del monto de facturaci\u00f3n anual para que las empresas sean agentes de recaudaci\u00f3n, que ascendi\u00f3 de 150 millones a 250 millones de pesos\u201d.<\/div>\n<div dir=\"ltr\"><\/div>\n<div dir=\"ltr\">Por su parte, el intendente Cardozo explic\u00f3 que \u201cen el municipio estamos teniendo una temporada r\u00e9cord, alcanzando los 2 millones de turistas y superando un 46% m\u00e1s de visitantes respecto de los a\u00f1os anteriores\u201d. \u201cEste es un verano que nunca olvidaremos, en el que los prestadores de servicios est\u00e1n trabajando un 30% m\u00e1s que en 2020, cuando todav\u00eda no hab\u00eda llegado la pandemia\u201d, sostuvo. En La Costa, el empleo registrado aument\u00f3 un 23% en relaci\u00f3n a 2020, al tiempo que desde agosto se abrieron 71 nuevos emprendimientos en rubros como la gastronom\u00eda y el entretenimiento.<\/div>\n<div dir=\"ltr\"><\/div>\n<div dir=\"ltr\">\u201cEstamos transitando una temporada hist\u00f3rica en todos los destinos tur\u00edsticos de la Provincia, gracias a la vacunaci\u00f3n y el trabajo coordinado desde el Estado para que este 2022 sea un a\u00f1o de recuperaci\u00f3n y transformaci\u00f3n\u201d, concluy\u00f3 Kicillof.<\/div>\n<div dir=\"ltr\"><\/div>\n<\/div>\n<\/div>\n<\/div>\n<\/div>\n<div class=\"H_7jIs D_F ab_C Q_69H5 E_36RhU\" data-test-id=\"toolbar-hover-area\">\n<div class=\"D_F W_6D6F r_BN gl_C\" data-test-id=\"card-toolbar\">\n<div class=\"D_F ab_C en_0 b_Z14vXdP e_3mS2U I_ZkbNhI P_Z1otBpf\">\n<div class=\"D_F cdPFi_Z1oI2WW cdPFi4_Z29WjXl\" data-test-id=\"popover-container\"><\/div>\n<\/div>\n<\/div>\n<\/div>\n","protected":false},"excerpt":{"rendered":"<p>VERANO EN LA PROVINCIA.<\/p>\n","protected":false},"author":3,"featured_media":16926,"comment_status":"open","ping_status":"open","sticky":false,"template":"","format":"standard","meta":{"footnotes":"","jetpack_publicize_message":"","jetpack_publicize_feature_enabled":true,"jetpack_social_post_already_shared":false,"jetpack_social_options":{"image_generator_settings":{"template":"highway","default_image_id":0,"font":"","enabled":false},"version":2}},"categories":[17],"tags":[1949,1151],"class_list":["post-16924","post","type-post","status-publish","format-standard","has-post-thumbnail","hentry","category-politica","tag-kiciillof","tag-vacunas"],"jetpack_publicize_connections":[],"jetpack_featured_media_url":"https:\/\/revistaepocadigital.com.ar\/wp-content\/uploads\/2022\/07\/kici-vacu.jpeg","jetpack_likes_enabled":true,"_links":{"self":[{"href":"https:\/\/revistaepocadigital.com.ar\/index.php?rest_route=\/wp\/v2\/posts\/16924","targetHints":{"allow":["GET"]}}],"collection":[{"href":"https:\/\/revistaepocadigital.com.ar\/index.php?rest_route=\/wp\/v2\/posts"}],"about":[{"href":"https:\/\/revistaepocadigital.com.ar\/index.php?rest_route=\/wp\/v2\/types\/post"}],"author":[{"embeddable":true,"href":"https:\/\/revistaepocadigital.com.ar\/index.php?rest_route=\/wp\/v2\/users\/3"}],"replies":[{"embeddable":true,"href":"https:\/\/revistaepocadigital.com.ar\/index.php?rest_route=%2Fwp%2Fv2%2Fcomments&post=16924"}],"version-history":[{"count":0,"href":"https:\/\/revistaepocadigital.com.ar\/index.php?rest_route=\/wp\/v2\/posts\/16924\/revisions"}],"wp:featuredmedia":[{"embeddable":true,"href":"https:\/\/revistaepocadigital.com.ar\/index.php?rest_route=\/wp\/v2\/media\/16926"}],"wp:attachment":[{"href":"https:\/\/revistaepocadigital.com.ar\/index.php?rest_route=%2Fwp%2Fv2%2Fmedia&parent=16924"}],"wp:term":[{"taxonomy":"category","embeddable":true,"href":"https:\/\/revistaepocadigital.com.ar\/index.php?rest_route=%2Fwp%2Fv2%2Fcategories&post=16924"},{"taxonomy":"post_tag","embeddable":true,"href":"https:\/\/revistaepocadigital.com.ar\/index.php?rest_route=%2Fwp%2Fv2%2Ftags&post=16924"}],"curies":[{"name":"wp","href":"https:\/\/api.w.org\/{rel}","templated":true}]}}